{"id":353133,"date":"2025-08-29T22:30:09","date_gmt":"2025-08-29T22:30:09","guid":{"rendered":"https:\/\/www.europesays.com\/fr\/353133\/"},"modified":"2025-08-29T22:30:09","modified_gmt":"2025-08-29T22:30:09","slug":"transfert-valide-pour-ce-buteur-le-psg-a-eu-tres-chaud","status":"publish","type":"post","link":"https:\/\/www.europesays.com\/fr\/353133\/","title":{"rendered":"Transfert valid\u00e9 pour ce buteur, le PSG a eu tr\u00e8s chaud !"},"content":{"rendered":"<p class=\"heading\">La saison derni\u00e8re, Arsenal et le PSG se sont affront\u00e9s en demi-finale de Ligue des champions. Une double confrontation qui a pench\u00e9 \u00e0 l\u2019avantage des Parisiens qui ont par la suite \u00e9cras\u00e9 l\u2019Inter Milan en finale (5-0). Selon Theo Walcott, les Gunners auraient pu se qualifier face \u00e0 Paris, si Viktor Gy\u00f6keres avait \u00e9t\u00e9 l\u00e0. <\/p>\n<p>Une place en finale de <strong>Ligue des champions <\/strong>peut parfois se jouer \u00e0 tr\u00e8s peu de choses. Pour<strong> Theo Walcott<\/strong>, cela aurait pu se jouer \u00e0 un joueur. En effet, l\u2019ancien attaquant d\u2019<strong>Arsenal<\/strong> a affirm\u00e9 en marge du tirage au sort pour la <strong>LDC<\/strong> que si les Gunners avaient pu compter sur <strong>Viktor Gy\u00f6keres<\/strong> la saison derni\u00e8re contre le <a href=\"https:\/\/le10sport.com\/football\/mercato\/psg-grande-annonce-luis-enrique-veut-boucler-le-transfert-dune-star-756067\" rel=\"nofollow noopener\" target=\"_blank\">PSG<\/a> en demi-finale, ils auraient s\u00fbrement \u00e9limin\u00e9 les Parisiens. Ses propos sont rapport\u00e9s par L\u2019\u00c9quipe. \u00ab\u00a0Je pense qu&rsquo;Arsenal sera tr\u00e8s satisfait du tirage. Ils vont vouloir se qualifier plus t\u00f4t, compar\u00e9 \u00e0 l&rsquo;ann\u00e9e derni\u00e8re. Je pense qu&rsquo;ils sont beaucoup mieux arm\u00e9s cette ann\u00e9e. Lorsque vous recrutez Viktor Gy\u00f6keres&#8230; Je sais que c&rsquo;est facile \u00e0 dire maintenant, mais avec lui, face au Paris Saint-Germain l&rsquo;ann\u00e9e derni\u00e8re, je crois qu&rsquo;ils auraient pu l&#8217;emporter. Parce que les attaquants font des choses que les autres joueurs ne font pas.\u00a0\u00bb <\/p>\n<p>                                            Gy\u00f6keres a rejoint Arsenal contre 76M\u20ac<\/p>\n<p>Cet \u00e9t\u00e9, <strong>Viktor Gy\u00f6keres<\/strong> \u00e9tait suivi par de nombreux grands clubs europ\u00e9ens. Le <strong>PSG<\/strong> \u00e9tait un temps int\u00e9ress\u00e9, mais c\u2019est finalement <strong>Arsenal<\/strong> qui a eu le dernier mot dans ce dossier en d\u00e9boursant pas moins de 76M\u20ac. Les Gunners esp\u00e8rent qu\u2019avec cette signature ils arriveront enfin \u00e0 remettre la main sur un titre en <strong>Premier League<\/strong>, mais \u00e9galement pourquoi pas \u00e0 remporter la premi\u00e8re<strong> Ligue des champions<\/strong> de leur histoire. <\/p>\n<p>                                            Arsenal est taill\u00e9 pour gagner selon Walcott<\/p>\n<p>Selon <strong>Theo Walcott<\/strong>, avec l\u2019arriv\u00e9e de <strong>Viktor<\/strong> <strong>Gy\u00f6keres<\/strong>, <strong>Arsenal<\/strong> peut remporter la <strong>Ligue des champions<\/strong> d\u00e8s cette saison et donc succ\u00e9der au <strong>PSG<\/strong>. \u00ab\u00a0Pour moi, c&rsquo;est un moment o\u00f9 Arsenal peut redevenir comp\u00e9titif. Il suffit de franchir une \u00e9tape suppl\u00e9mentaire et une fois en finale, on ne sait jamais ce qui peut se passer. D\u00e9sormais, ils ont de l&rsquo;exp\u00e9rience et savent ce qu&rsquo;il faut faire pour \u00eatre champions. C&rsquo;est la premi\u00e8re fois depuis de nombreuses ann\u00e9es qu&rsquo;ils sont arm\u00e9s pour gagner.\u00a0\u00bb<\/p>\n","protected":false},"excerpt":{"rendered":"La saison derni\u00e8re, Arsenal et le PSG se sont affront\u00e9s en demi-finale de Ligue des champions. Une double&hellip;\n","protected":false},"author":2,"featured_media":353134,"comment_status":"","ping_status":"","sticky":false,"template":"","format":"standard","meta":{"footnotes":""},"categories":[1586],"tags":[11,1777,674,1779,1011,27,12,25,1778,364],"class_list":{"0":"post-353133","1":"post","2":"type-post","3":"status-publish","4":"format-standard","5":"has-post-thumbnail","7":"category-europe","8":"tag-actualites","9":"tag-eu","10":"tag-europe","11":"tag-european-union","12":"tag-fr","13":"tag-france","14":"tag-news","15":"tag-republique-francaise","16":"tag-ue","17":"tag-union-europeenne"},"share_on_mastodon":{"url":"https:\/\/pubeurope.com\/@fr\/115114424697092173","error":""},"_links":{"self":[{"href":"https:\/\/www.europesays.com\/fr\/wp-json\/wp\/v2\/posts\/353133","targetHints":{"allow":["GET"]}}],"collection":[{"href":"https:\/\/www.europesays.com\/fr\/wp-json\/wp\/v2\/posts"}],"about":[{"href":"https:\/\/www.europesays.com\/fr\/wp-json\/wp\/v2\/types\/post"}],"author":[{"embeddable":true,"href":"https:\/\/www.europesays.com\/fr\/wp-json\/wp\/v2\/users\/2"}],"replies":[{"embeddable":true,"href":"https:\/\/www.europesays.com\/fr\/wp-json\/wp\/v2\/comments?post=353133"}],"version-history":[{"count":0,"href":"https:\/\/www.europesays.com\/fr\/wp-json\/wp\/v2\/posts\/353133\/revisions"}],"wp:featuredmedia":[{"embeddable":true,"href":"https:\/\/www.europesays.com\/fr\/wp-json\/wp\/v2\/media\/353134"}],"wp:attachment":[{"href":"https:\/\/www.europesays.com\/fr\/wp-json\/wp\/v2\/media?parent=353133"}],"wp:term":[{"taxonomy":"category","embeddable":true,"href":"https:\/\/www.europesays.com\/fr\/wp-json\/wp\/v2\/categories?post=353133"},{"taxonomy":"post_tag","embeddable":true,"href":"https:\/\/www.europesays.com\/fr\/wp-json\/wp\/v2\/tags?post=353133"}],"curies":[{"name":"wp","href":"https:\/\/api.w.org\/{rel}","templated":true}]}}