{"id":353143,"date":"2025-08-29T22:36:23","date_gmt":"2025-08-29T22:36:23","guid":{"rendered":"https:\/\/www.europesays.com\/fr\/353143\/"},"modified":"2025-08-29T22:36:23","modified_gmt":"2025-08-29T22:36:23","slug":"rugby-scapulaire-temo-matiu-le-joueur-a-suivre-pour-rugbyrama","status":"publish","type":"post","link":"https:\/\/www.europesays.com\/fr\/353143\/","title":{"rendered":"Rugby Scapulaire &#8211; Temo Matiu, le joueur \u00e0 suivre pour Rugbyrama"},"content":{"rendered":"<p>\u00a0<\/p>\n<p>Dans le cadre de sa pr\u00e9sentation de l\u2019Union Bordeaux-B\u00e8gles pour<br \/>\nla saison \u00e0 venir, la r\u00e9daction de <a href=\"https:\/\/www.rugbyrama.fr\/2025\/08\/23\/top-14-saga-bordeaux-begles-faire-aussi-bien-que-la-saison-derniere-voire-mieux-lubb-se-veut-conquerante-12888871.php\" rel=\"nofollow noopener\" target=\"_blank\"><br \/>\nRugbyrama<\/a>, a<br \/>\nchoisi un joueur \u00e0 suivre. Il s\u2019agit de notre jeune troisi\u00e8me<br \/>\nligne, <strong>Temo Matiu<\/strong>, qui s\u2019\u00e9tait d\u00e9j\u00e0 mis en<br \/>\n\u00e9vidence la saison pass\u00e9e :<\/p>\n<blockquote>\n<p>\u201cIl est arriv\u00e9 en Gironde il y a un an, avec l\u2019\u00e9tiquette d\u2019un<br \/>\npetit ph\u00e9nom\u00e8ne. <strong>Temo Matiu<\/strong> s\u2019\u00e9tait r\u00e9v\u00e9l\u00e9 en<br \/>\nl\u2019espace de deux saisons \u00e0 Biarritz avec une derni\u00e8re saison \u00e0 26<br \/>\nmatchs de Pro D2 (dont 23 comme titulaire). Il \u00e9tait servi par son<br \/>\nparcours un peu baroque, fils d\u2019un ancien international, certes<br \/>\n(<strong>Legi Matiu<\/strong>). Mais en m\u00eame temps, ancien<br \/>\nbasketteur jusqu\u2019\u00e0 19 ans avant de se retrouver chez les espoirs du<br \/>\nBO en 2021 et de griller toutes les \u00e9tapes. Premier match<br \/>\nprofessionnel en novembre 2022 et ce d\u00e9part pour Bordeaux \u00e0 l\u2019\u00e9t\u00e9<br \/>\n2024, alors qu\u2019il \u00e9tait encore sous contrat et que les Biarrots<br \/>\nencore dirig\u00e9s par <strong>Jean-Baptiste Aldig\u00e9<\/strong><br \/>\ndemandaient une certaine somme. Montpellier aussi le voulait, mais<br \/>\nil a finalement mis le cap au nord, accompagn\u00e9 du Sud-Africain<br \/>\n<strong>Tiaan Jacobs<\/strong>. Sa premi\u00e8re saison ne fut pas<br \/>\nn\u00e9gative. Il a jou\u00e9 21 matchs (Top 14 et Champions Cup) dont onze<br \/>\ncomme titulaire. Et en plus, en novembre, il a \u00e9t\u00e9 appel\u00e9 pour un<br \/>\nrassemblement du XV de France, lui-m\u00eame n\u2019esp\u00e9rait pas promotion<br \/>\naussi rapide. Il ne lui a finalement manqu\u00e9 qu\u2019une place sur la<br \/>\nfeuille des matchs de phase finale. Mais on a l\u2019impression que ce<br \/>\nsera, en principe, pour la saison qui commence. Tr\u00e8s a\u00e9rien, et<br \/>\ntr\u00e8s rapide, ses atouts sont trop \u00e9clatants pour qu\u2019il en soit<br \/>\nautrement\u201d.<\/p>\n<\/blockquote>\n","protected":false},"excerpt":{"rendered":"\u00a0 Dans le cadre de sa pr\u00e9sentation de l\u2019Union Bordeaux-B\u00e8gles pour la saison \u00e0 venir, la r\u00e9daction de&hellip;\n","protected":false},"author":2,"featured_media":353144,"comment_status":"","ping_status":"","sticky":false,"template":"","format":"standard","meta":{"footnotes":""},"categories":[1416],"tags":[1011,27,479,1468,60],"class_list":{"0":"post-353143","1":"post","2":"type-post","3":"status-publish","4":"format-standard","5":"has-post-thumbnail","7":"category-rugby","8":"tag-fr","9":"tag-france","10":"tag-rugby","11":"tag-rugby-football","12":"tag-sports"},"share_on_mastodon":{"url":"https:\/\/pubeurope.com\/@fr\/115114448304381503","error":""},"_links":{"self":[{"href":"https:\/\/www.europesays.com\/fr\/wp-json\/wp\/v2\/posts\/353143","targetHints":{"allow":["GET"]}}],"collection":[{"href":"https:\/\/www.europesays.com\/fr\/wp-json\/wp\/v2\/posts"}],"about":[{"href":"https:\/\/www.europesays.com\/fr\/wp-json\/wp\/v2\/types\/post"}],"author":[{"embeddable":true,"href":"https:\/\/www.europesays.com\/fr\/wp-json\/wp\/v2\/users\/2"}],"replies":[{"embeddable":true,"href":"https:\/\/www.europesays.com\/fr\/wp-json\/wp\/v2\/comments?post=353143"}],"version-history":[{"count":0,"href":"https:\/\/www.europesays.com\/fr\/wp-json\/wp\/v2\/posts\/353143\/revisions"}],"wp:featuredmedia":[{"embeddable":true,"href":"https:\/\/www.europesays.com\/fr\/wp-json\/wp\/v2\/media\/353144"}],"wp:attachment":[{"href":"https:\/\/www.europesays.com\/fr\/wp-json\/wp\/v2\/media?parent=353143"}],"wp:term":[{"taxonomy":"category","embeddable":true,"href":"https:\/\/www.europesays.com\/fr\/wp-json\/wp\/v2\/categories?post=353143"},{"taxonomy":"post_tag","embeddable":true,"href":"https:\/\/www.europesays.com\/fr\/wp-json\/wp\/v2\/tags?post=353143"}],"curies":[{"name":"wp","href":"https:\/\/api.w.org\/{rel}","templated":true}]}}