{"id":353157,"date":"2025-08-29T22:45:17","date_gmt":"2025-08-29T22:45:17","guid":{"rendered":"https:\/\/www.europesays.com\/fr\/353157\/"},"modified":"2025-08-29T22:45:17","modified_gmt":"2025-08-29T22:45:17","slug":"julie-brafman-camille-leyvraz-julia-sintzen-liberation","status":"publish","type":"post","link":"https:\/\/www.europesays.com\/fr\/353157\/","title":{"rendered":"Julie Brafman, Camille Leyvraz, Julia Sintzen&#8230; \u2013 Lib\u00e9ration"},"content":{"rendered":"<p class=\"sc-ksZaOG ehjQrN text-element\">Yann Andr\u00e9a, n\u00e9 Yann Lem\u00e9e, a v\u00e9cu seize ans, de 1980 \u00e0 1996, au c\u00f4t\u00e9 de Marguerite Duras et dans ses livres. Avant et apr\u00e8s, qui est-il ? Julie Brafman, journaliste \u00e0 Lib\u00e9ration, enqu\u00eate avant m\u00eame d\u2019avoir abord\u00e9 le continent durassien. Elle se rattrape \u00e0 l\u2019Institut M\u00e9moires de l\u2019\u00e9dition contemporaine (Imec), o\u00f9 elle d\u00e9couvre les manuscrits \u00abrapi\u00e9c\u00e9s\u00bb et un fantastique courrier des lecteurs. A Caen, o\u00f9 Yann Lem\u00e9e, n\u00e9 en 1952, a v\u00e9cu, on lui parle du dandy du lyc\u00e9e Malherbe, de Duras au Lux, le cin\u00e9ma d\u2019art et essai, en 1975, de celui \u00abqui disait \u00e0 tout le monde qu\u2019il passerait sa vie avec un \u00e9crivain, Barthes ou Duras\u00bb. Cela a failli \u00eatre Barthes, c\u2019est Duras, il a 28 ans et elle 66. Deux protagonistes apparaissent ici : la s\u0153ur cadette, Pascale Lem\u00e9e, morte seule, comme Yann et comme leur fr\u00e8re a\u00een\u00e9. Et puis \u00abF.\u00bb, un professeur de sociologie italien, mari\u00e9 et p\u00e8re de famille, amant devenu un ind\u00e9fectible soutien, jusqu\u2019au jour de 2012 o\u00f9 il \u00e9crit \u00e0 la famille qu\u2019il ne peut plus rien faire. Cette lettre est un des documents reproduits par l\u2019autrice qui a eu acc\u00e8s \u00e0 des archives aussi in\u00e9dites qu\u2019impr\u00e9vues, rescap\u00e9es du \u00abtombeau de d\u00e9chets\u00bb dans lequel a \u00e9t\u00e9 retrouv\u00e9 le cadavre de Yann Andr\u00e9a en juillet 2014. Et, rest\u00e9s dans une cave, les carnets qui ont fourni la mati\u00e8re de C\u2019est tout en 1995 ressurgissent. <b>Cl.D.<\/b> <\/p>\n<p class=\"sc-ksZaOG ehjQrN text-element\">C\u2019est un r\u00e9cit du genre rude, tellurique, entre \u00eatres frustes chauss\u00e9s de sabots. Un monde rural archa\u00efque, id\u00e9alement or<\/p>\n","protected":false},"excerpt":{"rendered":"Yann Andr\u00e9a, n\u00e9 Yann Lem\u00e9e, a v\u00e9cu seize ans, de 1980 \u00e0 1996, au c\u00f4t\u00e9 de Marguerite Duras&hellip;\n","protected":false},"author":2,"featured_media":353158,"comment_status":"","ping_status":"","sticky":false,"template":"","format":"standard","meta":{"footnotes":""},"categories":[1357],"tags":[1379,10488,58,59,1011,27,1380],"class_list":{"0":"post-353157","1":"post","2":"type-post","3":"status-publish","4":"format-standard","5":"has-post-thumbnail","7":"category-livres","8":"tag-books","9":"tag-cahier-livres","10":"tag-divertissement","11":"tag-entertainment","12":"tag-fr","13":"tag-france","14":"tag-livres"},"share_on_mastodon":{"url":"https:\/\/pubeurope.com\/@fr\/115114483684265199","error":""},"_links":{"self":[{"href":"https:\/\/www.europesays.com\/fr\/wp-json\/wp\/v2\/posts\/353157","targetHints":{"allow":["GET"]}}],"collection":[{"href":"https:\/\/www.europesays.com\/fr\/wp-json\/wp\/v2\/posts"}],"about":[{"href":"https:\/\/www.europesays.com\/fr\/wp-json\/wp\/v2\/types\/post"}],"author":[{"embeddable":true,"href":"https:\/\/www.europesays.com\/fr\/wp-json\/wp\/v2\/users\/2"}],"replies":[{"embeddable":true,"href":"https:\/\/www.europesays.com\/fr\/wp-json\/wp\/v2\/comments?post=353157"}],"version-history":[{"count":0,"href":"https:\/\/www.europesays.com\/fr\/wp-json\/wp\/v2\/posts\/353157\/revisions"}],"wp:featuredmedia":[{"embeddable":true,"href":"https:\/\/www.europesays.com\/fr\/wp-json\/wp\/v2\/media\/353158"}],"wp:attachment":[{"href":"https:\/\/www.europesays.com\/fr\/wp-json\/wp\/v2\/media?parent=353157"}],"wp:term":[{"taxonomy":"category","embeddable":true,"href":"https:\/\/www.europesays.com\/fr\/wp-json\/wp\/v2\/categories?post=353157"},{"taxonomy":"post_tag","embeddable":true,"href":"https:\/\/www.europesays.com\/fr\/wp-json\/wp\/v2\/tags?post=353157"}],"curies":[{"name":"wp","href":"https:\/\/api.w.org\/{rel}","templated":true}]}}