{"id":353163,"date":"2025-08-29T22:48:13","date_gmt":"2025-08-29T22:48:13","guid":{"rendered":"https:\/\/www.europesays.com\/fr\/353163\/"},"modified":"2025-08-29T22:48:13","modified_gmt":"2025-08-29T22:48:13","slug":"voici-les-4-films-a-voir-absolument-au-cine-ce-week-end-4","status":"publish","type":"post","link":"https:\/\/www.europesays.com\/fr\/353163\/","title":{"rendered":"Voici les 4 films \u00e0 voir absolument au cin\u00e9 ce week-end"},"content":{"rendered":"<p>Le soleil dispara\u00eet et la rentr\u00e9e se profile\u2026 Rien ne vaut une bonne sortie cin\u00e9 pour oublier tout cela. Prenez un peu de temps pour vous et partez, le temps de quelques heures, dans un autre univers. Seul ou avec vos amis, votre famille ou l\u2019\u00e9lu de votre c\u0153ur, il est toujours bon de s\u2019offrir une sortie cin\u00e9.<\/p>\n<p>   Pris au pi\u00e8ge <\/p>\n<p>     <a href=\"https:\/\/www.youtube.com\/@PressecitronHD?sub_confirmation=1\" target=\"_blank\" rel=\"nofollow noopener\">         S&rsquo;abonner \u00e0 Presse-citron     <\/a> <\/p>\n<p>Apr\u00e8s Black Swan, Requiem for a Dream ou plus r\u00e9cemment <a href=\"https:\/\/www.presse-citron.net\/the-whale-quel-est-ce-film-bouleversant-avec-brendan-fraser\/\" target=\"_blank\" rel=\"noopener\">The Whale<\/a>, Daren Aronofsky revient avec un thriller qui d\u00e9pote. Avec Pris au pi\u00e8ge, le r\u00e9alisateur sort de sa zone de confort et cela fonctionne. Les spectateurs d\u2019AlloCin\u00e9 sont enthousiastes, avec la note de 3,9 sur 5, tandis que la presse appr\u00e9cie le film avec la moyenne de 3,3.<\/p>\n<p>Le long m\u00e9trage nous invite \u00e0 suivre Hank Thompson, un jeune homme tout ce qu\u2019il y a de plus normal. Mais tout se complique quand il doit s\u2019occuper du chat de son voisin punk Russ. Sans crier gare, voil\u00e0 Hank pris au pi\u00e8ge (c\u2019est le cas de le dire) au milieu d\u2019une bande h\u00e9t\u00e9roclite de redoutables gangsters qui veulent tous sa peau, sans qu\u2019il sache pourquoi. Hank va devoir mobiliser toute son \u00e9nergie et rester en vie suffisamment longtemps pour comprendre et leur \u00e9chapper.<\/p>\n<p>L\u2019intrigue est palpitante, le casting est impeccable (avec Austin Butler, Zoe Kravitz, Regina King, Matt Smith et m\u00eame Bad Bunny), le rythme est effr\u00e9n\u00e9, la mise en sc\u00e8ne est solide. De quoi passer un bon moment.<\/p>\n<p> Le Roi Soleil <\/p>\n<p>Pr\u00e9sent\u00e9 en S\u00e9ance de Minuit au Festival de Cannes en main dernier, Le Roi Soleil prend aux tripes. Ce huis clos fran\u00e7ais va vous tenir en haleine jusqu\u2019\u00e0 la fin. Dans un bar-pmu aux abords de Paris, alors que le soleil pointe le bout de son nez, un homme gagne au lot, se fait braquer et meurt. Les personnes pr\u00e9sentes sont face \u00e0 un cas de conscience\u00a0: et si on inventait une histoire pour garder le gros lot et se le partager en toute d\u00e9tente\u00a0? Mais vous l\u2019imaginez bien, cela ne sera pas aussi simple.<\/p>\n<p>Si vous aimez les intrigues captivante et les huis clos, vous allez adorer Le Roi Soleil. Avec une petite touche de cynisme et d\u2019humour noir, c\u2019est un film \u00e0 d\u00e9couvrir d\u00e8s maintenant dans les salles obscures.<\/p>\n<p> La guerre des Rose <\/p>\n<p>\u00c7a barde s\u00e9v\u00e8re entre Olivia Colman (The Crown) et Benedict Cumberbatch (Sherlock). Les deux acteurs partagent l\u2019affiche du p\u00e9tillant et acidul\u00e9 La guerre des Rose. Ils incarnent un couple qui semble parfait et \u00e0 qui tout r\u00e9ussi. Leurs carri\u00e8res sont couronn\u00e9es de succ\u00e8s, leur mariage est \u00e9panoui, leurs enfants sont formidables. Oui mais sous les apparences de cette vie id\u00e9ale et bien calme, une temp\u00eate se pr\u00e9pare. Quand la carri\u00e8re de Theo s\u2019\u00e9croule et que celle d\u2019Ivy d\u00e9colle, leurs ressentiments et leur rivalit\u00e9 jusque-l\u00e0 \u00e9touff\u00e9s vont bient\u00f4t exploser. Jouissif.<\/p>\n<p>Le duo form\u00e9 par Olivia Colman et Benedict Cumberbatch fonctionne \u00e0 la perfection et offre un peu de fra\u00eecheur. Parfait pour finir l\u2019\u00e9t\u00e9 en beaut\u00e9.<\/p>\n<p> En premi\u00e8re ligne <\/p>\n<p>Apr\u00e8s La Salle des profs, Leonie Benesch est \u00e0 l\u2019affiche du film En premi\u00e8re ligne dans lequel elle incarne une infirmi\u00e8re d\u00e9vou\u00e9e face au rythme implacable d\u2019un service hospitalier en sous-effectif. Malgr\u00e9 le manque de moyens, Floria fait son possible pour apporter humanit\u00e9 et chaleur \u00e0 chacun de ses patients. Mais les heures passent, les demandes sont de plus en plus pressantes et, malgr\u00e9 son professionnalisme, la situation commence dangereusement \u00e0 lui \u00e9chapper.<\/p>\n<p>Sous tension, En premi\u00e8re ligne marque les esprits et conquiert aussi bien les spectateurs d\u2019AlloCin\u00e9 (4,1 sur 5) que la presse (3,5 sur 5). Le long m\u00e9trage est puissant et visc\u00e9ral.<\/p>\n<blockquote>\n<p class=\"text-base text-neutral-700 dark:text-neutral-300\">\ud83d\udccd Pour ne manquer aucune actualit\u00e9 de Presse-citron, suivez-nous sur <a href=\"https:\/\/news.google.com\/publications\/CAAqBggKMIPiNTC70wU?hl=fr&amp;gl=FR&amp;ceid=FR%3Afr\" target=\"_blank\" rel=\"noopener\">Google Actualit\u00e9s<\/a> et <a href=\"https:\/\/whatsapp.com\/channel\/0029VaCkGuz4NViitBXbEr0b\" target=\"_blank\" rel=\"noopener\">WhatsApp<\/a>.<\/p>\n<\/blockquote>\n","protected":false},"excerpt":{"rendered":"Le soleil dispara\u00eet et la rentr\u00e9e se profile\u2026 Rien ne vaut une bonne sortie cin\u00e9 pour oublier tout&hellip;\n","protected":false},"author":2,"featured_media":353164,"comment_status":"","ping_status":"","sticky":false,"template":"","format":"standard","meta":{"footnotes":""},"categories":[1354],"tags":[58,59,1346,1011,27,3666,1360],"class_list":{"0":"post-353163","1":"post","2":"type-post","3":"status-publish","4":"format-standard","5":"has-post-thumbnail","7":"category-films","8":"tag-divertissement","9":"tag-entertainment","10":"tag-films","11":"tag-fr","12":"tag-france","13":"tag-guide-cine","14":"tag-movies"},"share_on_mastodon":{"url":"https:\/\/pubeurope.com\/@fr\/115114495412166324","error":""},"_links":{"self":[{"href":"https:\/\/www.europesays.com\/fr\/wp-json\/wp\/v2\/posts\/353163","targetHints":{"allow":["GET"]}}],"collection":[{"href":"https:\/\/www.europesays.com\/fr\/wp-json\/wp\/v2\/posts"}],"about":[{"href":"https:\/\/www.europesays.com\/fr\/wp-json\/wp\/v2\/types\/post"}],"author":[{"embeddable":true,"href":"https:\/\/www.europesays.com\/fr\/wp-json\/wp\/v2\/users\/2"}],"replies":[{"embeddable":true,"href":"https:\/\/www.europesays.com\/fr\/wp-json\/wp\/v2\/comments?post=353163"}],"version-history":[{"count":0,"href":"https:\/\/www.europesays.com\/fr\/wp-json\/wp\/v2\/posts\/353163\/revisions"}],"wp:featuredmedia":[{"embeddable":true,"href":"https:\/\/www.europesays.com\/fr\/wp-json\/wp\/v2\/media\/353164"}],"wp:attachment":[{"href":"https:\/\/www.europesays.com\/fr\/wp-json\/wp\/v2\/media?parent=353163"}],"wp:term":[{"taxonomy":"category","embeddable":true,"href":"https:\/\/www.europesays.com\/fr\/wp-json\/wp\/v2\/categories?post=353163"},{"taxonomy":"post_tag","embeddable":true,"href":"https:\/\/www.europesays.com\/fr\/wp-json\/wp\/v2\/tags?post=353163"}],"curies":[{"name":"wp","href":"https:\/\/api.w.org\/{rel}","templated":true}]}}