{"id":353169,"date":"2025-08-29T22:51:12","date_gmt":"2025-08-29T22:51:12","guid":{"rendered":"https:\/\/www.europesays.com\/fr\/353169\/"},"modified":"2025-08-29T22:51:12","modified_gmt":"2025-08-29T22:51:12","slug":"ariane-enceinte-que-va-t-il-se-passer-ensuit","status":"publish","type":"post","link":"https:\/\/www.europesays.com\/fr\/353169\/","title":{"rendered":"Ariane enceinte, que va-t-il se passer ensuit &#8230;"},"content":{"rendered":"<p>EN BREF<\/p>\n<ul class=\"bloc_resume_post_list\">\n<li>Le 28 ao\u00fbt, Ariane Hersant, jou\u00e9e par Lola Marois,<br \/>\nd\u00e9couvre sa grossesse dans Plus belle la vie.<\/li>\n<li>\u00c0 41 ans, sous contraceptif, Ariane choisit de rompre<br \/>\navec Djawad apr\u00e8s avoir appris sa grossesse.<\/li>\n<li>Lola Marois exprime son enthousiasme pour ce tournant<br \/>\nsc\u00e9naristique inattendu et complexe pour Ariane.<\/li>\n<\/ul>\n<p data-start=\"487\" data-end=\"973\">\u00c0 chaque semaine son lot de<br \/>\nrebondissements dans <a href=\"https:\/\/www.telestar.fr\/serie_tv\/pblv\/plus-belle-la-vie-apres-michel-cordes-et-marwan-berreni-un-nouveau-suicide-frappe-la-serie-1734979\" target=\"_blank\" rel=\"noopener\"><br \/>\nPlus belle la vie, encore plus<br \/>\nbelle<\/a>. Ce jeudi 28 ao\u00fbt, les t\u00e9l\u00e9spectateurs de <a href=\"https:\/\/www.telestar.fr\/tele_realite\/adp\/lamour-est-dans-le-pre-karine-le-marchand-envoie-un-tacle-bien-senti-a-tf1-1736125\" target=\"_blank\" rel=\"noopener\"><br \/>\nTF1<\/a> ont d\u00e9couvert une nouvelle qui va bouleverser la vie<br \/>\nd\u2019Ariane Hersant, la polici\u00e8re au caract\u00e8re bien tremp\u00e9 jou\u00e9e par<br \/>\nLola Marois. Alors qu\u2019elle jongle d\u00e9j\u00e0 entre ses enqu\u00eates,<br \/>\n<strong>son histoire d\u2019amour avec Djawad<\/strong> (<a href=\"https:\/\/www.telestar.fr\/serie-tv\/pblv\/info-telestar-david-baiot-fait-son-grand-retour-dans-plus-belle-la-vie-392625\" target=\"_blank\" rel=\"noopener\">David<br \/>\nBaiot<\/a>) et sa relation fragile avec sa fille Zo\u00e9 (Manon<br \/>\nChevallier), Ariane vient d\u2019apprendre <strong>qu\u2019elle est<br \/>\nenceinte<\/strong> de trois semaines.<\/p>\n<p data-start=\"975\" data-end=\"1390\">Une r\u00e9v\u00e9lation faite par le<br \/>\ndocteur Riva, qui la plonge imm\u00e9diatement dans le d\u00e9ni. \u00c0 41 ans,<br \/>\nalors qu\u2019elle est sous contraceptif et pleinement investie dans son<br \/>\ntravail, elle n\u2019avait pas imagin\u00e9 ce sc\u00e9nario. Et quand elle<br \/>\nd\u00e9couvre que <a href=\"https:\/\/www.telestar.fr\/serie_tv\/plus-belle-la-vie-ariane-et-djawad-en-couple-avec-la-langue-ca-a-pu-deraper-1691320\" target=\"_blank\" rel=\"noopener\"><br \/>\nDjawad<\/a> lui a menti, elle pr\u00e9f\u00e8re rompre plut\u00f4t que de lui<br \/>\nannoncer la nouvelle. Alors, <strong>quel avenir pour Ariane<br \/>\n?<\/strong> La compagne de <a href=\"https:\/\/www.telestar.fr\/people\/jean-marie-bigard-contraint-dannuler-plusieurs-spectacles-apres-un-accident-1719761\" target=\"_blank\" rel=\"noopener\"><br \/>\nJean-Marie Bigard<\/a> a r\u00e9pondu sans d\u00e9tour en exclusivit\u00e9 pour<br \/>\nDiverto.<\/p>\n<p>Lola Marois, alias Arianne<br \/>\ndans Plus belle la vie : \u00ab\u00a0Elle a tr\u00e8s peur de&#8230;\u00a0\u00bb<\/p>\n<p data-start=\"1453\" data-end=\"1769\">Interrog\u00e9e sur ce choc<br \/>\ninattendu, <a href=\"https:\/\/www.telestar.fr\/people\/un-realisateur-ma-lola-marois-a-frole-le-drame-mais-ne-sest-pas-laissee-faire-1723526\" target=\"_blank\" rel=\"noopener\"><br \/>\nLola Marois<\/a> explique : \u00ab\u00a0Je pense qu\u2019elle a tr\u00e8s peur d\u2019\u00e9corner sa relation avec sa<br \/>\nfille Zo\u00e9. Avec Djawad, c\u2019est quand m\u00eame assez animal, fusionnel,<br \/>\nc\u2019est une relation bas\u00e9e <strong>sur le conflit et la<br \/>\npassion\u2026<\/strong> C\u2019est assez \u00e9lectrique et elle a une aversion<br \/>\npour le couple \u00ab\u00a0plan-plan&rsquo;.\u00a0\u00bb<\/p>\n<p data-start=\"1771\" data-end=\"2472\">Pour l\u2019actrice, cette<br \/>\ngrossesse tombe donc au pire moment : \u00ab\u00a0Elle a 41 ans, elle ne se sent <strong>pas du tout<br \/>\npr\u00eate \u00e0 accueillir un b\u00e9b\u00e9<\/strong>, elle adore son travail\u2026 Pour<br \/>\nl\u2019instant, \u00e7a ne va pas avec les codes qui sont les siens.\u00a0\u00bb<br \/>\nMais ce n\u2019est pas seulement sa vie amoureuse qu\u2019Ariane redoute de<br \/>\nchambouler. La polici\u00e8re craint surtout la r\u00e9action de sa fille.<br \/>\n\u00ab\u00a0Elle a peur, quand m\u00eame un<br \/>\npetit peu, que \u00e7a d\u00e9plaise \u00e0 Zo\u00e9. Elle a toujours l\u2019impression que<br \/>\nle lien entre elles est fragile et qu\u2019il est en construction<br \/>\nperp\u00e9tuelle. Elle conna\u00eet le caract\u00e8re tr\u00e8s volcanique de sa fille,<br \/>\nqui lui rappelle le sien donc je pense qu\u2019elle appr\u00e9hende tout \u00e7a,<br \/>\npour elle, c\u2019est <strong>une esp\u00e8ce de tsunami<\/strong> dans sa<br \/>\nvie.\u00a0\u00bb<\/p>\n<p>Lola<br \/>\nMarois tr\u00e8s enthousiaste<\/p>\n<p data-start=\"2527\" data-end=\"2907\">Si Ariane est dans le<br \/>\ntourment, Lola Marois, elle, se r\u00e9jouit de ce nouveau virage<br \/>\nsc\u00e9naristique. \u00ab\u00a0J\u2019\u00e9tais super<br \/>\nexcit\u00e9e \u00e0 l\u2019id\u00e9e qu\u2019on me fasse jouer \u00e7a, je trouve \u00e7a g\u00e9nial<br \/>\nd\u2019avoir un b\u00e9b\u00e9. Quand la productrice me l\u2019a annonc\u00e9, j\u2019\u00e9tais tr\u00e8s<br \/>\ncontente et tr\u00e8s excit\u00e9e de relever ce nouveau d\u00e9fi pour mon<br \/>\npersonnage. Honn\u00eatement, je n\u2019avais pas du tout pens\u00e9 \u00e0 \u00e7a pour<br \/>\nAriane !\u00a0\u00bb Mais qu\u2019en est-il de sa relation avec Djawad,<br \/>\nd\u00e9sormais rompue ? \u00ab\u00a0C\u2019est s\u00fbr<br \/>\nqu\u2019il y a <strong>de l\u2019amour entre ces deux-l\u00e0,<\/strong> il y a<br \/>\nbeaucoup de passion, mais on conna\u00eet le caract\u00e8re d\u2019Ariane, donc je<br \/>\nne saurais pas trop quoi vous dire\u2026 \u00c0 part que \u00e7a ne va pas \u00eatre<br \/>\nsimple (rire).\u00a0\u00bb De quoi laisser les fans dans l\u2019attente<br \/>\nd\u2019\u00e9pisodes charg\u00e9s en rebondissements.<\/p>\n<p data-start=\"3265\" data-end=\"3673\">Quant \u00e0 savoir si cette<br \/>\ngrossesse adoucira le caract\u00e8re volcanique de la polici\u00e8re, Lola<br \/>\nMarois reste prudente : \u00ab\u00a0Je<br \/>\nne sais pas\u2026 Je pense qu\u2019elle pourrait acc\u00e9der \u00e0 des \u00e9motions,<br \/>\npeut-\u00eatre, mais dans son travail, je ne suis pas s\u00fbre que \u00e7a<br \/>\nl\u2019assagisse. Il n\u2019y a pas grand-chose qui l\u2019assagit de toute fa\u00e7on,<br \/>\nelle est tr\u00e8s sensible, extr\u00eamement t\u00eatue, souvent en dehors des<br \/>\ncodes de ce qu\u2019il faut faire.\u00a0\u00bb Une chose est s\u00fbre : cette<br \/>\nnouvelle intrigue ne manquera pas <strong>d\u2019alimenter les<br \/>\ndiscussions des fid\u00e8les<\/strong> de Plus belle la vie.<\/p>\n","protected":false},"excerpt":{"rendered":"EN BREF Le 28 ao\u00fbt, Ariane Hersant, jou\u00e9e par Lola Marois, d\u00e9couvre sa grossesse dans Plus belle la&hellip;\n","protected":false},"author":2,"featured_media":353170,"comment_status":"","ping_status":"","sticky":false,"template":"","format":"standard","meta":{"footnotes":""},"categories":[8],"tags":[548,58,59,1011,27,7871,1368],"class_list":{"0":"post-353169","1":"post","2":"type-post","3":"status-publish","4":"format-standard","5":"has-post-thumbnail","7":"category-divertissement","8":"tag-article-simple","9":"tag-divertissement","10":"tag-entertainment","11":"tag-fr","12":"tag-france","13":"tag-lola-marois","14":"tag-plus-belle-la-vie"},"share_on_mastodon":{"url":"https:\/\/pubeurope.com\/@fr\/115114507244509545","error":""},"_links":{"self":[{"href":"https:\/\/www.europesays.com\/fr\/wp-json\/wp\/v2\/posts\/353169","targetHints":{"allow":["GET"]}}],"collection":[{"href":"https:\/\/www.europesays.com\/fr\/wp-json\/wp\/v2\/posts"}],"about":[{"href":"https:\/\/www.europesays.com\/fr\/wp-json\/wp\/v2\/types\/post"}],"author":[{"embeddable":true,"href":"https:\/\/www.europesays.com\/fr\/wp-json\/wp\/v2\/users\/2"}],"replies":[{"embeddable":true,"href":"https:\/\/www.europesays.com\/fr\/wp-json\/wp\/v2\/comments?post=353169"}],"version-history":[{"count":0,"href":"https:\/\/www.europesays.com\/fr\/wp-json\/wp\/v2\/posts\/353169\/revisions"}],"wp:featuredmedia":[{"embeddable":true,"href":"https:\/\/www.europesays.com\/fr\/wp-json\/wp\/v2\/media\/353170"}],"wp:attachment":[{"href":"https:\/\/www.europesays.com\/fr\/wp-json\/wp\/v2\/media?parent=353169"}],"wp:term":[{"taxonomy":"category","embeddable":true,"href":"https:\/\/www.europesays.com\/fr\/wp-json\/wp\/v2\/categories?post=353169"},{"taxonomy":"post_tag","embeddable":true,"href":"https:\/\/www.europesays.com\/fr\/wp-json\/wp\/v2\/tags?post=353169"}],"curies":[{"name":"wp","href":"https:\/\/api.w.org\/{rel}","templated":true}]}}