{"id":353171,"date":"2025-08-29T22:52:10","date_gmt":"2025-08-29T22:52:10","guid":{"rendered":"https:\/\/www.europesays.com\/fr\/353171\/"},"modified":"2025-08-29T22:52:10","modified_gmt":"2025-08-29T22:52:10","slug":"comment-la-vie-a-t-elle-commence-a-proliferer-sur-terre","status":"publish","type":"post","link":"https:\/\/www.europesays.com\/fr\/353171\/","title":{"rendered":"Comment la vie a-t-elle commenc\u00e9 \u00e0 prolif\u00e9rer sur Terre\u00a0?"},"content":{"rendered":"<p><strong>D\u00c9CRYPTAGE<\/strong> &#8211; Des chimistes expliquent la fa\u00e7on dont l\u2019ARN a pu commencer \u00e0 se dupliquer sur la Terre primitive, il y a quelque 4\u00a0milliards d\u2019ann\u00e9es.<\/p>\n<p class=\"fig-paragraph\">Comment\u00a0<a href=\"http:\/\/www.lefigaro.fr\/sciences\/ces-nouveaux-indices-qui-montrent-que-la-vie-a-peut-etre-existe-sur-mars-20250324\" data-fig-type=\"Article\" data-gtm-custom-categorie=\"navigation\" data-gtm-custom-action=\"crossclick\" data-gtm-custom-label=\"Contextuel\" data-gtm-event=\"customEventSPE\" data-fig-domain=\"LEFIGARO\" rel=\"nofollow noopener\" target=\"_blank\">la vie<\/a>\u00a0a-t-elle pu commencer \u00e0 prolif\u00e9rer sur la Terre primitive, il y a quelque 4\u00a0milliards d\u2019ann\u00e9es\u00a0? Parmi les interrogations, l\u2019\u00e9ternelle question de l\u2019\u0153uf et de la poule, mais en version microscopique\u00a0: la synth\u00e8se des prot\u00e9ines est au centre de la vie, or il faut notamment de\u00a0<a href=\"https:\/\/www.lefigaro.fr\/fig-data\/c-est-quoi-un-arn-messager-20210430\/\" target=\"_blank\" rel=\"nofollow noopener\" data-gtm-custom-categorie=\"navigation\" data-gtm-custom-action=\"crossclick\" data-gtm-custom-label=\"Contextuel\" data-gtm-event=\"customEventSPE\">l\u2019ARN<\/a>\u00a0pour qu\u2019elle ait lieu\u00a0; mais ce dernier a lui-m\u00eame besoin de prot\u00e9ines pour \u00eatre fabriqu\u00e9. D\u00e8s lors, qui, des prot\u00e9ines ou de l\u2019ARN, est apparu en premier\u00a0?<\/p>\n<p class=\"fig-paragraph\">Un d\u00e9but de r\u00e9ponse \u00e0 cette question fondamentale vient d\u2019\u00eatre<a href=\"https:\/\/www.nature.com\/articles\/s41586-025-09388-y\" target=\"_blank\" rel=\"sponsored noopener nofollow\" data-gtm-custom-categorie=\"navigation\" data-gtm-custom-action=\"crossclick\" data-gtm-custom-label=\"Contextuel\" data-gtm-event=\"customEventSPE\">\u00a0propos\u00e9 dans Nature<\/a> \u00a0par une \u00e9quipe de chimistes de l\u2019University College de Londres (Grande-Bretagne), dirig\u00e9e par le Pr\u00a0Matthew Powner. Les chercheurs ont \u00e9labor\u00e9 une hypoth\u00e8se controvers\u00e9e sur l\u2019<a href=\"http:\/\/www.lefigaro.fr\/sciences\/a-marseille-la-quete-des-origines-de-la-vie-se-structure-20231030\" target=\"_blank\" data-fig-type=\"Article\" rel=\"noopener nofollow\" data-gtm-custom-categorie=\"navigation\" data-gtm-custom-action=\"crossclick\" data-gtm-custom-label=\"Contextuel\" data-gtm-event=\"customEventSPE\" data-fig-domain=\"LEFIGARO\">origine de la vie<\/a>. Elle permettrait notamment d\u2019expliquer que l\u2019ARN (qui sert \u00e9galement \u00e0 transcrire l\u2019ADN, le support de l\u2019h\u00e9r\u00e9dit\u00e9) puisse s\u2019associer dans une solution aqueuse avec des acides amin\u00e9s, des mol\u00e9cules, dont l\u2019encha\u00eenement cr\u00e9e des peptides et m\u00eame des prot\u00e9ines\u2026<\/p>\n<p class=\"fig-premium-paywall__infos\">\n        Cet article est r\u00e9serv\u00e9 aux abonn\u00e9s.        Il vous reste 84% \u00e0 d\u00e9couvrir.\n    <\/p>\n<p>                <img  data- alt=\"Le Figaro\" class=\"fig-img--complete fig-img\"\/><\/p>\n<p class=\"fig-premium-paywall__title\">Vente Flash<\/p>\n<p class=\"fig-premium-paywall__subtitle\">4,99\u20ac par mois pendant 12 mois. Sans engagement<\/p>\n<p class=\"fig-premium-paywall__connect\">\n                D\u00e9j\u00e0 abonn\u00e9\u00a0?                <a class=\"fig-premium-paywall__connect-link\" href=\"https:\/\/connect.lefigaro.fr\/login?client=horizon_web&amp;type=main&amp;redirect_uri=https%3A%2F%2Fwww.lefigaro.fr%2Fsciences%2Fcomment-la-vie-a-t-elle-commence-a-proliferer-sur-terre-20250829\" data-js-gtm=\"{&quot;customCategorie&quot;: &quot;conversion&quot;, &quot;customAction&quot;: &quot;before_Landing_Connexion_paywall_auto&quot;, &quot;customLabel&quot;: &quot;bGVmaWdhcm8uZnJfXzFmMDgzNGRmLWUzNmMtNjBjZS1hODI5LWNkYzc3NWY2MDIzNV9fQXJ0aWNsZQ==_Comment la vie a-t-elle commenc\u00e9 \u00e0 prolif\u00e9rer sur Terre\u00a0?_532&quot;, &quot;customIDSPE&quot;: &quot;bGVmaWdhcm8uZnJfXzFmMDgzNGRmLWUzNmMtNjBjZS1hODI5LWNkYzc3NWY2MDIzNV9fQXJ0aWNsZQ==&quot;, &quot;event&quot;: &quot;customEventSPE&quot;}\" rel=\"nofollow noopener\" target=\"_blank\"><br \/>\n                    Connectez-vous<br \/>\n                <\/a>\n            <\/p>\n","protected":false},"excerpt":{"rendered":"D\u00c9CRYPTAGE &#8211; Des chimistes expliquent la fa\u00e7on dont l\u2019ARN a pu commencer \u00e0 se dupliquer sur la Terre&hellip;\n","protected":false},"author":2,"featured_media":353172,"comment_status":"","ping_status":"","sticky":false,"template":"","format":"standard","meta":{"footnotes":""},"categories":[7],"tags":[35899,10531,1011,27,43,40,41,39,42,44],"class_list":{"0":"post-353171","1":"post","2":"type-post","3":"status-publish","4":"format-standard","5":"has-post-thumbnail","7":"category-sciences-et-technologies","8":"tag-biologie","9":"tag-chimie","10":"tag-fr","11":"tag-france","12":"tag-science","13":"tag-science-and-technology","14":"tag-sciences","15":"tag-sciences-et-technologies","16":"tag-technologies","17":"tag-technology"},"share_on_mastodon":{"url":"https:\/\/pubeurope.com\/@fr\/115114511250724233","error":""},"_links":{"self":[{"href":"https:\/\/www.europesays.com\/fr\/wp-json\/wp\/v2\/posts\/353171","targetHints":{"allow":["GET"]}}],"collection":[{"href":"https:\/\/www.europesays.com\/fr\/wp-json\/wp\/v2\/posts"}],"about":[{"href":"https:\/\/www.europesays.com\/fr\/wp-json\/wp\/v2\/types\/post"}],"author":[{"embeddable":true,"href":"https:\/\/www.europesays.com\/fr\/wp-json\/wp\/v2\/users\/2"}],"replies":[{"embeddable":true,"href":"https:\/\/www.europesays.com\/fr\/wp-json\/wp\/v2\/comments?post=353171"}],"version-history":[{"count":0,"href":"https:\/\/www.europesays.com\/fr\/wp-json\/wp\/v2\/posts\/353171\/revisions"}],"wp:featuredmedia":[{"embeddable":true,"href":"https:\/\/www.europesays.com\/fr\/wp-json\/wp\/v2\/media\/353172"}],"wp:attachment":[{"href":"https:\/\/www.europesays.com\/fr\/wp-json\/wp\/v2\/media?parent=353171"}],"wp:term":[{"taxonomy":"category","embeddable":true,"href":"https:\/\/www.europesays.com\/fr\/wp-json\/wp\/v2\/categories?post=353171"},{"taxonomy":"post_tag","embeddable":true,"href":"https:\/\/www.europesays.com\/fr\/wp-json\/wp\/v2\/tags?post=353171"}],"curies":[{"name":"wp","href":"https:\/\/api.w.org\/{rel}","templated":true}]}}