{"id":353173,"date":"2025-08-29T22:53:13","date_gmt":"2025-08-29T22:53:13","guid":{"rendered":"https:\/\/www.europesays.com\/fr\/353173\/"},"modified":"2025-08-29T22:53:13","modified_gmt":"2025-08-29T22:53:13","slug":"tu-nes-pas-fou-un-homme-commet-lirreparable-apres-des-echanges-avec-chatgpt-qui-font-froid-dans-le-dos","status":"publish","type":"post","link":"https:\/\/www.europesays.com\/fr\/353173\/","title":{"rendered":"\u00ab\u00a0Tu n&rsquo;es pas fou\u00a0\u00bb : un homme commet l&rsquo;irr\u00e9parable apr\u00e8s des \u00e9changes avec ChatGPT qui font froid dans le dos"},"content":{"rendered":"<p>            <img decoding=\"async\" src=\"https:\/\/www.europesays.com\/fr\/wp-content\/uploads\/2025\/06\/ce844027-chatgpt__280_280.jpg\" alt=\"ChatGPT\"\/><\/p>\n<p>        ChatGPT<\/p>\n<p class=\"ed__i-dwnld__sm-lst__c__txt ln__body-lg\">ChatGPT est le chatbot d\u2019OpenAI, bas\u00e9 sur le mod\u00e8le d\u2019intelligence artificielle GPT, permettant de r\u00e9pondre \u00e0 toutes sortes de questions ou requ\u00eates. Disponible en version gratuite en ligne.<\/p>\n<ul class=\"ed__i-dwnld__sm-lst__c__crtstc ln__body-lg row\">\n<li class=\"col-xs-12\">\n                    Licence :<br \/>\n                    Licence gratuite\n                <\/li>\n<li class=\"col-xs-12\">\n                    Auteur :<br \/>\n                    OpenAI\n                <\/li>\n<li class=\"col-xs-12\">\n                    Syst\u00e8mes d&rsquo;exploitation :<br \/>\n                    Windows 10 \/ 11, macOS Apple Silicon, Service en ligne, Android, iOS iPhone \/ iPad\n                <\/li>\n<li class=\"col-xs-12\">\n                    Cat\u00e9gorie :<br \/>\n                    IA\n                <\/li>\n<\/ul>\n<p class=\"ed__a-p ed__bdy__l\">Stein-Erik Soelberg a nou\u00e9 une relation malsaine avec ChatGPT qu&rsquo;il avait surnomm\u00e9 \u00ab\u00a0Bobby\u00a0\u00bb. Dans des vid\u00e9os publi\u00e9es par lui-m\u00eame, le chatbot valide ses pens\u00e9es d\u00e9lirantes en lui expliquant qu&rsquo;il n&rsquo;est \u00ab\u00a0pas fou\u00a0\u00bb. Malheureusement, l&rsquo;homme a commis l&rsquo;irr\u00e9parable en tuant sa m\u00e8re avant de se donner la mort selon les autorit\u00e9s.<\/p>\n<p>ChatGPT l&rsquo;a pouss\u00e9 dans ses d\u00e9lires parano\u00efaque<\/p>\n<p class=\"ed__a-p ed__bdy__l\"><img loading=\"lazy\" decoding=\"async\" src=\"data:image\/svg+xml,%3Csvg xmlns='http:\/\/www.w3.org\/2000\/svg'%3E%3C\/svg%3E\" draggable=\"false\" width=\"6668\" height=\"4445\" class=\"ed__title-xxs\" alt=\"Chatgpt\" style=\"background-color: #f2f2f2; aspect-ratio:6668\/4445;\"\/><\/p>\n<p>            Publicit\u00e9, votre contenu continue ci-dessous<\/p>\n<p>        Publicit\u00e9<\/p>\n<p class=\"ed__a-p ed__bdy__l\">Dans d&rsquo;autres r\u00e9ponses, l&rsquo;IA assimile des disputes au sein de son domicile comme des preuves d&rsquo;un complot. Le Wall Street Journal pr\u00e9cise que Stein-Erik Soelberg avait activ\u00e9 la m\u00e9moire de ChatGPT pour que ses croyances soient conserv\u00e9es d&rsquo;une session \u00e0 l&rsquo;autre.<\/p>\n<p class=\"ed__a-p ed__bdy__l\">Il ne s&rsquo;agit pas d&rsquo;un cas isol\u00e9 qui implique une mort violente et ChatGPT. Il y a plusieurs mois, la police a <a href=\"https:\/\/www.lesnumeriques.com\/intelligence-artificielle\/la-police-abat-un-homme-qui-croyait-que-chatgpt-etait-sa-petite-amie-et-qu-elle-avait-ete-assassinee-n238692.html\" title=\"La police abat un homme qui croyait que ChatGPT \u00e9tait sa petite amie et qu&#039;elle avait \u00e9t\u00e9 assassin\u00e9e\" rel=\"nofollow noopener\" target=\"_blank\">abattu un jeune homme en pleine crise<\/a> alors qu&rsquo;il avait nou\u00e9 une relation avec l&rsquo;IA qu&rsquo;il surnommait alors \u00ab\u00a0Juliet\u00a0\u00bb. R\u00e9cemment, c&rsquo;est Adam Raine, 16 ans \u00e0 peine, <a href=\"https:\/\/www.lesnumeriques.com\/intelligence-artificielle\/chatgpt-l-a-encourage-pendant-des-mois-il-met-fin-a-ses-jours-la-famille-attaque-openai-n241623.html\" title=\"\u201cChatGPT l\u2019a encourag\u00e9 pendant des mois\u201d\u00a0: il met fin \u00e0 ses jours, la famille attaque OpenAI\" rel=\"nofollow noopener\" target=\"_blank\">qui s&rsquo;est donn\u00e9 la mort<\/a> alors que le chatbot ne cessait de valider ses pens\u00e9es suicidaires.<\/p>\n<p class=\"ed__a-p ed__bdy__l\">Les autorit\u00e9s expliquent que le m\u00e9decin l\u00e9giste a conclu un homicide pour Suzanne Eberson Adams par l\u00e9sions par arme blanche au cou et au thorax. Les \u00e9changes entre ChatGPT et Stein-Erik Soelberg montrent le glissement progressif dans une forme de parano\u00efa. L&rsquo;IA y interpr\u00e8te des d\u00e9tails anodins comme des \u00ab\u00a0preuves\u00a0\u00bb d&rsquo;un complot.<\/p>\n<p class=\"ed__a-p ed__bdy__l\">Par exemple, le ticket de caisse d&rsquo;un restaurant soi-disant porteur de symboles cach\u00e9s ou un proche accus\u00e9 de surveiller l&rsquo;ancien cadre de Yahoo et Netscape. ChatGPT est all\u00e9 jusqu&rsquo;\u00e0 lui sugg\u00e9rer \u00ab\u00a0d&rsquo;observer et de consigner\u00a0\u00bb les faits et gestes de sa m\u00e8re.<\/p>\n<p class=\"ed__a-p ed__bdy__l\">OpenAI a contact\u00e9 les enqu\u00eateurs et se dit \u00ab\u00a0profond\u00e9ment attrist\u00e9\u00a0\u00bb. Pour rappel Sam Altman explique <a href=\"https:\/\/www.lesnumeriques.com\/intelligence-artificielle\/moins-de-1-des-utilisateurs-ont-une-relation-malsaine-avec-chatgpt-selon-sam-altman-qui-tacle-elon-musk-n241389.html\" title=\"&quot;Moins de 1 %&quot; des utilisateurs ont une relation malsaine avec ChatGPT selon Sam Altman (qui tacle Elon Musk)\" rel=\"nofollow noopener\" target=\"_blank\">que moins de 1 % des utilisateurs ont une relation malsaine avec son IA<\/a>. \u00c0 l&rsquo;\u00e9chelle de 700 millions d&rsquo;utilisateurs par semaine, ce faible pourcentage reste \u00e9norme.<\/p>\n<p>            Publicit\u00e9, votre contenu continue ci-dessous<\/p>\n<p>        Publicit\u00e9<\/p>\n<p>OpenAI r\u00e9agit \u00e0 l&rsquo;affaire et promet de faire le n\u00e9cessaire<\/p>\n<p class=\"ed__a-p ed__bdy__l\">La start-up explique que des mises \u00e0 jour se pr\u00e9parent pour mieux prot\u00e9ger les utilisateurs fragiles mais admet que certaines protections sont moins fiables quand les sessions s&rsquo;\u00e9tirent trop longtemps. Des sp\u00e9cialistes de la sant\u00e9 mentale alertent sur ces cas o\u00f9 l&rsquo;usage de chatbots aggrave les vuln\u00e9rabilit\u00e9s, avec des \u00e9pisodes d\u00e9lirants ou psychotiques. Il s&rsquo;agit d&rsquo;un ph\u00e9nom\u00e8ne tout juste \u00e9tudi\u00e9 <a href=\"https:\/\/www.lesnumeriques.com\/intelligence-artificielle\/psychose-de-l-ia-reconnaitre-les-signes-que-chatgpt-fait-du-mal-a-votre-sante-mentale-n241168.html\" title=\"&quot;Psychose de l&#039;IA&quot; : reconna\u00eetre les signes que ChatGPT fait du mal \u00e0 votre sant\u00e9 mentale\" rel=\"nofollow noopener\" target=\"_blank\">que l&rsquo;on appelle \u00ab\u00a0psychose de l&rsquo;IA\u00a0\u00bb<\/a>.<\/p>\n<p class=\"ed__a-p ed__bdy__l\">ChatGPT n&rsquo;est pas directement responsable du suicide de Stein-Erik Soelberg qui a assassin\u00e9 sa m\u00e8re avant de se donner la mort. Il y avait un terrain pr\u00e9existant puisque, selon le rapport de police, l&rsquo;homme a connu alcoolisme, tentatives de suicide, troubles du comportement public et tensions familiales depuis 2018 suite \u00e0 un divorce.<\/p>\n<p class=\"ed__a-p ed__bdy__l\">Sa m\u00e8re est une ancienne agente immobili\u00e8re d\u00e9crite par ses proches comme une globe-trotteuse et une b\u00e9n\u00e9vole tr\u00e8s appr\u00e9ci\u00e9e dans la communaut\u00e9. Comme expliqu\u00e9 pr\u00e9c\u00e9demment, il faut donc rester prudent sur le lien de causalit\u00e9. La police et le m\u00e9decin l\u00e9giste n&rsquo;attribuent aucunement ce passage \u00e0 l&rsquo;acte \u00e0 ChatGPT. Les documents consult\u00e9s par le Wall Street Journal montrent en revanche un moment o\u00f9 le chatbot a valid\u00e9 les croyances d\u00e9lirantes au lieu de l&rsquo;orienter vers une aide humaine.<\/p>\n<p class=\"ed__a-p ed__bdy__l\">Bref, encore un dossier qui relance le d\u00e9bat sur la responsabilit\u00e9 des entreprises d&rsquo;IA face aux gestes dramatiques des utilisateurs vuln\u00e9rables qui nouent des relations malsaines avec les chatbots. \u00c0 partir de quel moment une session doit \u00eatre automatiquement interrompue sans possibilit\u00e9 de la relancer ? La question se pose alors que Claude stoppe les \u00e9changes en cas de comportement violent ou haineux de l&rsquo;utilisateur.<\/p>\n<p>            Publicit\u00e9, votre contenu continue ci-dessous<\/p>\n<p>        Publicit\u00e9<\/p>\n<p class=\"ed__a-p ed__bdy__l\">Les Num\u00e9riques s\u2019installe \u00e0 Beaugrenelle Paris pour <a href=\"https:\/\/www.lesnumeriques.com\/evenement\/les-jours-les-plus-tech-2025.html\" rel=\"nofollow noopener\" target=\"_blank\">Les Jours Les Plus Tech<\/a> : d\u00e9monstrations de produits, conseils d\u2019usage ou d\u2019achat, \u00e9changes avec nos journalistes\u2026D\u00e9couvrez le programme complet <a href=\"https:\/\/www.lesnumeriques.com\/evenement\/les-jours-les-plus-tech-2025.html\" rel=\"nofollow noopener\" target=\"_blank\">ici<\/a>.<\/p>\n","protected":false},"excerpt":{"rendered":"ChatGPT ChatGPT est le chatbot d\u2019OpenAI, bas\u00e9 sur le mod\u00e8le d\u2019intelligence artificielle GPT, permettant de r\u00e9pondre \u00e0 toutes&hellip;\n","protected":false},"author":2,"featured_media":353174,"comment_status":"","ping_status":"","sticky":false,"template":"","format":"standard","meta":{"footnotes":""},"categories":[6],"tags":[35,33,34,1011,27],"class_list":{"0":"post-353173","1":"post","2":"type-post","3":"status-publish","4":"format-standard","5":"has-post-thumbnail","7":"category-economie","8":"tag-business","9":"tag-economie","10":"tag-economy","11":"tag-fr","12":"tag-france"},"share_on_mastodon":{"url":"https:\/\/pubeurope.com\/@fr\/115114515567455147","error":""},"_links":{"self":[{"href":"https:\/\/www.europesays.com\/fr\/wp-json\/wp\/v2\/posts\/353173","targetHints":{"allow":["GET"]}}],"collection":[{"href":"https:\/\/www.europesays.com\/fr\/wp-json\/wp\/v2\/posts"}],"about":[{"href":"https:\/\/www.europesays.com\/fr\/wp-json\/wp\/v2\/types\/post"}],"author":[{"embeddable":true,"href":"https:\/\/www.europesays.com\/fr\/wp-json\/wp\/v2\/users\/2"}],"replies":[{"embeddable":true,"href":"https:\/\/www.europesays.com\/fr\/wp-json\/wp\/v2\/comments?post=353173"}],"version-history":[{"count":0,"href":"https:\/\/www.europesays.com\/fr\/wp-json\/wp\/v2\/posts\/353173\/revisions"}],"wp:featuredmedia":[{"embeddable":true,"href":"https:\/\/www.europesays.com\/fr\/wp-json\/wp\/v2\/media\/353174"}],"wp:attachment":[{"href":"https:\/\/www.europesays.com\/fr\/wp-json\/wp\/v2\/media?parent=353173"}],"wp:term":[{"taxonomy":"category","embeddable":true,"href":"https:\/\/www.europesays.com\/fr\/wp-json\/wp\/v2\/categories?post=353173"},{"taxonomy":"post_tag","embeddable":true,"href":"https:\/\/www.europesays.com\/fr\/wp-json\/wp\/v2\/tags?post=353173"}],"curies":[{"name":"wp","href":"https:\/\/api.w.org\/{rel}","templated":true}]}}