{"id":353175,"date":"2025-08-29T22:54:10","date_gmt":"2025-08-29T22:54:10","guid":{"rendered":"https:\/\/www.europesays.com\/fr\/353175\/"},"modified":"2025-08-29T22:54:10","modified_gmt":"2025-08-29T22:54:10","slug":"tibi-jones-le-manchois-qui-saffiche-avec-les-talibans-cree-la-polemique","status":"publish","type":"post","link":"https:\/\/www.europesays.com\/fr\/353175\/","title":{"rendered":"Tibi Jones, le Manchois qui s\u2019affiche avec les talibans cr\u00e9e la pol\u00e9mique"},"content":{"rendered":"<p>            Par<br \/>\n        <strong><br \/>\n            <a href=\"https:\/\/actu.fr\/auteur\/redaction-pressemanche\" title=\"Consulter tous les articles de R\u00e9daction La Presse de la Manche\" target=\"_blank\" rel=\"noopener\">R\u00e9daction La Presse de la Manche<\/a><br \/>\n        <\/strong><\/p>\n<p>        Publi\u00e9 le<\/p>\n<p>            29 ao\u00fbt 2025 \u00e0 21h48        <\/p>\n<p data-end=\"383\">Depuis dix jours, le nom de <a href=\"https:\/\/actu.fr\/normandie\/cherbourg-en-cotentin_50129\/youtubeur-a-succes-le-cherbourgeois-tibi-jones-partage-ses-aventures-a-travers-le-monde_61745933.html\" target=\"_blank\" rel=\"noopener\">Tibi Jones<\/a>, <a href=\"https:\/\/www.youtube.com\/@tibijones\" target=\"_blank\" rel=\"noopener\">YouTubeur originaire de Digosville<\/a>, agite les r\u00e9seaux sociaux et la presse nationale. En cause\u2009: <b>son voyage en Afghanistan<\/b>, o\u00f9 il s\u2019est affich\u00e9 aux c\u00f4t\u00e9s <b>de talibans<\/b>.<\/p>\n<p>Qui est Tibi Jones\u2009?<\/p>\n<p data-end=\"1107\" class=\" wall-content\">Les lecteurs de\u00a0La Presse de la Manche avaient d\u00e9j\u00e0 d\u00e9couvert son parcours en 2024\u2009: <b>un jeune Manchois de 24\u00a0ans<\/b>, globe-trotter et vid\u00e9aste, qui parcourt le monde cam\u00e9ra \u00e0 la main. Des pays en crise, des zones \u00e0 risques\u2009: <b>Liban<\/b>, <b>Syrie<\/b>, <b>Venezuela<\/b>, <b>Bangladesh<\/b>,<b> <\/b>S\u00e9n\u00e9gal\u2026 Depuis plusieurs ann\u00e9es, il s\u2019est fait conna\u00eetre pour <b>ses publications sans filtre avec sa touche d\u2019humour<\/b>.<\/p>\n<p data-end=\"1107\" class=\" wall-content\">Il aborde des <b>sujets sensibles<\/b>, souvent tourn\u00e9s en conditions pr\u00e9caires, diffus\u00e9s sur sa cha\u00eene YouTube o\u00f9 il privil\u00e9gie les formats longs, \u00ab\u2009sans coupure, pour montrer la r\u00e9alit\u00e9 brute\u2009\u00bb.<\/p>\n<p data-end=\"1107\" class=\" wall-content\">Sur Instagram, il partage \u00e9galement des vid\u00e9os plus courtes, parfois spectaculaires, qui suscitent d\u00e9bats et r\u00e9actions.<\/p>\n<p>Le d\u00e9clencheur de la pol\u00e9mique<\/p>\n<p data-end=\"1746\" class=\" wall-content\">Le 18\u00a0ao\u00fbt, Tibi Jones annon\u00e7ait son d\u00e9part\u2009: \u00ab\u2009Je vais passer 10\u00a0jours avec des talibans, mon but n\u2019est pas de cautionner ou de valider mais bien de vous apporter la r\u00e9alit\u00e9 du terrain.\u2009\u00bb.<\/p>\n<p data-end=\"1746\" class=\" wall-content\">Depuis, ses stories sur Instagram montrent <b>des sc\u00e8nes de vie quotidienne en Afghanistan<\/b> sans avoir de fil conducteur\u2009: mariages, repas partag\u00e9s, march\u00e9s, femmes et enfants dans les rues, visites des \u00e9coles, paysages, mais aussi tirs \u00e0 l\u2019arme \u00e0 feu, v\u00e9hicules militaires.<\/p>\n<p>    <img   decoding=\"async\" loading=\"lazy\" class=\"size-large\" src=\"https:\/\/www.europesays.com\/fr\/wp-content\/uploads\/2025\/08\/a7f1c291b1b86bbf1c291b1b89ff1cv-960x640.jpeg\" alt=\"tibi jones\" width=\"960\" height=\"640\"\/><br \/>\n    Le youtubeur manchois Tibi Jones d\u00e9couvre les paysages d\u2019Afghanistan, un voyage qui suscite autant d\u2019admiration que de pol\u00e9miques. \u00a9D.R.<\/p>\n<p data-end=\"1746\" class=\" wall-content\">Ces images ont imm\u00e9diatement attir\u00e9 l\u2019attention sur Twitter puis des m\u00e9dias nationaux. <b>Le Parisien lui a consacr\u00e9 un long portrait<\/b>, suivi par <b>Valeurs Actuelles<\/b>, <b>Midi Libre<\/b><b> <\/b>et m\u00eame <b>BFM <\/b>sur TikTok qui a fait <b>plus de 200\u2009000 vues en 48\u00a0heures<\/b>.<\/p>\n<p>Votre r\u00e9gion, votre actu !<\/p>\n<p>Recevez chaque jour les infos qui comptent pour vous.<\/p>\n<p>\t<a href=\"https:\/\/actu.fr\/newsletter\" class=\"ac-btn ac-btn--corner ac-btn--medium ac-btn--blue800\" target=\"_blank\" rel=\"noopener\">S&rsquo;incrire<\/a><\/p>\n<p data-end=\"1746\" class=\" wall-content\">Le simple fait de voyager en Afghanistan sous contr\u00f4le taliban, r\u00e9gime consid\u00e9r\u00e9 comme terroriste en Occident et les Nations Unis, demeure extr\u00eamement sensible.<\/p>\n<p data-end=\"1746\" class=\" wall-content\">La France a perdu 90 soldats en op\u00e9ration dans le pays entre\u00a02001 et\u00a02014. Dans ce contexte, les images d\u2019un Fran\u00e7ais accueilli en fr\u00e8re par des talibans, qui ont pris le pouvoir en 2021, passent mal.<\/p>\n<p data-end=\"1746\" class=\" wall-content\"><b>Il r\u00e9pond\u2009<\/b>:<\/p>\n<blockquote class=\"ac-article-quote wall-content\">\n<p>C\u2019est dans une situation compliqu\u00e9e que je me retrouve actuellement parce que c\u2019est un pays consid\u00e9r\u00e9 comme ennemi par les \u00c9tats-Unis et l\u2019Europe et m\u00eame par la France car des soldats fran\u00e7ais sont tomb\u00e9s au combat. \u00c0 la fois, j\u2019ai une pens\u00e9e pour eux, \u00e0 la fois moi je veux montrer la r\u00e9alit\u00e9, c\u2019est une position complexe, choisir les bons mots trouver les bonnes phrases ce n\u2019est vraiment pas simple.<\/p>\n<\/blockquote>\n<p>Entre fascination et indignation<\/p>\n<p data-end=\"2959\" class=\" wall-content\">Sur les r\u00e9seaux sociaux, les r\u00e9actions s\u2019entrechoquent. Certains d\u00e9noncent<b> une \u00ab\u2009recherche du buzz \u00e0 tout prix\u2009\u00bb<\/b>.<\/p>\n<p data-end=\"2959\" class=\" wall-content\">D\u2019autres louent \u00ab\u2009l\u2019authenticit\u00e9\u2009\u00bb de son regard.<\/p>\n<p data-end=\"2959\" class=\" wall-content\">Sous une vid\u00e9o reprise par BFM, un internaute \u00e9crit\u2009: \u00ab\u2009Tibi Jones <b>d\u00e9construit<\/b> tous les clich\u00e9s diabolisant cr\u00e9\u00e9s par les Occidentaux\u2009\u00bb. D\u2019autres, au contraire, se disent \u00ab\u2009<b>choqu\u00e9s <\/b>de voir un Fran\u00e7ais donner une tribune aux talibans\u2009\u00bb.<\/p>\n<p data-end=\"2959\" class=\" wall-content\">Sa communaut\u00e9, elle, reste <b>fid\u00e8le<\/b>. Beaucoup rappellent qu\u2019il voyage depuis longtemps dans des zones \u00e0 risque\u2009: \u00ab\u2009Ce mec a une \u00e9norme paire, gros respect.\u2009\u00bb<\/p>\n<p>Un emballement m\u00e9diatique\u2009?<\/p>\n<p data-end=\"2959\" class=\" wall-content\">Dans ses vid\u00e9os, Tibi Jones nuance\u2009: il distingue les talibans de l\u2019\u00c9tat islamique, rappelle que les Afghans \u00ab\u2009d\u00e9fendent leur pays\u2009\u00bb et insiste sur les \u00e9carts entre le r\u00e9cit m\u00e9diatique occidental et ce qu\u2019il observe sur place. Il montre et raconte \u00e0 travers ses vid\u00e9os, la condition des femmes de mani\u00e8re nuanc\u00e9e\u2009: \u00ab<b>\u2009J\u2019avais lu que les femmes ne pouvaient pas travailler dans la m\u00e9decine en Afghanistan <\/b>mais juste \u00e0 c\u00f4t\u00e9 de moi il y a une femme m\u00e9decin. Ce que je retiens surtout c\u2019est que, ici, il n\u2019y a aucune mixit\u00e9 \u00e0 partir de la pubert\u00e9. Les femmes soignent les femmes et les hommes soignent les hommes.<b> Elles peuvent se balader dans la rue et elles sont seules. <\/b>Je ne dis pas que tout est parfait, mais ce qu\u2019on entend en France n\u2019est pas toujours la r\u00e9alit\u00e9\u2009\u00bb, affirme-t-il.<\/p>\n<p data-end=\"2959\" class=\" wall-content\">Pour ses d\u00e9fenseurs, il \u00ab\u2009donne une voix aux Afghans qui gal\u00e8rent\u2009\u00bb. Pour ses d\u00e9tracteurs, il banalise un r\u00e9gime qui opprime et r\u00e9prime.<\/p>\n<p data-end=\"4306\" class=\" wall-content\">Joint cette semaine par t\u00e9l\u00e9phone, Tibi Jones n\u2019a pas souhait\u00e9 s\u2019\u00e9tendre sur nos questions mais il promet de clarifier sa d\u00e9marche dans de prochains documentaires sur YouTube,<b> \u00ab\u2009pos\u00e9s, structur\u00e9s, avec du contexte\u2009<\/b>\u00bb. En attendant, ce sont surtout ses stories brutes qui circulent, alimentant pol\u00e9miques et fantasmes.<\/p>\n<p data-end=\"4306\" class=\" wall-content\">Derri\u00e8re le bruit, reste un jeune vid\u00e9aste manchois, sans doute d\u00e9pass\u00e9 par l\u2019ampleur du retentissement. Parti filmer l\u2019Afghanistan, il se retrouve pris dans la machine m\u00e9diatique. Reste la question judiciaire. Car appara\u00eetre arm\u00e9, ou en proximit\u00e9 avec une organisation consid\u00e9r\u00e9e comme terroriste, peut relever de l\u2019apologie du terrorisme.<\/p>\n<p data-end=\"4306\" class=\" wall-content\">Tibi Jones en est conscient\u2009:<b> \u00ab\u2009La DGSI risque de m\u2019interroger \u00e0 mon retour.\u2009\u00bb<\/b><\/p>\n<p class=\" wall-content\"><b>L\u00e9a CORBET<\/b><\/p>\n<p class=\" wall-content\">Personnalisez votre actualit\u00e9 en ajoutant vos villes et m\u00e9dias en favori avec <a href=\"https:\/\/moncompte.actu.fr\" title=\"D\u00e9couvez Mon Actu\" rel=\"nofollow noopener\" data-trk=\"{&quot;cta&quot;:{&quot;action&quot;:&quot;https:\\\/\\\/moncompte.actu.fr&quot;,&quot;category&quot;:&quot;mon compte&quot;,&quot;from&quot;:&quot;article footer&quot;,&quot;name&quot;:&quot;Mon actu&quot;,&quot;type&quot;:&quot;cta&quot;}}\" target=\"_blank\">Mon Actu<\/a>.<\/p>\n","protected":false},"excerpt":{"rendered":"Par R\u00e9daction La Presse de la Manche Publi\u00e9 le 29 ao\u00fbt 2025 \u00e0 21h48 Depuis dix jours, le&hellip;\n","protected":false},"author":2,"featured_media":353176,"comment_status":"","ping_status":"","sticky":false,"template":"","format":"standard","meta":{"footnotes":""},"categories":[5],"tags":[11,3168,1011,27,14,500,12,104,28,2784],"class_list":{"0":"post-353175","1":"post","2":"type-post","3":"status-publish","4":"format-standard","5":"has-post-thumbnail","7":"category-international","8":"tag-actualites","9":"tag-cotentin","10":"tag-fr","11":"tag-france","12":"tag-international","13":"tag-medias","14":"tag-news","15":"tag-societe","16":"tag-world","17":"tag-youtube"},"share_on_mastodon":{"url":"https:\/\/pubeurope.com\/@fr\/115114519060426535","error":""},"_links":{"self":[{"href":"https:\/\/www.europesays.com\/fr\/wp-json\/wp\/v2\/posts\/353175","targetHints":{"allow":["GET"]}}],"collection":[{"href":"https:\/\/www.europesays.com\/fr\/wp-json\/wp\/v2\/posts"}],"about":[{"href":"https:\/\/www.europesays.com\/fr\/wp-json\/wp\/v2\/types\/post"}],"author":[{"embeddable":true,"href":"https:\/\/www.europesays.com\/fr\/wp-json\/wp\/v2\/users\/2"}],"replies":[{"embeddable":true,"href":"https:\/\/www.europesays.com\/fr\/wp-json\/wp\/v2\/comments?post=353175"}],"version-history":[{"count":0,"href":"https:\/\/www.europesays.com\/fr\/wp-json\/wp\/v2\/posts\/353175\/revisions"}],"wp:featuredmedia":[{"embeddable":true,"href":"https:\/\/www.europesays.com\/fr\/wp-json\/wp\/v2\/media\/353176"}],"wp:attachment":[{"href":"https:\/\/www.europesays.com\/fr\/wp-json\/wp\/v2\/media?parent=353175"}],"wp:term":[{"taxonomy":"category","embeddable":true,"href":"https:\/\/www.europesays.com\/fr\/wp-json\/wp\/v2\/categories?post=353175"},{"taxonomy":"post_tag","embeddable":true,"href":"https:\/\/www.europesays.com\/fr\/wp-json\/wp\/v2\/tags?post=353175"}],"curies":[{"name":"wp","href":"https:\/\/api.w.org\/{rel}","templated":true}]}}