{"id":353193,"date":"2025-08-29T23:04:11","date_gmt":"2025-08-29T23:04:11","guid":{"rendered":"https:\/\/www.europesays.com\/fr\/353193\/"},"modified":"2025-08-29T23:04:11","modified_gmt":"2025-08-29T23:04:11","slug":"previsions-du-samedi-30-aout-2025","status":"publish","type":"post","link":"https:\/\/www.europesays.com\/fr\/353193\/","title":{"rendered":"pr\u00e9visions du samedi 30 ao\u00fbt 2025"},"content":{"rendered":"<p>La journ\u00e9e qui s&rsquo;annonce \u00e0 Montpellier, promet d&rsquo;\u00eatre belle et ensoleill\u00e9e ! Les temp\u00e9ratures tourneront autour des 22\u00b0C. Un vent de nord-ouest est attendu : il soufflera \u00e0 21 km\/h. La m\u00e9t\u00e9o va se r\u00e9chauffer l&rsquo;apr\u00e8s-midi avec une hausse de plusieurs degr\u00e9s. Les valeurs afficheront entre 25 et 26\u00b0C. Il fera 22\u00b0C en moyenne le soir. Pendant que vous dormirez, dans la nuit de samedi \u00e0 dimanche, le ciel sera clair.<\/p>\n<p>Un beau soleil est pr\u00e9vu demain \u00e0 Montpellier. Le mercure affichera 22\u00b0C en moyenne. Un vent de sud-est rafra\u00eechira sensiblement l&rsquo;atmosph\u00e8re. Les temp\u00e9ratures s&rsquo;\u00e9chelonneront entre 23\u00b0C et 25\u00b0C dans l&rsquo;apr\u00e8s-midi. De petites averses sont \u00e0 pr\u00e9voir dans la soir\u00e9e. Les valeurs tourneront autour des 22\u00b0C.<\/p>\n<p>Les jours suivants s&rsquo;annoncent identiques. Une m\u00e9t\u00e9o ensoleill\u00e9e, pour des temp\u00e9ratures de 24\u00b0C environ, est \u00e0 pr\u00e9voir.<\/p>\n<p><\/p>\n","protected":false},"excerpt":{"rendered":"La journ\u00e9e qui s&rsquo;annonce \u00e0 Montpellier, promet d&rsquo;\u00eatre belle et ensoleill\u00e9e ! Les temp\u00e9ratures tourneront autour des 22\u00b0C.&hellip;\n","protected":false},"author":2,"featured_media":353194,"comment_status":"","ping_status":"","sticky":false,"template":"","format":"standard","meta":{"footnotes":""},"categories":[9599],"tags":[1111,11,1777,674,1011,27,7089,2681,2208,12,2680,2119,25],"class_list":{"0":"post-353193","1":"post","2":"type-post","3":"status-publish","4":"format-standard","5":"has-post-thumbnail","7":"category-montpellier","8":"tag-actu","9":"tag-actualites","10":"tag-eu","11":"tag-europe","12":"tag-fr","13":"tag-france","14":"tag-herault","15":"tag-languedoc-roussillon","16":"tag-montpellier","17":"tag-news","18":"tag-occitanie","19":"tag-previsions-meteo","20":"tag-republique-francaise"},"share_on_mastodon":{"url":"https:\/\/pubeurope.com\/@fr\/115114558264566457","error":""},"_links":{"self":[{"href":"https:\/\/www.europesays.com\/fr\/wp-json\/wp\/v2\/posts\/353193","targetHints":{"allow":["GET"]}}],"collection":[{"href":"https:\/\/www.europesays.com\/fr\/wp-json\/wp\/v2\/posts"}],"about":[{"href":"https:\/\/www.europesays.com\/fr\/wp-json\/wp\/v2\/types\/post"}],"author":[{"embeddable":true,"href":"https:\/\/www.europesays.com\/fr\/wp-json\/wp\/v2\/users\/2"}],"replies":[{"embeddable":true,"href":"https:\/\/www.europesays.com\/fr\/wp-json\/wp\/v2\/comments?post=353193"}],"version-history":[{"count":0,"href":"https:\/\/www.europesays.com\/fr\/wp-json\/wp\/v2\/posts\/353193\/revisions"}],"wp:featuredmedia":[{"embeddable":true,"href":"https:\/\/www.europesays.com\/fr\/wp-json\/wp\/v2\/media\/353194"}],"wp:attachment":[{"href":"https:\/\/www.europesays.com\/fr\/wp-json\/wp\/v2\/media?parent=353193"}],"wp:term":[{"taxonomy":"category","embeddable":true,"href":"https:\/\/www.europesays.com\/fr\/wp-json\/wp\/v2\/categories?post=353193"},{"taxonomy":"post_tag","embeddable":true,"href":"https:\/\/www.europesays.com\/fr\/wp-json\/wp\/v2\/tags?post=353193"}],"curies":[{"name":"wp","href":"https:\/\/api.w.org\/{rel}","templated":true}]}}