{"id":353195,"date":"2025-08-29T23:09:12","date_gmt":"2025-08-29T23:09:12","guid":{"rendered":"https:\/\/www.europesays.com\/fr\/353195\/"},"modified":"2025-08-29T23:09:12","modified_gmt":"2025-08-29T23:09:12","slug":"grenoble-la-maison-des-dons-un-nouvel-outil-pour-la-solidarite","status":"publish","type":"post","link":"https:\/\/www.europesays.com\/fr\/353195\/","title":{"rendered":"Grenoble : la Maison des dons, un nouvel outil pour la solidarit\u00e9"},"content":{"rendered":"<p>\u00ab\u00a0Nous avons com\u00admenc\u00e9 en mode pirate\u00a0\u00bb, s\u2019est amu\u00ads\u00e9e C\u00e9line Deslattes, jeudi 28 ao\u00fbt 2025, au sujet des pre\u00admi\u00e8res col\u00adlectes soli\u00addaires orga\u00adni\u00ads\u00e9es dans la capi\u00adtale des Alpes. La conseill\u00e8re muni\u00adci\u00adpale d\u00e9l\u00e9\u00adgu\u00e9e \u00e0 la Grande pr\u00e9\u00adca\u00adrit\u00e9 de la Ville de Grenoble lan\u00ad\u00e7ait alors offi\u00adciel\u00adle\u00adment la Maison des dons \u00e0 la Maison des habi\u00adtants La Capuche.<\/p>\n<p>En l\u2019oc\u00adcur\u00adrence, un dis\u00adpo\u00adsi\u00adtif tout juste p\u00e9ren\u00adnis\u00e9, apr\u00e8s plu\u00adsieurs ann\u00e9es de pra\u00adtiques plus ou moins impro\u00advi\u00ads\u00e9es au gr\u00e9 des crises qui ont ponc\u00adtu\u00e9 la der\u00adni\u00e8re d\u00e9cen\u00adnie. L\u2019accompagnaient \u00e0 cette occa\u00adsion des repr\u00e9\u00adsen\u00adtants de la <a href=\"https:\/\/www.placegrenet.fr\/2022\/02\/28\/la-protection-civile-de-lisere-veut-faire-connaitre-ses-actions-pour-attirer-de-nouveaux-benevoles\/561599\" target=\"_blank\" rel=\"noopener nofollow\">Protection civile de l\u2019Is\u00e8re<\/a>, acteurs cl\u00e9s de la soli\u00adda\u00adrit\u00e9 venus confir\u00admer la per\u00adti\u00adnence d\u2019un tel dis\u00adpo\u00adsi\u00adtif sur le territoire.<\/p>\n<p><a href=\"https:\/\/www.europesays.com\/fr\/wp-content\/uploads\/2025\/08\/lancementmaisondesdonsgrenoblecreditjoelkermabon-2.jpg\"><img fetchpriority=\"high\" decoding=\"async\" aria-describedby=\"caption-attachment-658431\" class=\"wp-image-658431 size-full\" src=\"data:image\/svg+xml,%3Csvg%20xmlns=\" http:=\"\" alt=\"Au cours de la conf\u00e9rence de presse, C\u00e9line Deslattes fait le point sur le fonctionnement de la Maison des dons . \u00a9 Jo\u00ebl Kermabon - Place Gre'net\" width=\"1500\" height=\"1125\" data-lazy- data-lazy- data-lazy-src=\"https:\/\/www.europesays.com\/fr\/wp-content\/uploads\/2025\/08\/lancementmaisondesdonsgrenoblecreditjoelkermabon-2.jpg\"\/><\/a><\/p>\n<p id=\"caption-attachment-658431\" class=\"wp-caption-text\">C\u00e9line Deslattes lors du point sur le fonc\u00adtion\u00adne\u00adment de la Maison des dons . \u00a9 Jo\u00ebl Kermabon \u2013 Place Gre\u2019net<\/p>\n<p>Tout a com\u00admenc\u00e9 en 2017 avec l\u2019arriv\u00e9e de r\u00e9fu\u00adgi\u00e9s syriens. Ont suivi la crise sani\u00adtaire du Covid en 2020 puis <a href=\"https:\/\/www.placegrenet.fr\/2022\/07\/25\/guerre-en-ukraine-alors-que-le-conflit-se-poursuit-la-ville-de-grenoble-appelle-de-nouveau-a-la-solidarite\/576013\" target=\"_blank\" rel=\"noopener nofollow\">la guerre en Ukraine<\/a>. \u00c0 chaque fois, la Ville et son centre com\u00admu\u00adnal d\u2019ac\u00adtion sociale (<a href=\"https:\/\/www.grenoble.fr\/125-centre-communal-d-action-sociale.htm\" target=\"_blank\" rel=\"noopener nofollow\">CCAS<\/a>), \u00e9pau\u00adl\u00e9s par les asso\u00adcia\u00adtions et les habi\u00adtants, ont d\u00fb orga\u00adni\u00adser en urgence des col\u00adlectes mas\u00adsives de den\u00adr\u00e9es, v\u00eate\u00adments, pro\u00adduits d\u2019hygi\u00e8ne ou four\u00adni\u00adtures scolaires.<\/p>\n<p>\u00ab\u00a0On se retrou\u00advait avec des dizaines de tonnes de dons entas\u00ads\u00e9es dans le garage du CCAS. Il fal\u00adlait trier, sto\u00adcker, redis\u00adtri\u00adbuer, sans pro\u00adces\u00adsus clair d\u00e9fini\u00a0\u00bb, se sou\u00advient C\u00e9line Deslattes. C\u2019est \u00e0 par\u00adtir de ce retour d\u2019ex\u00adp\u00e9\u00adriences quelque peu chao\u00adtique de son propre aveu qu\u2019est n\u00e9e l\u2019id\u00e9e d\u2019une struc\u00adture durable\u00a0: la Maison des\u00a0dons.<\/p>\n","protected":false},"excerpt":{"rendered":"\u00ab\u00a0Nous avons com\u00admenc\u00e9 en mode pirate\u00a0\u00bb, s\u2019est amu\u00ads\u00e9e C\u00e9line Deslattes, jeudi 28 ao\u00fbt 2025, au sujet des pre\u00admi\u00e8res&hellip;\n","protected":false},"author":2,"featured_media":353196,"comment_status":"","ping_status":"","sticky":false,"template":"","format":"standard","meta":{"footnotes":""},"categories":[9566],"tags":[1111,11,2430,1777,674,1011,27,2731,12,25],"class_list":{"0":"post-353195","1":"post","2":"type-post","3":"status-publish","4":"format-standard","5":"has-post-thumbnail","7":"category-grenoble","8":"tag-actu","9":"tag-actualites","10":"tag-auvergne-rhone-alpes","11":"tag-eu","12":"tag-europe","13":"tag-fr","14":"tag-france","15":"tag-grenoble","16":"tag-news","17":"tag-republique-francaise"},"share_on_mastodon":{"url":"https:\/\/pubeurope.com\/@fr\/115114578013245129","error":""},"_links":{"self":[{"href":"https:\/\/www.europesays.com\/fr\/wp-json\/wp\/v2\/posts\/353195","targetHints":{"allow":["GET"]}}],"collection":[{"href":"https:\/\/www.europesays.com\/fr\/wp-json\/wp\/v2\/posts"}],"about":[{"href":"https:\/\/www.europesays.com\/fr\/wp-json\/wp\/v2\/types\/post"}],"author":[{"embeddable":true,"href":"https:\/\/www.europesays.com\/fr\/wp-json\/wp\/v2\/users\/2"}],"replies":[{"embeddable":true,"href":"https:\/\/www.europesays.com\/fr\/wp-json\/wp\/v2\/comments?post=353195"}],"version-history":[{"count":0,"href":"https:\/\/www.europesays.com\/fr\/wp-json\/wp\/v2\/posts\/353195\/revisions"}],"wp:featuredmedia":[{"embeddable":true,"href":"https:\/\/www.europesays.com\/fr\/wp-json\/wp\/v2\/media\/353196"}],"wp:attachment":[{"href":"https:\/\/www.europesays.com\/fr\/wp-json\/wp\/v2\/media?parent=353195"}],"wp:term":[{"taxonomy":"category","embeddable":true,"href":"https:\/\/www.europesays.com\/fr\/wp-json\/wp\/v2\/categories?post=353195"},{"taxonomy":"post_tag","embeddable":true,"href":"https:\/\/www.europesays.com\/fr\/wp-json\/wp\/v2\/tags?post=353195"}],"curies":[{"name":"wp","href":"https:\/\/api.w.org\/{rel}","templated":true}]}}