{"id":353197,"date":"2025-08-29T23:10:20","date_gmt":"2025-08-29T23:10:20","guid":{"rendered":"https:\/\/www.europesays.com\/fr\/353197\/"},"modified":"2025-08-29T23:10:20","modified_gmt":"2025-08-29T23:10:20","slug":"pro-d2-le-fcg-lance-sa-saison-par-une-victoire-renversante-a-oyonnax","status":"publish","type":"post","link":"https:\/\/www.europesays.com\/fr\/353197\/","title":{"rendered":"Pro D2 : le FCG lance sa saison par une victoire renversante \u00e0 Oyonnax"},"content":{"rendered":"<p>Men\u00e9s une grande partie du match, les rugbymen grenoblois ont \u00e9t\u00e9 r\u00e9compens\u00e9s de leur caract\u00e8re en s&rsquo;imposant sur la sir\u00e8ne \u00e0 Oyonnax, 30 \u00e0 28.<\/p>\n<p>Le FCG s&rsquo;offre Oyonnax pour la reprise\u00a0!\u00a0<a class=\"IciLink ici-link IciArticleLink g-ici-body-regular-1 underline brand svelte-lu7k6w\" href=\"https:\/\/www.francebleu.fr\/sports\/rugby\/direct-pro-d2-la-montee-en-top-14-se-joue-a-toulouse-suivez-la-finale-fcg-montauban-sur-ici-isere-3874716\" rel=\"nofollow noopener\" target=\"_blank\">Finaliste malheureux du championnat,<\/a>\u00a0\u00e0 cours de pr\u00e9paration, les Grenoblois se sont repos\u00e9s sur leur caract\u00e8re et leurs rempla\u00e7ants pour aller s&rsquo;imposer 30 \u00e0 28 vendredi \u00e0 Oyonnax, au stade Charles-Mathon.<\/p>\n<p>La rencontre a d\u00e9but\u00e9 sous une grosse averse, mais cela n&rsquo;a pas emp\u00each\u00e9 Grenoble, meilleure attaque la saison derni\u00e8re, de garder ses bonnes habitudes, avec un premier essai d\u00e8s la 3e minute, par Aur\u00e9lien Callandret. L&rsquo;ailier, arriv\u00e9 cet \u00e9t\u00e9 de Bayonne, n&rsquo;aura donc mis que 180 secondes avant de marquer sous ses nouvelles couleurs (et contre ses anciennes puisqu&rsquo;il a aussi jou\u00e9 dans l&rsquo;Ain, ndlr).<\/p>\n<p>La suite de la premi\u00e8re mi-temps a \u00e9t\u00e9 plus difficile pour les Grenoblois, domin\u00e9s en m\u00eal\u00e9e, et sanctionn\u00e9s d&rsquo;un carton jaune contre Nansen. Les rouges-et-bleus ont certes conc\u00e9d\u00e9 deux essais (Pacheco 13e, Ruru 35e), mais <strong>ils se sont accroch\u00e9s,<\/strong> sauvant deux situations dans leur embut et tournant \u00e0 la pause avec cinq points de retard (18-13).<\/p>\n<p>\u00c0 lire aussi   <img decoding=\"async\" src=\"https:\/\/www.europesays.com\/fr\/wp-content\/uploads\/2025\/08\/1756509020_178_560x315\" alt=\"Le FCG d\u00e9butera sa saison \u00e0 Oyonnax le 29 ao\u00fbt.\" style=\"--_image-preview:url('data:image\/jpeg;base64,\/9j\/2wBDACgcHiMeGSgjISMtKygwPGRBPDc3PHtYXUlkkYCZlo+AjIqgtObDoKrarYqMyP\/L2u71\/\/\/\/m8H\/\/\/\/6\/+b9\/\/j\/2wBDASstLTw1PHZBQXb4pYyl+Pj4+Pj4+Pj4+Pj4+Pj4+Pj4+Pj4+Pj4+Pj4+Pj4+Pj4+Pj4+Pj4+Pj4+Pj4+Pj4+Pj\/wAARCAAXACoDASIAAhEBAxEB\/8QAFwABAQEBAAAAAAAAAAAAAAAAAAECBP\/EABUQAQEAAAAAAAAAAAAAAAAAAAAB\/8QAFgEBAQEAAAAAAAAAAAAAAAAAAAEC\/8QAFhEBAQEAAAAAAAAAAAAAAAAAABEB\/9oADAMBAAIRAxEAPwDgkaiRWUVFQogqFCNAAgM6gAg\/\/9k=');\" loading=\"lazy\" fetchpriority=\"low\" aria-hidden=\"true\" class=\"svelte-1pnmlwx rounded\" onload=\"this.__e=event\" onerror=\"this.__e=event\"\/>Une p\u00e9nalit\u00e9 de 55 m\u00e8tres pour arracher la victoire<\/p>\n<p>En manque de pr\u00e9paration pour avoir repris un mois apr\u00e8s son adversaire Grenoble ne fait pas tout bien sur la pelouse de Mathon, \u00e0 l&rsquo;image d&rsquo;une d\u00e9fense absente sur l&rsquo;essai de Stark en d\u00e9but de deuxi\u00e8me mi-temps (45e), mais se bat et reste dans le match (25-20) gr\u00e2ce \u00e0 un essai en force de Javakhia \u00e0 la 56e.<\/p>\n<p>Les rempla\u00e7ants entr\u00e9s en deuxi\u00e8me mi-temps font un bien fou et c&rsquo;est justement l&rsquo;un d&rsquo;entre eux, Mouton, qui\u00a0<strong>ram\u00e8ne le FCG \u00e0 seulement un point (28-27)<\/strong>\u00a0en marquant le troisi\u00e8me essai grenoblois de la rencontre \u00e0 la 68e. L&rsquo;abn\u00e9gation des Grenoblois finit par payer\u00a0: ils obtiennent une ultime p\u00e9nalit\u00e9 gr\u00e2ce \u00e0 la m\u00eal\u00e9e sur la sir\u00e8ne. La p\u00e9nalit\u00e9 de la gagne car de plus de 50 m\u00e8tres, Romain Trouilloud ne laisse pas passer l&rsquo;occasion d&rsquo;offrir une premi\u00e8re victoire cette saison aux rouges-et-bleus.<\/p>\n<p>La semaine prochaine, le FCG retrouvera son public du Stade des Alpes avec la r\u00e9ception d&rsquo;Aurillac.<\/p>\n","protected":false},"excerpt":{"rendered":"Men\u00e9s une grande partie du match, les rugbymen grenoblois ont \u00e9t\u00e9 r\u00e9compens\u00e9s de leur caract\u00e8re en s&rsquo;imposant sur&hellip;\n","protected":false},"author":2,"featured_media":353198,"comment_status":"","ping_status":"","sticky":false,"template":"","format":"standard","meta":{"footnotes":""},"categories":[9566],"tags":[1111,11,2430,1777,674,1011,27,2731,12,25],"class_list":{"0":"post-353197","1":"post","2":"type-post","3":"status-publish","4":"format-standard","5":"has-post-thumbnail","7":"category-grenoble","8":"tag-actu","9":"tag-actualites","10":"tag-auvergne-rhone-alpes","11":"tag-eu","12":"tag-europe","13":"tag-fr","14":"tag-france","15":"tag-grenoble","16":"tag-news","17":"tag-republique-francaise"},"share_on_mastodon":{"url":"https:\/\/pubeurope.com\/@fr\/115114582383478058","error":""},"_links":{"self":[{"href":"https:\/\/www.europesays.com\/fr\/wp-json\/wp\/v2\/posts\/353197","targetHints":{"allow":["GET"]}}],"collection":[{"href":"https:\/\/www.europesays.com\/fr\/wp-json\/wp\/v2\/posts"}],"about":[{"href":"https:\/\/www.europesays.com\/fr\/wp-json\/wp\/v2\/types\/post"}],"author":[{"embeddable":true,"href":"https:\/\/www.europesays.com\/fr\/wp-json\/wp\/v2\/users\/2"}],"replies":[{"embeddable":true,"href":"https:\/\/www.europesays.com\/fr\/wp-json\/wp\/v2\/comments?post=353197"}],"version-history":[{"count":0,"href":"https:\/\/www.europesays.com\/fr\/wp-json\/wp\/v2\/posts\/353197\/revisions"}],"wp:featuredmedia":[{"embeddable":true,"href":"https:\/\/www.europesays.com\/fr\/wp-json\/wp\/v2\/media\/353198"}],"wp:attachment":[{"href":"https:\/\/www.europesays.com\/fr\/wp-json\/wp\/v2\/media?parent=353197"}],"wp:term":[{"taxonomy":"category","embeddable":true,"href":"https:\/\/www.europesays.com\/fr\/wp-json\/wp\/v2\/categories?post=353197"},{"taxonomy":"post_tag","embeddable":true,"href":"https:\/\/www.europesays.com\/fr\/wp-json\/wp\/v2\/tags?post=353197"}],"curies":[{"name":"wp","href":"https:\/\/api.w.org\/{rel}","templated":true}]}}