{"id":35321,"date":"2025-04-19T01:46:08","date_gmt":"2025-04-19T01:46:08","guid":{"rendered":"https:\/\/www.europesays.com\/fr\/35321\/"},"modified":"2025-04-19T01:46:08","modified_gmt":"2025-04-19T01:46:08","slug":"grenoble-y-est-presque-brive-sen-rapproche","status":"publish","type":"post","link":"https:\/\/www.europesays.com\/fr\/35321\/","title":{"rendered":"Grenoble y est presque, Brive s&rsquo;en rapproche"},"content":{"rendered":"<p>Grenoble a consolid\u00e9 sa place de leader ce vendredi en corrigeant Nice. Brive, pour sa part, a fait une magnifique op\u00e9ration en venant \u00e0 bout de Provence Rugby.<\/p>\n<p class=\"fig-paragraph\"><a href=\"http:\/\/www.lefigaro.fr\/sports\/rugby\/pro-d2-choc-au-sommet-entre-brive-et-provence-rugby-pour-tenter-de-se-rapprocher-de-grenoble-20250416\" data-fig-type=\"NewsFlash\" data-gtm-custom-categorie=\"navigation\" data-gtm-custom-action=\"crossclick\" data-gtm-custom-label=\"Contextuel\" data-gtm-event=\"customEventSPE\" data-fig-domain=\"LEFIGARO\" target=\"_blank\" rel=\"noopener\">Grenoble<\/a>\u00a0a repris sa marche en avant et consolid\u00e9 sa place de leader de la\u00a0<a href=\"http:\/\/www.lefigaro.fr\/sports\/rugby\/pro-d2-en-surclassant-agen-colomiers-prend-la-3e-place-20250417\" data-fig-type=\"NewsFlash\" data-gtm-custom-categorie=\"navigation\" data-gtm-custom-action=\"crossclick\" data-gtm-custom-label=\"Contextuel\" data-gtm-event=\"customEventSPE\" data-fig-domain=\"LEFIGARO\" target=\"_blank\" rel=\"noopener\">Pro D2<\/a>\u00a0de rugby en corrigeant Nice 47-17 tandis que Brive a r\u00e9alis\u00e9 une excellente op\u00e9ration en battant\u00a0<a href=\"http:\/\/www.lefigaro.fr\/sports\/rugby\/pro-d2-choc-au-sommet-entre-brive-et-provence-rugby-pour-tenter-de-se-rapprocher-de-grenoble-20250416\" data-fig-type=\"NewsFlash\" data-gtm-custom-categorie=\"navigation\" data-gtm-custom-action=\"crossclick\" data-gtm-custom-label=\"Contextuel\" data-gtm-event=\"customEventSPE\" data-fig-domain=\"LEFIGARO\" target=\"_blank\" rel=\"noopener\">Provence Rugby<\/a>\u00a024-17.<\/p>\n<p class=\"fig-paragraph\">Les Is\u00e9rois restaient sur des performances inqui\u00e9tantes, ayant perdu trois de leurs quatre derniers matches. La r\u00e9ception de Nice, lanterne rouge d\u00e9j\u00e0 condamn\u00e9e \u00e0 la rel\u00e9gation, leur a permis de remettre les pendules \u00e0 l&rsquo;heure.<\/p>\n<p class=\"fig-paragraph\">Six essais en premi\u00e8re mi-temps, et 40-17 \u00e0 la pause, ont suffi \u00e0 d\u00e9crocher une victoire bonifi\u00e9e au terme d&rsquo;un deuxi\u00e8me acte o\u00f9 les Grenoblois ont lev\u00e9 le pied, n&rsquo;inscrivant qu&rsquo;un essai suppl\u00e9mentaire.<\/p>\n<p class=\"fig-body-link\">\n            \u00c0 lire aussi<br \/>\n        <a class=\"fig-body-link__link\" href=\"http:\/\/www.lefigaro.fr\/sports\/rugby\/pro-d2-en-surclassant-agen-colomiers-prend-la-3e-place-20250417\" data-fig-type=\"NewsFlash\" data-gtm-custom-categorie=\"navigation\" data-gtm-custom-action=\"crossclick\" data-gtm-custom-label=\"Contextuel\" data-gtm-event=\"customEventSPE\" data-fig-domain=\"LEFIGARO\" target=\"_blank\" rel=\"noopener\">Pro D2\u00a0: en surclassant Agen, Colomiers prend la 3e place<br \/>\n    <\/a>\n<\/p>\n<p class=\"fig-paragraph\">Avec 90 points et 13 longueurs d&rsquo;avance sur le 3e, Colomiers, le FCG est bien plac\u00e9 pour prendre un des deux billets directs pour les demi-finales alors qu&rsquo;il ne reste plus que trois journ\u00e9es d&rsquo;ici la fin de la saison r\u00e9guli\u00e8re.<\/p>\n<p class=\"fig-paragraph\">Brive (2e, 84 points) peut aussi envisager avec s\u00e9r\u00e9nit\u00e9 la suite des \u00e9v\u00e9nements.<\/p>\n<p class=\"fig-paragraph\">Derri\u00e8re, la chasse est serr\u00e9e. Six points seulement s\u00e9parent Colomiers (3e, 77 pts) du 7e, Soyaux-Angoul\u00eame. Seuls les quatre clubs class\u00e9s entre les 3e et 6e places se disputeront les deux derniers billets pour les demies.<\/p>\n<p class=\"fig-paragraph\">Jeudi 17 avril<\/p>\n<p class=\"fig-paragraph\">Colomiers (bo) &#8211; Agen 59 &#8211; 10<\/p>\n<p class=\"fig-paragraph\">Vendredi 18 avril<\/p>\n<p class=\"fig-paragraph\">Nevers &#8211; Biarritz 35 &#8211; 15<\/p>\n<p class=\"fig-paragraph\">B\u00e9ziers &#8211; Mont-de-Marsan 37 &#8211; 12<\/p>\n<p class=\"fig-paragraph\">Grenoble (bo) &#8211; Nice 47 &#8211; 17<\/p>\n<p class=\"fig-paragraph\">Oyonnax (bo) &#8211; Valence-Romans 43 &#8211; 17<\/p>\n<p class=\"fig-paragraph\">Soyaux-Angoul\u00eame (bd) &#8211; Montauban 18 &#8211; 19<\/p>\n<p class=\"fig-paragraph\">Dax &#8211; Aurillac (bd) 26 &#8211; 21<\/p>\n<p class=\"fig-paragraph\">Brive &#8211; Provence Rugby 24 &#8211; 17<\/p>\n<p class=\"fig-paragraph\"><strong>Classement: Pts J G N P pp pc dif Bon<\/strong><\/p>\n<p class=\"fig-paragraph\">1. Grenoble 90 27 19 0 8 897 574 323 14<\/p>\n<p class=\"fig-paragraph\">2. Brive 84 27 18 0 9 643 522 141 12<\/p>\n<p class=\"fig-paragraph\">3. Colomiers 77 27 16 1 10 822 707 115 11<\/p>\n<p class=\"fig-paragraph\">4. Provence Rugby 76 27 16 1 10 729 648 81 10<\/p>\n<p class=\"fig-paragraph\">5. B\u00e9ziers 72 27 15 0 12 678 596 82 12<\/p>\n<p class=\"fig-paragraph\">6. Montauban 72 27 16 0 11 712 678 34 8<\/p>\n<p class=\"fig-paragraph\">7. Soyaux-Angoul\u00eame 71 27 15 2 10 672 649 23 7<\/p>\n<p class=\"fig-paragraph\">8. Nevers 61 27 14 0 13 623 716 -93 5<\/p>\n<p class=\"fig-paragraph\">9. Dax 57 27 12 1 14 585 668 -83 7<\/p>\n<p class=\"fig-paragraph\">10. Oyonnax 56 27 11 1 15 652 615 37 10<\/p>\n<p class=\"fig-paragraph\">11. Valence-Romans 55 27 11 0 16 712 687 25 11<\/p>\n<p class=\"fig-paragraph\">12. Biarritz 55 27 12 0 15 636 667 -31 8<\/p>\n<p class=\"fig-paragraph\">13. Agen 53 27 11 0 16 633 681 -48 9<\/p>\n<p class=\"fig-paragraph\">14. Mont-de-Marsan 51 27 11 0 16 669 753 -84 7<\/p>\n<p class=\"fig-paragraph\">15. Aurillac 48 27 11 0 16 620 804-184 4<\/p>\n<p class=\"fig-paragraph\">16. Nice 26 27 5 0 22 526 864-338 6<\/p>\n","protected":false},"excerpt":{"rendered":"Grenoble a consolid\u00e9 sa place de leader ce vendredi en corrigeant Nice. Brive, pour sa part, a fait&hellip;\n","protected":false},"author":2,"featured_media":35322,"comment_status":"","ping_status":"","sticky":false,"template":"","format":"standard","meta":{"footnotes":""},"categories":[9566],"tags":[1111,47,11,2430,1465,1109,83,451,1112,1777,674,1108,107,1106,1107,63,1011,27,1472,2731,11462,1110,1114,3996,66,446,2182,12,1113,25,479,11463,517,1467,10887],"class_list":{"0":"post-35321","1":"post","2":"type-post","3":"status-publish","4":"format-standard","5":"has-post-thumbnail","7":"category-grenoble","8":"tag-actu","9":"tag-actualite","10":"tag-actualites","11":"tag-auvergne-rhone-alpes","12":"tag-basket","13":"tag-breves","14":"tag-coupe-de-france","15":"tag-coupe-du-monde","16":"tag-depeches","17":"tag-eu","18":"tag-europe","19":"tag-fil","20":"tag-fil-info","21":"tag-flash","22":"tag-flash-actu","23":"tag-football","24":"tag-fr","25":"tag-france","26":"tag-golf","27":"tag-grenoble","28":"tag-hippisme","29":"tag-informations","30":"tag-infos","31":"tag-jeux-olympiques","32":"tag-ligue-1","33":"tag-ligue-2","34":"tag-nba","35":"tag-news","36":"tag-nouvelles","37":"tag-republique-francaise","38":"tag-rugby","39":"tag-solitaire","40":"tag-sport","41":"tag-tennis","42":"tag-voile"},"share_on_mastodon":{"url":"https:\/\/pubeurope.com\/@fr\/114362108236724683","error":""},"_links":{"self":[{"href":"https:\/\/www.europesays.com\/fr\/wp-json\/wp\/v2\/posts\/35321","targetHints":{"allow":["GET"]}}],"collection":[{"href":"https:\/\/www.europesays.com\/fr\/wp-json\/wp\/v2\/posts"}],"about":[{"href":"https:\/\/www.europesays.com\/fr\/wp-json\/wp\/v2\/types\/post"}],"author":[{"embeddable":true,"href":"https:\/\/www.europesays.com\/fr\/wp-json\/wp\/v2\/users\/2"}],"replies":[{"embeddable":true,"href":"https:\/\/www.europesays.com\/fr\/wp-json\/wp\/v2\/comments?post=35321"}],"version-history":[{"count":0,"href":"https:\/\/www.europesays.com\/fr\/wp-json\/wp\/v2\/posts\/35321\/revisions"}],"wp:featuredmedia":[{"embeddable":true,"href":"https:\/\/www.europesays.com\/fr\/wp-json\/wp\/v2\/media\/35322"}],"wp:attachment":[{"href":"https:\/\/www.europesays.com\/fr\/wp-json\/wp\/v2\/media?parent=35321"}],"wp:term":[{"taxonomy":"category","embeddable":true,"href":"https:\/\/www.europesays.com\/fr\/wp-json\/wp\/v2\/categories?post=35321"},{"taxonomy":"post_tag","embeddable":true,"href":"https:\/\/www.europesays.com\/fr\/wp-json\/wp\/v2\/tags?post=35321"}],"curies":[{"name":"wp","href":"https:\/\/api.w.org\/{rel}","templated":true}]}}