{"id":353211,"date":"2025-08-29T23:17:35","date_gmt":"2025-08-29T23:17:35","guid":{"rendered":"https:\/\/www.europesays.com\/fr\/353211\/"},"modified":"2025-08-29T23:17:35","modified_gmt":"2025-08-29T23:17:35","slug":"des-travaux-entre-nantes-et-cholet-vont-etre-lances-huit-semaines-de-perturbations-a-prevoir","status":"publish","type":"post","link":"https:\/\/www.europesays.com\/fr\/353211\/","title":{"rendered":"Des travaux entre Nantes et Cholet vont \u00eatre lanc\u00e9s\u00a0: huit semaines de perturbations \u00e0 pr\u00e9voir"},"content":{"rendered":"<p>Apr\u00e8s la r\u00e9novation de 10\u00a0km de chauss\u00e9e entre Vallet et La Chapelle-Heulin <a href=\"https:\/\/nantes.maville.com\/actu\/actudet_-info-trafic.-six-semaines-de-travaux-entre-vallet-et-la-chapelle-heulin-_8-6446017_actu.Htm\" target=\"_blank\" rel=\"noopener\">\u00e0 la rentr\u00e9e scolaire 2024<\/a>, ce sera au tour de la chauss\u00e9e situ\u00e9e au niveau de Haute-Goulaine sur le RN249\u00a0de b\u00e9n\u00e9ficier d\u2019une cure de jouvence. La direction Ouest va proc\u00e9der <a href=\"https:\/\/nantes.maville.com\/actu\/actudet_-l-axe-cholet-nantes-sera-fortement-perturbe-apres-les-vacances-d-ete-_8-6848422_actu.Htm\" target=\"_blank\" rel=\"noopener\">\u00e0 la r\u00e9novation int\u00e9grale de la chauss\u00e9e<\/a> sur 8\u00a0km environ, dans les deux sens au droit des communes de Basse-Goulaine et de Haute-Goulaine. La remise en \u00e9tat de cette section de la RN249\u00a0permettra d\u2019am\u00e9liorer les conditions de s\u00e9curit\u00e9 et de confort des usagers.<\/p>\n<p>Du lundi 8\u00a0septembre jusqu\u2019au vendredi 24\u00a0octobre<\/p>\n<p>Les travaux sont pr\u00e9vus du lundi 8\u00a0septembre jusqu\u2019au vendredi 24\u00a0octobre. En parall\u00e8le des travaux sur les bretelles des \u00e9changeurs RD115 (Basse-Goulaine) et RD 149 (La Chapelle-Heulin) seront entrepris.<\/p>\n<p><a href=\"https:\/\/nantes.maville.com\/actu\/actudet_-travaux-sur-l-a11-et-le-peripherique-a-nantes-des-fermetures-dans-les-deux-sens-de-circulation-_52716-6949905_actu.Htm\" target=\"_blank\" rel=\"noopener\"> <strong>LIRE AUSSI. <\/strong>Travaux sur l\u2019A11 et le p\u00e9riph\u00e9rique \u00e0 Nantes\u00a0: des fermetures dans les deux sens de circulation<\/a><\/p>\n<p>Quelle circulation pendant cette p\u00e9riode\u00a0?<\/p>\n<p>La Nationale, fr\u00e9quent\u00e9e chaque jour par environ 33\u00a0000\u00a0v\u00e9hicules, sera fortement perturb\u00e9e pendant huit semaines, puisqu\u2019une seule voie sera ouverte \u00e0 la circulation, dans les deux sens. Voie o\u00f9 la vitesse sera par ailleurs abaiss\u00e9e \u00e0 90\u00a0km\/h au lieu de 110\u00a0km\/h. \u00a0Le phasage retenu permettra cependant de limiter la dur\u00e9e de fermeture des \u00e9changeurs avec les RD115 et RD149\u00a0, pr\u00e9vient la DIROuest.<\/p>\n<p>Des messages annon\u00e7ant les temps de retard sont pr\u00e9vus.<\/p>\n<p>\u00a0<\/p>\n","protected":false},"excerpt":{"rendered":"Apr\u00e8s la r\u00e9novation de 10\u00a0km de chauss\u00e9e entre Vallet et La Chapelle-Heulin \u00e0 la rentr\u00e9e scolaire 2024, ce&hellip;\n","protected":false},"author":2,"featured_media":353212,"comment_status":"","ping_status":"","sticky":false,"template":"","format":"standard","meta":{"footnotes":""},"categories":[2818],"tags":[1111,11,2192,1777,674,1011,27,38450,766,12,2636,7854,48970,25,20432,2086],"class_list":{"0":"post-353211","1":"post","2":"type-post","3":"status-publish","4":"format-standard","5":"has-post-thumbnail","7":"category-nantes","8":"tag-actu","9":"tag-actualites","10":"tag-cholet","11":"tag-eu","12":"tag-europe","13":"tag-fr","14":"tag-france","15":"tag-lances","16":"tag-nantes","17":"tag-news","18":"tag-pays-de-la-loire","19":"tag-perturbations","20":"tag-prevoir","21":"tag-republique-francaise","22":"tag-semaines","23":"tag-travaux"},"share_on_mastodon":{"url":"https:\/\/pubeurope.com\/@fr\/115114609492054705","error":""},"_links":{"self":[{"href":"https:\/\/www.europesays.com\/fr\/wp-json\/wp\/v2\/posts\/353211","targetHints":{"allow":["GET"]}}],"collection":[{"href":"https:\/\/www.europesays.com\/fr\/wp-json\/wp\/v2\/posts"}],"about":[{"href":"https:\/\/www.europesays.com\/fr\/wp-json\/wp\/v2\/types\/post"}],"author":[{"embeddable":true,"href":"https:\/\/www.europesays.com\/fr\/wp-json\/wp\/v2\/users\/2"}],"replies":[{"embeddable":true,"href":"https:\/\/www.europesays.com\/fr\/wp-json\/wp\/v2\/comments?post=353211"}],"version-history":[{"count":0,"href":"https:\/\/www.europesays.com\/fr\/wp-json\/wp\/v2\/posts\/353211\/revisions"}],"wp:featuredmedia":[{"embeddable":true,"href":"https:\/\/www.europesays.com\/fr\/wp-json\/wp\/v2\/media\/353212"}],"wp:attachment":[{"href":"https:\/\/www.europesays.com\/fr\/wp-json\/wp\/v2\/media?parent=353211"}],"wp:term":[{"taxonomy":"category","embeddable":true,"href":"https:\/\/www.europesays.com\/fr\/wp-json\/wp\/v2\/categories?post=353211"},{"taxonomy":"post_tag","embeddable":true,"href":"https:\/\/www.europesays.com\/fr\/wp-json\/wp\/v2\/tags?post=353211"}],"curies":[{"name":"wp","href":"https:\/\/api.w.org\/{rel}","templated":true}]}}