{"id":353215,"date":"2025-08-29T23:19:09","date_gmt":"2025-08-29T23:19:09","guid":{"rendered":"https:\/\/www.europesays.com\/fr\/353215\/"},"modified":"2025-08-29T23:19:09","modified_gmt":"2025-08-29T23:19:09","slug":"previsions-du-samedi-30-aout-2025-4","status":"publish","type":"post","link":"https:\/\/www.europesays.com\/fr\/353215\/","title":{"rendered":"pr\u00e9visions du samedi 30 ao\u00fbt 2025"},"content":{"rendered":"<p>Le ciel sera toujours couvert aujourd&rsquo;hui, \u00e0 Bordeaux, avec des nuages. Les valeurs iront de 15 \u00e0 26\u00b0C. Une l\u00e9g\u00e8re brise de sud-ouest soufflera. Des pluies \u00e9parses sont attendues dans la matin\u00e9e. Le ciel va l\u00e9g\u00e8rement se d\u00e9gager dans l&rsquo;apr\u00e8s-midi avec des \u00e9claircies. Les temp\u00e9ratures vont conna\u00eetre une hausse de quelques degr\u00e9s. Les maximales atteindront les 26\u00b0C tandis que les minimales seront de 24\u00b0C. Un ciel brumeux est \u00e0 pr\u00e9voir dans la nuit reliant samedi et dimanche.<\/p>\n<p>Demain, Bordeaux sera travers\u00e9e par de l\u00e9g\u00e8res averses. Une diminution du mercure est \u00e0 craindre. Il fera 18\u00b0C en moyenne. Le matin, on anticipe des temp\u00e9ratures avoisinant 20\u00b0C. Un vent de sud-ouest soufflera doucement. Les valeurs s&rsquo;\u00e9chelonneront entre 18 et 19\u00b0C demain apr\u00e8s-midi. Des \u00e9claircies feront leur apparition dans la soir\u00e9e. Un vent d&rsquo;ouest soufflera un peu, avec 7 km\/h.<\/p>\n<p>Peu d&rsquo;\u00e9volutions au fil des jours. Des temp\u00e9ratures dans les 22\u00b0C iront de pair avec un ciel pluvieux.<\/p>\n<p><\/p>\n","protected":false},"excerpt":{"rendered":"Le ciel sera toujours couvert aujourd&rsquo;hui, \u00e0 Bordeaux, avec des nuages. Les valeurs iront de 15 \u00e0 26\u00b0C.&hellip;\n","protected":false},"author":2,"featured_media":353216,"comment_status":"","ping_status":"","sticky":false,"template":"","format":"standard","meta":{"footnotes":""},"categories":[2817],"tags":[1111,11,1997,1777,674,1011,27,12,2219,2119,25],"class_list":{"0":"post-353215","1":"post","2":"type-post","3":"status-publish","4":"format-standard","5":"has-post-thumbnail","7":"category-bordeaux","8":"tag-actu","9":"tag-actualites","10":"tag-bordeaux","11":"tag-eu","12":"tag-europe","13":"tag-fr","14":"tag-france","15":"tag-news","16":"tag-nouvelle-aquitaine","17":"tag-previsions-meteo","18":"tag-republique-francaise"},"share_on_mastodon":{"url":"https:\/\/pubeurope.com\/@fr\/115114617284101741","error":""},"_links":{"self":[{"href":"https:\/\/www.europesays.com\/fr\/wp-json\/wp\/v2\/posts\/353215","targetHints":{"allow":["GET"]}}],"collection":[{"href":"https:\/\/www.europesays.com\/fr\/wp-json\/wp\/v2\/posts"}],"about":[{"href":"https:\/\/www.europesays.com\/fr\/wp-json\/wp\/v2\/types\/post"}],"author":[{"embeddable":true,"href":"https:\/\/www.europesays.com\/fr\/wp-json\/wp\/v2\/users\/2"}],"replies":[{"embeddable":true,"href":"https:\/\/www.europesays.com\/fr\/wp-json\/wp\/v2\/comments?post=353215"}],"version-history":[{"count":0,"href":"https:\/\/www.europesays.com\/fr\/wp-json\/wp\/v2\/posts\/353215\/revisions"}],"wp:featuredmedia":[{"embeddable":true,"href":"https:\/\/www.europesays.com\/fr\/wp-json\/wp\/v2\/media\/353216"}],"wp:attachment":[{"href":"https:\/\/www.europesays.com\/fr\/wp-json\/wp\/v2\/media?parent=353215"}],"wp:term":[{"taxonomy":"category","embeddable":true,"href":"https:\/\/www.europesays.com\/fr\/wp-json\/wp\/v2\/categories?post=353215"},{"taxonomy":"post_tag","embeddable":true,"href":"https:\/\/www.europesays.com\/fr\/wp-json\/wp\/v2\/tags?post=353215"}],"curies":[{"name":"wp","href":"https:\/\/api.w.org\/{rel}","templated":true}]}}