{"id":353217,"date":"2025-08-29T23:20:17","date_gmt":"2025-08-29T23:20:17","guid":{"rendered":"https:\/\/www.europesays.com\/fr\/353217\/"},"modified":"2025-08-29T23:20:17","modified_gmt":"2025-08-29T23:20:17","slug":"je-ne-le-souhaite-a-personne-raconte-soufiane-bahassa","status":"publish","type":"post","link":"https:\/\/www.europesays.com\/fr\/353217\/","title":{"rendered":"\u00ab\u00a0Je ne le souhaite \u00e0 personne\u00a0\u00bb raconte Soufiane Bahassa"},"content":{"rendered":"<p>C\u2019est un pas de plus. \u00ab\u00a0Ma saison a d\u00e9but\u00e9 \u00e0 partir du moment o\u00f9 j\u2019ai repris la course. Mais il faut \u00eatre encore prendre le temps pour \u00eatre \u00e0 100\u00a0%\u00a0\u00bb, dit Soufiane Bahassa, pour qui le staff table sur un bon mois de mont\u00e9e progressive en puissance. Satisfaction de la saison derni\u00e8re, l\u2019ailier des Girondins, 30\u00a0ans, est entr\u00e9 en jeu, samedi au stade Atlantique contre Granville (0-1), quatre mois et demi apr\u00e8s s\u2019\u00eatre rompu un ligament de la cheville gauche au m\u00eame endroit. Jeudi, pour \u00ab\u00a0Sud Ouest\u00a0\u00bb, il est revenu sur cette longue route.<\/p>\n<p class=\"interview-question\">Vous vous \u00eates bless\u00e9 d\u00e8s la premi\u00e8re action du match au sommet contre Saint-Malo le 12\u00a0avril (1-0). Comment l\u2019avez-vous v\u00e9cu\u00a0?<\/p>\n<p class=\"interview-answer\">Sur le moment, je n\u2019y croyais pas. Mais dans les cinq minutes qui ont suivi, je me suis rendu compte que c\u2019\u00e9tait plus qu\u2019une entorse. J\u2019ai appris dans les jours suivants que je devais me faire op\u00e9rer. Il y a plein de choses qui tournent alors dans la t\u00eate. J\u2019\u00e9tais en fin de contrat, c\u2019\u00e9tait la fin de saison\u2026 J\u2019avais discut\u00e9 un peu juste avant avec les dirigeants. J\u2019avais dit que c\u2019\u00e9tait mon club\u2026 La certitude de ma prolongation, je ne l\u2019ai eue qu\u2019en juin. Tant que rien n\u2019est sign\u00e9, rien n\u2019est s\u00fbr. Mais j\u2019avais eu entre-temps de vraies discussions, avec la parole de certaines personnes au club et \u00e7a m\u2019avait rassur\u00e9.<\/p>\n<p class=\"interview-question\">Il restait un petit espoir de mont\u00e9e. Est-ce encore plus difficile de se retrouver spectateur\u00a0?<\/p>\n<p class=\"interview-answer\">Contre Saint-Malo, j\u2019\u00e9tais \u00e0 la fois frustr\u00e9 et content car la victoire entretenait notre chance. Malheureusement, la suite ne s\u2019est pas pass\u00e9e comme pr\u00e9vu. Je me suis alors concentr\u00e9 sur ma gu\u00e9rison. On avait d\u00e9marr\u00e9 de mani\u00e8re compliqu\u00e9e, \u00e0 l\u2019arrach\u00e9. Malgr\u00e9 cela, on avait cr\u00e9\u00e9 quelque chose de magnifique, on avait remont\u00e9 onze points de retard. Et on a tout g\u00e2ch\u00e9 nous-m\u00eames. \u00c0 titre personnel, j\u2019ai beaucoup appris avec le coach (Bruno Irles) et Dado (Prso, l\u2019adjoint, NDLR). Les statistiques montrent que j\u2019ai apport\u00e9 (3 buts et 5 passes d\u00e9cisives en 24 matchs de N2) mais pas assez. J\u2019ai r\u00e9alis\u00e9 de tr\u00e8s bons d\u00e9buts aux Girondins, mais j\u2019\u00e9tais d\u00e9\u00e7u.<\/p>\n<p class=\"interview-question\">Qu\u2019est-ce qui a \u00e9t\u00e9 le plus dur lors de votre r\u00e9\u00e9ducation\u00a0?<\/p>\n<p class=\"interview-answer\">Apr\u00e8s l\u2019op\u00e9ration, on a mis un programme en place avec le chirurgien et le staff m\u00e9dical dont le timing a \u00e9t\u00e9 tr\u00e8s bien respect\u00e9. Je devais \u00eatre s\u00e9rieux, je pense l\u2019avoir \u00e9t\u00e9. Ne pas pouvoir poser mon pied pendant plusieurs semaines a \u00e9t\u00e9 tr\u00e8s difficile. C\u2019est ma premi\u00e8re grosse blessure. Je ne le souhaite \u00e0 personne. J\u2019ai eu des moments o\u00f9 j\u2019avais le moral bas. Je voyais ma cheville qui ne bougeait pas. Je m\u2019interrogeais si elle allait revenir comme avant. Je suis croyant, je me suis dit que c\u2019\u00e9tait une \u00e9preuve que j\u2019allais surmonter.<\/p>\n<p class=\"interview-question\">Vous avez pass\u00e9 deux semaines au CERS de Capbreton. Qu\u2019en retenez-vous\u00a0?<\/p>\n<p class=\"interview-answer\">J\u2019ai rencontr\u00e9 Marvin Adela\u00efde qui joue au Puy (N1), R\u00e9my Labeau-Lascary qui vient de signer \u00e0 Angers (ex-Lens, L1), Regha Fresneau des Herbiers (N2). On \u00e9tait entre sportifs, focus du matin au soir sur le travail. Le temps passe plus vite. Mais je remercie vraiment le kin\u00e9 (David Das Neves) et le doc (Thibaud Viricelle) du club, qui ne m\u2019ont pas l\u00e2ch\u00e9 pendant toute la tr\u00eave, qui r\u00e9pondaient aussit\u00f4t d\u00e8s que j\u2019avais une question. Quand je suis revenu de Capbreton, la saison \u00e9tait finie mais ils \u00e9taient toujours au club pour s\u2019occuper de moi. J\u2019ai pu couper quinze jours apr\u00e8s et je suis revenu une semaine avant la reprise. J\u2019avais de l\u2019appr\u00e9hension, mais DD (David Das Neves) \u00e9tait toujours l\u00e0 pour me rassurer.<\/p>\n<blockquote><p>\u00ab\u00a0Je m\u2019interrogeais si ma cheville allait revenir comme avant\u00a0\u00bb<\/p><\/blockquote>\n<p class=\"interview-question\">Comment avez-vous v\u00e9cu la reprise de la comp\u00e9tition\u00a0?<\/p>\n<p class=\"interview-answer\">J\u2019ai recommenc\u00e9 avec le collectif une semaine avant la premi\u00e8re journ\u00e9e contre Avranches (0-0, le 17\u00a0ao\u00fbt). Si j\u2019avais pu jouer, je l\u2019aurais fait mais le staff me disait que je prenais un risque inutile. Les sensations sont bonnes. J\u2019ai beaucoup travaill\u00e9 le cardio en salle sur v\u00e9lo, je ne prends pas beaucoup de poids. Mais je ne suis pas \u00e0 mon maximum. Je dois revenir, et j\u2019esp\u00e8re apr\u00e8s faire mieux que la saison derni\u00e8re. Je suis un des quatre \u00e0 \u00eatre rest\u00e9 (avec Diabat\u00e9, Grillot, Trichard), on n\u2019est pas beaucoup \u00e0 avoir la trentaine. On est l\u00e0 pour amener le groupe dans le bon sens. On a un d\u00e9but de saison compliqu\u00e9, mais on va faire en sorte que \u00e7a change rapidement.<\/p>\n<p>Le match<\/p>\n<p>Ch\u00e2teaubriant (14e\/0 pt) &#8211; Girondins (12e\/1 pt), ce samedi \u00e0\u00a018 heures stade de la Ville en bois \u00e0 Ch\u00e2teaubriant.<\/p>\n<p>    SUPPORTERS<br \/>\nLes Ultramarines apr\u00e8s le match samedi et \u00e0 l\u2019entra\u00eenement jeudi, les North Gate \u00e0 la sortie du parking samedi\u00a0: le supporters ont marqu\u00e9 le coup apr\u00e8s la d\u00e9faite contre Granville. \u00ab\u00a0Les nouveaux ont vu qu\u2019il y a un environnement avec lequel il faut apprendre \u00e0 vivre au quotidien\u00a0\u00bb, dit Soufiane Bahassa. \u00ab\u00a0Les Ultramarines ont dit ce qu\u2019ils avaient \u00e0 nous dire. On a \u00e9cout\u00e9, je comprends leur frustration. Ce qu\u2019on fait n\u2019est pas top. Les North Gate ont aussi dit leur m\u00e9contentement du match et du fait qu\u2019on n\u2019\u00e9tait pas all\u00e9 vers eux. On leur a dit que \u00e7a ne se reproduirait plus.\u00a0\u00bb<\/p>\n","protected":false},"excerpt":{"rendered":"C\u2019est un pas de plus. \u00ab\u00a0Ma saison a d\u00e9but\u00e9 \u00e0 partir du moment o\u00f9 j\u2019ai repris la course.&hellip;\n","protected":false},"author":2,"featured_media":353218,"comment_status":"","ping_status":"","sticky":false,"template":"","format":"standard","meta":{"footnotes":""},"categories":[2817],"tags":[1111,11,1997,1777,674,1011,27,12,2219,25],"class_list":{"0":"post-353217","1":"post","2":"type-post","3":"status-publish","4":"format-standard","5":"has-post-thumbnail","7":"category-bordeaux","8":"tag-actu","9":"tag-actualites","10":"tag-bordeaux","11":"tag-eu","12":"tag-europe","13":"tag-fr","14":"tag-france","15":"tag-news","16":"tag-nouvelle-aquitaine","17":"tag-republique-francaise"},"share_on_mastodon":{"url":"https:\/\/pubeurope.com\/@fr\/115114621641188900","error":""},"_links":{"self":[{"href":"https:\/\/www.europesays.com\/fr\/wp-json\/wp\/v2\/posts\/353217","targetHints":{"allow":["GET"]}}],"collection":[{"href":"https:\/\/www.europesays.com\/fr\/wp-json\/wp\/v2\/posts"}],"about":[{"href":"https:\/\/www.europesays.com\/fr\/wp-json\/wp\/v2\/types\/post"}],"author":[{"embeddable":true,"href":"https:\/\/www.europesays.com\/fr\/wp-json\/wp\/v2\/users\/2"}],"replies":[{"embeddable":true,"href":"https:\/\/www.europesays.com\/fr\/wp-json\/wp\/v2\/comments?post=353217"}],"version-history":[{"count":0,"href":"https:\/\/www.europesays.com\/fr\/wp-json\/wp\/v2\/posts\/353217\/revisions"}],"wp:featuredmedia":[{"embeddable":true,"href":"https:\/\/www.europesays.com\/fr\/wp-json\/wp\/v2\/media\/353218"}],"wp:attachment":[{"href":"https:\/\/www.europesays.com\/fr\/wp-json\/wp\/v2\/media?parent=353217"}],"wp:term":[{"taxonomy":"category","embeddable":true,"href":"https:\/\/www.europesays.com\/fr\/wp-json\/wp\/v2\/categories?post=353217"},{"taxonomy":"post_tag","embeddable":true,"href":"https:\/\/www.europesays.com\/fr\/wp-json\/wp\/v2\/tags?post=353217"}],"curies":[{"name":"wp","href":"https:\/\/api.w.org\/{rel}","templated":true}]}}