{"id":353223,"date":"2025-08-29T23:23:10","date_gmt":"2025-08-29T23:23:10","guid":{"rendered":"https:\/\/www.europesays.com\/fr\/353223\/"},"modified":"2025-08-29T23:23:10","modified_gmt":"2025-08-29T23:23:10","slug":"previsions-du-samedi-30-aout-2025-5","status":"publish","type":"post","link":"https:\/\/www.europesays.com\/fr\/353223\/","title":{"rendered":"pr\u00e9visions du samedi 30 ao\u00fbt 2025"},"content":{"rendered":"<p>La ville de Lille aura quelques \u00e9claircies aujourd&rsquo;hui. Les temp\u00e9ratures afficheront entre 13\u00b0C et 22\u00b0C. Un vent de sud-ouest rafra\u00eechira un peu l&rsquo;atmosph\u00e8re. Les valeurs avoisineront les 22\u00b0C au cours de l&rsquo;apr\u00e8s-midi. Le soir, le vent va peu \u00e0 peu chasser les nuages. Le thermom\u00e8tre affichera 20\u00b0C en moyenne. Entre samedi et dimanche, la nuit sera claire.<\/p>\n<p>Le soleil se fera attendre demain sur Lille, o\u00f9 des nuages sont bien install\u00e9s. Une m\u00e9t\u00e9o plus chaude est pr\u00e9vue puisque le mercure va conna\u00eetre une augmentation. Les temp\u00e9ratures seront comprises entre 18 et 23\u00b0C. Un l\u00e9ger vent de sud-ouest sera ressenti par les habitants. Le matin, toujours des nuages dans le ciel qui emp\u00eachent le soleil de faire son apparition. Le temps sera ponctu\u00e9 par des pluies \u00e9parses. Les temp\u00e9ratures avoisineront les 19\u00b0C. Le soleil appara\u00eet l\u00e9g\u00e8rement demain apr\u00e8s-midi. Ces \u00e9claircies devraient faire plaisir aux habitants. Les maximales atteindront les 23\u00b0C alors que les minimales seront de 22\u00b0C. Demain soir, on pr\u00e9voit des valeurs avoisinant 20\u00b0C.<\/p>\n<p>La m\u00e9t\u00e9o des jours qui suivent va s&rsquo;am\u00e9liorer. Il fera 23\u00b0C en moyenne pour des journ\u00e9es avec un ciel ensoleill\u00e9.<\/p>\n<p><\/p>\n","protected":false},"excerpt":{"rendered":"La ville de Lille aura quelques \u00e9claircies aujourd&rsquo;hui. Les temp\u00e9ratures afficheront entre 13\u00b0C et 22\u00b0C. Un vent de&hellip;\n","protected":false},"author":2,"featured_media":353224,"comment_status":"","ping_status":"","sticky":false,"template":"","format":"standard","meta":{"footnotes":""},"categories":[2815],"tags":[1111,11,1777,674,1011,27,811,1307,12,2119,25],"class_list":{"0":"post-353223","1":"post","2":"type-post","3":"status-publish","4":"format-standard","5":"has-post-thumbnail","7":"category-lille","8":"tag-actu","9":"tag-actualites","10":"tag-eu","11":"tag-europe","12":"tag-fr","13":"tag-france","14":"tag-hauts-de-france","15":"tag-lille","16":"tag-news","17":"tag-previsions-meteo","18":"tag-republique-francaise"},"share_on_mastodon":{"url":"https:\/\/pubeurope.com\/@fr\/115114633160335589","error":""},"_links":{"self":[{"href":"https:\/\/www.europesays.com\/fr\/wp-json\/wp\/v2\/posts\/353223","targetHints":{"allow":["GET"]}}],"collection":[{"href":"https:\/\/www.europesays.com\/fr\/wp-json\/wp\/v2\/posts"}],"about":[{"href":"https:\/\/www.europesays.com\/fr\/wp-json\/wp\/v2\/types\/post"}],"author":[{"embeddable":true,"href":"https:\/\/www.europesays.com\/fr\/wp-json\/wp\/v2\/users\/2"}],"replies":[{"embeddable":true,"href":"https:\/\/www.europesays.com\/fr\/wp-json\/wp\/v2\/comments?post=353223"}],"version-history":[{"count":0,"href":"https:\/\/www.europesays.com\/fr\/wp-json\/wp\/v2\/posts\/353223\/revisions"}],"wp:featuredmedia":[{"embeddable":true,"href":"https:\/\/www.europesays.com\/fr\/wp-json\/wp\/v2\/media\/353224"}],"wp:attachment":[{"href":"https:\/\/www.europesays.com\/fr\/wp-json\/wp\/v2\/media?parent=353223"}],"wp:term":[{"taxonomy":"category","embeddable":true,"href":"https:\/\/www.europesays.com\/fr\/wp-json\/wp\/v2\/categories?post=353223"},{"taxonomy":"post_tag","embeddable":true,"href":"https:\/\/www.europesays.com\/fr\/wp-json\/wp\/v2\/tags?post=353223"}],"curies":[{"name":"wp","href":"https:\/\/api.w.org\/{rel}","templated":true}]}}