{"id":353225,"date":"2025-08-29T23:24:24","date_gmt":"2025-08-29T23:24:24","guid":{"rendered":"https:\/\/www.europesays.com\/fr\/353225\/"},"modified":"2025-08-29T23:24:24","modified_gmt":"2025-08-29T23:24:24","slug":"lom-et-lille-ont-bien-echange-au-sujet-dedon-zhegrova","status":"publish","type":"post","link":"https:\/\/www.europesays.com\/fr\/353225\/","title":{"rendered":"L\u2019OM et Lille ont bien \u00e9chang\u00e9 au sujet d\u2019Edon Zhegrova"},"content":{"rendered":"<p>Comme nous vous le r\u00e9v\u00e9lions ces derni\u00e8res heures, Edon Zhegrova et l\u2019Olympique de Marseille ont trouv\u00e9 un <a href=\"https:\/\/www.footmercato.net\/a364464943825361048-lom-a-trouve-un-accord-avec-edon-zhegrova\" rel=\"nofollow noopener\" target=\"_blank\">accord contractuel<\/a>, malgr\u00e9 l\u2019int\u00e9r\u00eat de la Juventus pour l\u2019ailier kosovar. Une information qui a d\u2019ailleurs atterri jusqu\u2019aux oreilles d\u2019Olivier L\u00e9tang, agac\u00e9 en marge du tirage au sort de la Ligue Europa ce vendredi. Invit\u00e9 \u00e0 la commenter, le pr\u00e9sident lillois avait laiss\u00e9 entendre que son club <a href=\"https:\/\/www.footmercato.net\/a3010362288097033120-losc-letang-dezingue-lom-pour-zhegrova\" rel=\"nofollow noopener\" target=\"_blank\">pourrait r\u00e9pondre sur le terrain juridique<\/a>, \u00e9tant donn\u00e9 qu\u2019il n\u2019avait pas \u00e9t\u00e9 contact\u00e9 par l\u2019OM.<\/p>\n<p>            La suite apr\u00e8s cette publicit\u00e9<\/p>\n<p>\u00abJe suis tr\u00e8s surpris par ce que vous me dites, car les r\u00e8glements sont clairs, un joueur ne peut pas parler \u00e0 un autre club si son club n\u2019a pas \u00e9t\u00e9 contact\u00e9. Je n\u2019ai pas \u00e9t\u00e9 contact\u00e9 par l\u2019OM. On va se pencher sur les textes et voir ce qu\u2019on peut faire car il faut \u00eatre respectueux entre clubs \u00bb, avait-il l\u00e2ch\u00e9, passablement remont\u00e9. Selon nos informations, le patron du LOSC avait pourtant bien \u00e9chang\u00e9 avec Pablo Longoria au d\u00e9but du mois d\u2019ao\u00fbt \u00e0 ce sujet. Le joueur avait d\u2019ailleurs \u00e9t\u00e9 propos\u00e9 \u00e0 l\u2019OM par ses repr\u00e9sentants car il \u00e9tait annonc\u00e9 hors du projet sportif de <a href=\"https:\/\/www.footmercato.net\/club\/losc\/\" rel=\"nofollow noopener\" target=\"_blank\">Lille<\/a>. <\/p>\n<p>\n    Pub. le 29\/08\/2025 19:28<br \/>\n            &#8211; MAJ le 29\/08\/2025 23:52\n    <\/p>\n","protected":false},"excerpt":{"rendered":"Comme nous vous le r\u00e9v\u00e9lions ces derni\u00e8res heures, Edon Zhegrova et l\u2019Olympique de Marseille ont trouv\u00e9 un accord&hellip;\n","protected":false},"author":2,"featured_media":349035,"comment_status":"","ping_status":"","sticky":false,"template":"","format":"standard","meta":{"footnotes":""},"categories":[2815],"tags":[1111,11,1777,674,1011,27,811,1307,12,25],"class_list":{"0":"post-353225","1":"post","2":"type-post","3":"status-publish","4":"format-standard","5":"has-post-thumbnail","7":"category-lille","8":"tag-actu","9":"tag-actualites","10":"tag-eu","11":"tag-europe","12":"tag-fr","13":"tag-france","14":"tag-hauts-de-france","15":"tag-lille","16":"tag-news","17":"tag-republique-francaise"},"share_on_mastodon":{"url":"https:\/\/pubeurope.com\/@fr\/115114637053866608","error":""},"_links":{"self":[{"href":"https:\/\/www.europesays.com\/fr\/wp-json\/wp\/v2\/posts\/353225","targetHints":{"allow":["GET"]}}],"collection":[{"href":"https:\/\/www.europesays.com\/fr\/wp-json\/wp\/v2\/posts"}],"about":[{"href":"https:\/\/www.europesays.com\/fr\/wp-json\/wp\/v2\/types\/post"}],"author":[{"embeddable":true,"href":"https:\/\/www.europesays.com\/fr\/wp-json\/wp\/v2\/users\/2"}],"replies":[{"embeddable":true,"href":"https:\/\/www.europesays.com\/fr\/wp-json\/wp\/v2\/comments?post=353225"}],"version-history":[{"count":0,"href":"https:\/\/www.europesays.com\/fr\/wp-json\/wp\/v2\/posts\/353225\/revisions"}],"wp:featuredmedia":[{"embeddable":true,"href":"https:\/\/www.europesays.com\/fr\/wp-json\/wp\/v2\/media\/349035"}],"wp:attachment":[{"href":"https:\/\/www.europesays.com\/fr\/wp-json\/wp\/v2\/media?parent=353225"}],"wp:term":[{"taxonomy":"category","embeddable":true,"href":"https:\/\/www.europesays.com\/fr\/wp-json\/wp\/v2\/categories?post=353225"},{"taxonomy":"post_tag","embeddable":true,"href":"https:\/\/www.europesays.com\/fr\/wp-json\/wp\/v2\/tags?post=353225"}],"curies":[{"name":"wp","href":"https:\/\/api.w.org\/{rel}","templated":true}]}}