{"id":353226,"date":"2025-08-29T23:25:11","date_gmt":"2025-08-29T23:25:11","guid":{"rendered":"https:\/\/www.europesays.com\/fr\/353226\/"},"modified":"2025-08-29T23:25:11","modified_gmt":"2025-08-29T23:25:11","slug":"previsions-du-samedi-30-aout-2025-6","status":"publish","type":"post","link":"https:\/\/www.europesays.com\/fr\/353226\/","title":{"rendered":"pr\u00e9visions du samedi 30 ao\u00fbt 2025"},"content":{"rendered":"<p>Un bel ensoleillement est attendu aujourd&rsquo;hui \u00e0 Marseille. Il fera en moyenne 22\u00b0C. Un vent de nord-ouest, atteignant 30 km\/h, soufflera le matin. Les temp\u00e9ratures vont grimper pendant l&rsquo;apr\u00e8s-midi de quelques degr\u00e9s. Les valeurs afficheront entre 24 et 25\u00b0C. Les temp\u00e9ratures tourneront autour des 24\u00b0C au cours de la soir\u00e9e. On s&rsquo;attend \u00e0 une nuit claire entre samedi et dimanche.<\/p>\n<p>Demain, un grand soleil rayonnera sur Marseille. La m\u00e9t\u00e9o va se r\u00e9chauffer avec une hausse de quelques degr\u00e9s. Les valeurs s&rsquo;\u00e9chelonneront entre 21 et 25\u00b0C. Un vent de sud-est rafra\u00eechira sensiblement l&rsquo;atmosph\u00e8re. Le matin, le thermom\u00e8tre affichera 23\u00b0C en moyenne. Les temp\u00e9ratures seront de 24\u00b0C au minimum et de 25\u00b0C au maximum l&rsquo;apr\u00e8s-midi.<\/p>\n<p>Des changements sont annonc\u00e9s pour les jours \u00e0 venir. Le temps sera pluvieux lundi mais il conna\u00eetra une am\u00e9lioration mardi.<\/p>\n<p><\/p>\n","protected":false},"excerpt":{"rendered":"Un bel ensoleillement est attendu aujourd&rsquo;hui \u00e0 Marseille. Il fera en moyenne 22\u00b0C. Un vent de nord-ouest, atteignant&hellip;\n","protected":false},"author":2,"featured_media":353227,"comment_status":"","ping_status":"","sticky":false,"template":"","format":"standard","meta":{"footnotes":""},"categories":[2814],"tags":[1111,11,885,1777,674,1011,27,884,12,883,2119,882,25],"class_list":{"0":"post-353226","1":"post","2":"type-post","3":"status-publish","4":"format-standard","5":"has-post-thumbnail","7":"category-marseille","8":"tag-actu","9":"tag-actualites","10":"tag-bouches-du-rhone","11":"tag-eu","12":"tag-europe","13":"tag-fr","14":"tag-france","15":"tag-marseille","16":"tag-news","17":"tag-paca","18":"tag-previsions-meteo","19":"tag-provence-alpes-cote-dazur","20":"tag-republique-francaise"},"share_on_mastodon":{"url":"https:\/\/pubeurope.com\/@fr\/115114641130503605","error":""},"_links":{"self":[{"href":"https:\/\/www.europesays.com\/fr\/wp-json\/wp\/v2\/posts\/353226","targetHints":{"allow":["GET"]}}],"collection":[{"href":"https:\/\/www.europesays.com\/fr\/wp-json\/wp\/v2\/posts"}],"about":[{"href":"https:\/\/www.europesays.com\/fr\/wp-json\/wp\/v2\/types\/post"}],"author":[{"embeddable":true,"href":"https:\/\/www.europesays.com\/fr\/wp-json\/wp\/v2\/users\/2"}],"replies":[{"embeddable":true,"href":"https:\/\/www.europesays.com\/fr\/wp-json\/wp\/v2\/comments?post=353226"}],"version-history":[{"count":0,"href":"https:\/\/www.europesays.com\/fr\/wp-json\/wp\/v2\/posts\/353226\/revisions"}],"wp:featuredmedia":[{"embeddable":true,"href":"https:\/\/www.europesays.com\/fr\/wp-json\/wp\/v2\/media\/353227"}],"wp:attachment":[{"href":"https:\/\/www.europesays.com\/fr\/wp-json\/wp\/v2\/media?parent=353226"}],"wp:term":[{"taxonomy":"category","embeddable":true,"href":"https:\/\/www.europesays.com\/fr\/wp-json\/wp\/v2\/categories?post=353226"},{"taxonomy":"post_tag","embeddable":true,"href":"https:\/\/www.europesays.com\/fr\/wp-json\/wp\/v2\/tags?post=353226"}],"curies":[{"name":"wp","href":"https:\/\/api.w.org\/{rel}","templated":true}]}}