{"id":353228,"date":"2025-08-29T23:26:15","date_gmt":"2025-08-29T23:26:15","guid":{"rendered":"https:\/\/www.europesays.com\/fr\/353228\/"},"modified":"2025-08-29T23:26:15","modified_gmt":"2025-08-29T23:26:15","slug":"la-controleure-generale-des-prisons-preconise-la-fermeture-de-la-prison-pour-mineurs-de-marseille","status":"publish","type":"post","link":"https:\/\/www.europesays.com\/fr\/353228\/","title":{"rendered":"La contr\u00f4leure g\u00e9n\u00e9rale des prisons pr\u00e9conise \u00ab\u00a0la fermeture\u00a0\u00bb de la prison pour mineurs de Marseille"},"content":{"rendered":"<p>La contr\u00f4leure g\u00e9n\u00e9rale des prisons pr\u00e9conise \u00ab\u00a0la fermeture\u00a0\u00bb de la prison pour mineurs de MarseilleSur le m\u00eame sujet<a href=\"https:\/\/www.bfmtv.com\/police-justice\/video-neuilly-sur-seine-un-homme-menace-avec-un-couteau-trois-personnes_VN-202508290784.html\" title=\"Neuilly-sur-Seine: un homme menace avec un couteau trois personnes\" rel=\"nofollow noopener\" target=\"_blank\"><img width=\"16\" height=\"9\" class=\"lozad\"  alt=\"Neuilly-sur-Seine: un homme menace avec un couteau trois personnes\"\/>0:25Neuilly-sur-Seine: un homme menace avec un couteau trois personnes<\/a><a href=\"https:\/\/www.bfmtv.com\/police-justice\/video-la-controleure-generale-des-prisons-preconise-la-fermeture-de-la-prison-pour-mineurs-de-marseille_VN-202508290777.html\" title=\"La contr\u00f4leure g\u00e9n\u00e9rale des prisons pr\u00e9conise &quot;la fermeture&quot; de la prison pour mineurs de Marseille\" rel=\"nofollow noopener\" target=\"_blank\"><img width=\"16\" height=\"9\" class=\"lozad\"  alt=\"La contr\u00f4leure g\u00e9n\u00e9rale des prisons pr\u00e9conise &quot;la fermeture&quot; de la prison pour mineurs de Marseille\"\/>en lectureLa contr\u00f4leure g\u00e9n\u00e9rale des prisons pr\u00e9conise \u00ab\u00a0la fermeture\u00a0\u00bb de la prison pour mineurs de Marseille<\/a><a href=\"https:\/\/www.bfmtv.com\/police-justice\/video-prison-de-vendin-le-vieil-l-administration-penitentiaire-est-la-pour-proteger-les-gens-affirme-sacha-straub-kahn-porte-parole-du-ministre-de-la-justice_VN-202508290728.html\" title=\"Prison de Vendin-le-Vieil: &quot;L&#039;administration p\u00e9nitentiaire est l\u00e0 pour prot\u00e9ger les gens&quot;, affirme Sacha Straub-Kahn, porte-parole du ministre de la Justice \" rel=\"nofollow noopener\" target=\"_blank\"><img width=\"16\" height=\"9\" class=\"lozad\"  alt=\"Prison de Vendin-le-Vieil: &quot;L'administration p\u00e9nitentiaire est l\u00e0 pour prot\u00e9ger les gens&quot;, affirme Sacha Straub-Kahn, porte-parole du ministre de la Justice \"\/>1:53Prison de Vendin-le-Vieil: \u00ab\u00a0L&rsquo;administration p\u00e9nitentiaire est l\u00e0 pour prot\u00e9ger les gens\u00a0\u00bb, affirme Sacha Straub-Kahn, porte-parole du ministre de la Justice<\/a><a href=\"https:\/\/www.bfmtv.com\/police-justice\/video-prison-de-vendin-le-vieil-vis-a-vis-de-l-exterieur-la-prison-est-parfaitement-hermetique-assure-sacha-straub-kahn-porte-parole-du-ministre-de-la-justice_VN-202508290726.html\" title=\"Prison de Vendin-le-Vieil: &quot;Vis-\u00e0-vis de l&#039;ext\u00e9rieur, la prison est parfaitement herm\u00e9tique&quot;, assure Sacha Straub-Kahn, porte-parole du ministre de la Justice\" rel=\"nofollow noopener\" target=\"_blank\"><img width=\"16\" height=\"9\" class=\"lozad\"  alt=\"Prison de Vendin-le-Vieil: &quot;Vis-\u00e0-vis de l'ext\u00e9rieur, la prison est parfaitement herm\u00e9tique&quot;, assure Sacha Straub-Kahn, porte-parole du ministre de la Justice\"\/>1:15Prison de Vendin-le-Vieil: \u00ab\u00a0Vis-\u00e0-vis de l&rsquo;ext\u00e9rieur, la prison est parfaitement herm\u00e9tique\u00a0\u00bb, assure Sacha Straub-Kahn, porte-parole du ministre de la Justice<\/a><a href=\"https:\/\/www.bfmtv.com\/international\/amerique-nord\/etats-unis\/video-un-americain-simule-sa-mort-pour-retrouver-une-femme-a-l-etranger-et-ecope-de-89-jours-de-prison_VN-202508290455.html\" title=\"Un Am\u00e9ricain simule sa mort pour retrouver une femme \u00e0 l\u2019\u00e9tranger et \u00e9cope de 89 jours de prison\" rel=\"nofollow noopener\" target=\"_blank\"><img width=\"16\" height=\"9\" class=\"lozad\"  alt=\"Un Am\u00e9ricain simule sa mort pour retrouver une femme \u00e0 l\u2019\u00e9tranger et \u00e9cope de 89 jours de prison\"\/>1:33Un Am\u00e9ricain simule sa mort pour retrouver une femme \u00e0 l\u2019\u00e9tranger et \u00e9cope de 89 jours de prison<\/a><a href=\"https:\/\/www.bfmtv.com\/police-justice\/video-prison-de-vendin-le-vieil-des-detenus-inondent-volontairement-leurs-cellules_VN-202508290138.html\" title=\"Prison de Vendin-le-Vieil: des d\u00e9tenus inondent volontairement leurs cellules\" rel=\"nofollow noopener\" target=\"_blank\"><img width=\"16\" height=\"9\" class=\"lozad\"  alt=\"Prison de Vendin-le-Vieil: des d\u00e9tenus inondent volontairement leurs cellules\"\/>1:09Prison de Vendin-le-Vieil: des d\u00e9tenus inondent volontairement leurs cellules<\/a><a href=\"https:\/\/www.bfmtv.com\/police-justice\/video-gironde-deux-adolescentes-decedent-apres-avoir-ete-percutees-par-un-train_VN-202508280776.html\" title=\"Gironde : deux adolescentes d\u00e9c\u00e8dent apr\u00e8s avoir \u00e9t\u00e9 percut\u00e9es par un train\" rel=\"nofollow noopener\" target=\"_blank\"><img width=\"16\" height=\"9\" class=\"lozad\"  alt=\"Gironde : deux adolescentes d\u00e9c\u00e8dent apr\u00e8s avoir \u00e9t\u00e9 percut\u00e9es par un train\"\/>1:31Gironde : deux adolescentes d\u00e9c\u00e8dent apr\u00e8s avoir \u00e9t\u00e9 percut\u00e9es par un train<\/a><a href=\"https:\/\/www.bfmtv.com\/police-justice\/video-c-etait-un-mouvement-collectif-et-coordonne-dit-david-lacroix-un-des-agents-penitentiaires-de-la-prison-de-vendin-le-vieil-apres-des-inondations-provoquees-par-des-detenus_VN-202508280585.html\" title=\"&quot;C&#039;\u00e9tait un mouvement collectif et coordonn\u00e9&quot;, dit David Lacroix, un des agents p\u00e9nitentiaires de la prison de Vendin-le-Vieil, apr\u00e8s des inondations provoqu\u00e9es par des d\u00e9tenus\" rel=\"nofollow noopener\" target=\"_blank\"><img width=\"16\" height=\"9\" class=\"lozad\"  alt=\"&quot;C'\u00e9tait un mouvement collectif et coordonn\u00e9&quot;, dit David Lacroix, un des agents p\u00e9nitentiaires de la prison de Vendin-le-Vieil, apr\u00e8s des inondations provoqu\u00e9es par des d\u00e9tenus\"\/>2:01&Prime;C&rsquo;\u00e9tait un mouvement collectif et coordonn\u00e9\u00a0\u00bb, dit David Lacroix, un des agents p\u00e9nitentiaires de la prison de Vendin-le-Vieil, apr\u00e8s des inondations provoqu\u00e9es par des d\u00e9tenus<\/a><a href=\"https:\/\/www.bfmtv.com\/police-justice\/video-prison-de-lille-ann-ullin-des-gravats-largues-par-drone-sur-des-agents-penitentiaires_VN-202508280492.html\" title=\"Prison de Lille-Ann\u0153ullin: des gravats largu\u00e9s par drone sur des agents p\u00e9nitentiaires\" rel=\"nofollow noopener\" target=\"_blank\"><img width=\"16\" height=\"9\" class=\"lozad\"  alt=\"Prison de Lille-Ann\u0153ullin: des gravats largu\u00e9s par drone sur des agents p\u00e9nitentiaires\"\/>2:03Prison de Lille-Ann\u0153ullin: des gravats largu\u00e9s par drone sur des agents p\u00e9nitentiaires<\/a><a href=\"https:\/\/www.bfmtv.com\/police-justice\/video-deux-adolescentes-agees-de-14-et-15-ans-mortellement-percutees-par-un-train-pres-de-bordeaux_VN-202508280476.html\" title=\"Deux adolescentes, \u00e2g\u00e9es de 14 et 15 ans, mortellement percut\u00e9es par un train pr\u00e8s de Bordeaux\" rel=\"nofollow noopener\" target=\"_blank\"><img width=\"16\" height=\"9\" class=\"lozad\"  alt=\"Deux adolescentes, \u00e2g\u00e9es de 14 et 15 ans, mortellement percut\u00e9es par un train pr\u00e8s de Bordeaux\"\/>1:50Deux adolescentes, \u00e2g\u00e9es de 14 et 15 ans, mortellement percut\u00e9es par un train pr\u00e8s de Bordeaux<\/a><a href=\"https:\/\/www.bfmtv.com\/police-justice\/video-femmes-amoureuses-de-criminels-ca-commence-par-des-echanges-epistolaires-souligne-aurore-malet-karas-docteur-en-neurosciences-et-sexologue_VN-202508280460.html\" title=\"Femmes amoureuses de criminels: &quot;\u00c7a commence par des \u00e9changes \u00e9pistolaires&quot;, souligne Aurore Malet-Karas, docteur en neurosciences et sexologue\" rel=\"nofollow noopener\" target=\"_blank\"><img width=\"16\" height=\"9\" class=\"lozad\"  alt=\"Femmes amoureuses de criminels: &quot;\u00c7a commence par des \u00e9changes \u00e9pistolaires&quot;, souligne Aurore Malet-Karas, docteur en neurosciences et sexologue\"\/>2:42Femmes amoureuses de criminels: \u00ab\u00a0\u00c7a commence par des \u00e9changes \u00e9pistolaires\u00a0\u00bb, souligne Aurore Malet-Karas, docteur en neurosciences et sexologue<\/a><a href=\"https:\/\/www.bfmtv.com\/police-justice\/video-l-influenceuse-charline-pradeau-porte-plainte-contre-l-ancien-rugbyman-richard-dourthe-pour-outrage-sexiste_VN-202508280454.html\" title=\"L\u2019influenceuse Charline Pradeau porte plainte contre l&#039;ancien rugbyman Richard Dourthe pour &quot;outrage sexiste&quot;\" rel=\"nofollow noopener\" target=\"_blank\"><img width=\"16\" height=\"9\" class=\"lozad\"  alt=\"L\u2019influenceuse Charline Pradeau porte plainte contre l'ancien rugbyman Richard Dourthe pour &quot;outrage sexiste&quot;\"\/>1:09L\u2019influenceuse Charline Pradeau porte plainte contre l&rsquo;ancien rugbyman Richard Dourthe pour \u00ab\u00a0outrage sexiste\u00a0\u00bb<\/a><a href=\"https:\/\/www.bfmtv.com\/police-justice\/video-insecurite-a-clermont-ferrand-ces-derniers-mois-le-quartier-a-ete-pris-d-assaut-par-les-dealers-qui-occupent-l-espace-public-temoigne-un-habitant-du-quartier-la-gare-delille-les-carmes_VN-202508280439.html\" title=\"Ins\u00e9curit\u00e9 \u00e0 Clermont-Ferrand: &quot;Ces derniers mois, le quartier a \u00e9t\u00e9 pris d&#039;assaut par les dealers qui occupent l&#039;espace public&quot;, t\u00e9moigne un habitant du quartier La gare-Delille-Les Carmes\" rel=\"nofollow noopener\" target=\"_blank\"><img width=\"16\" height=\"9\" class=\"lozad\"  alt=\"Ins\u00e9curit\u00e9 \u00e0 Clermont-Ferrand: &quot;Ces derniers mois, le quartier a \u00e9t\u00e9 pris d'assaut par les dealers qui occupent l'espace public&quot;, t\u00e9moigne un habitant du quartier La gare-Delille-Les Carmes\"\/>2:10Ins\u00e9curit\u00e9 \u00e0 Clermont-Ferrand: \u00ab\u00a0Ces derniers mois, le quartier a \u00e9t\u00e9 pris d&rsquo;assaut par les dealers qui occupent l&rsquo;espace public\u00a0\u00bb, t\u00e9moigne un habitant du quartier La gare-Delille-Les Carmes<\/a><a href=\"https:\/\/www.bfmtv.com\/police-justice\/video-le-havre-une-conductrice-tue-un-autre-automobiliste-apres-une-dispute-au-feu-rouge_VN-202508280410.html\" title=\"Le Havre: une conductrice tue un autre automobiliste apr\u00e8s une dispute au feu rouge\" rel=\"nofollow noopener\" target=\"_blank\"><img width=\"16\" height=\"9\" class=\"lozad\"  alt=\"Le Havre: une conductrice tue un autre automobiliste apr\u00e8s une dispute au feu rouge\"\/>1:36Le Havre: une conductrice tue un autre automobiliste apr\u00e8s une dispute au feu rouge<\/a><a class=\"jumpToVideo\" target=\"_blank\"><img class=\"thumbnailPreview\"\/><\/a><\/p>\n","protected":false},"excerpt":{"rendered":"La contr\u00f4leure g\u00e9n\u00e9rale des prisons pr\u00e9conise \u00ab\u00a0la fermeture\u00a0\u00bb de la prison pour mineurs de MarseilleSur le m\u00eame sujet0:25Neuilly-sur-Seine:&hellip;\n","protected":false},"author":2,"featured_media":353229,"comment_status":"","ping_status":"","sticky":false,"template":"","format":"standard","meta":{"footnotes":""},"categories":[2814],"tags":[1111,11,1777,674,1011,27,884,12,882,25],"class_list":{"0":"post-353228","1":"post","2":"type-post","3":"status-publish","4":"format-standard","5":"has-post-thumbnail","7":"category-marseille","8":"tag-actu","9":"tag-actualites","10":"tag-eu","11":"tag-europe","12":"tag-fr","13":"tag-france","14":"tag-marseille","15":"tag-news","16":"tag-provence-alpes-cote-dazur","17":"tag-republique-francaise"},"share_on_mastodon":{"url":"https:\/\/pubeurope.com\/@fr\/115114644897534178","error":""},"_links":{"self":[{"href":"https:\/\/www.europesays.com\/fr\/wp-json\/wp\/v2\/posts\/353228","targetHints":{"allow":["GET"]}}],"collection":[{"href":"https:\/\/www.europesays.com\/fr\/wp-json\/wp\/v2\/posts"}],"about":[{"href":"https:\/\/www.europesays.com\/fr\/wp-json\/wp\/v2\/types\/post"}],"author":[{"embeddable":true,"href":"https:\/\/www.europesays.com\/fr\/wp-json\/wp\/v2\/users\/2"}],"replies":[{"embeddable":true,"href":"https:\/\/www.europesays.com\/fr\/wp-json\/wp\/v2\/comments?post=353228"}],"version-history":[{"count":0,"href":"https:\/\/www.europesays.com\/fr\/wp-json\/wp\/v2\/posts\/353228\/revisions"}],"wp:featuredmedia":[{"embeddable":true,"href":"https:\/\/www.europesays.com\/fr\/wp-json\/wp\/v2\/media\/353229"}],"wp:attachment":[{"href":"https:\/\/www.europesays.com\/fr\/wp-json\/wp\/v2\/media?parent=353228"}],"wp:term":[{"taxonomy":"category","embeddable":true,"href":"https:\/\/www.europesays.com\/fr\/wp-json\/wp\/v2\/categories?post=353228"},{"taxonomy":"post_tag","embeddable":true,"href":"https:\/\/www.europesays.com\/fr\/wp-json\/wp\/v2\/tags?post=353228"}],"curies":[{"name":"wp","href":"https:\/\/api.w.org\/{rel}","templated":true}]}}