{"id":35323,"date":"2025-04-19T01:47:15","date_gmt":"2025-04-19T01:47:15","guid":{"rendered":"https:\/\/www.europesays.com\/fr\/35323\/"},"modified":"2025-04-19T01:47:15","modified_gmt":"2025-04-19T01:47:15","slug":"pres-de-rennes-le-festival-panique-en-avril-debarque-pour-trois-jours-de-spectacles-et-rencontres","status":"publish","type":"post","link":"https:\/\/www.europesays.com\/fr\/35323\/","title":{"rendered":"Pr\u00e8s de Rennes, le festival Panique en avril d\u00e9barque pour trois jours de spectacles et rencontres"},"content":{"rendered":"<p>Panique en Avril, c\u2019est quoi\u00a0? <strong>\u00ab\u00a0Du 23 au 25\u00a0avril, trois\u00a0jours de spectacles et de rencontres sont propos\u00e9s, avec une douzaine de compagnies de th\u00e9\u00e2tre d\u2019objets\u00a0\u00bb, <\/strong>explique Louise G\u00e9rard charg\u00e9e de la communication pour la compagnie Bak\u00e9lite organisatrice de cet \u00e9v\u00e8nement artistique.<\/p>\n<p>Pour cette nouvelle \u00e9dition 2025\u00a0? \u00a0Nous voulons mettre un gros coup de projecteur sur la cr\u00e9ation bretonne et mettre \u00e0 l\u2019honneur des spectacles r\u00e9cents\u00a0et des projets en cours de production. <strong>L\u2019objectif est\u00a0de poursuivre ces rendez-vous artistiques autour du th\u00e9\u00e2tre d\u2019objet et ses formes approchantes.\u00a0\u00bb<\/strong><\/p>\n<p>\u00ab\u00a0Projecteur sur la cr\u00e9ation bretonne\u00a0\u00bb<\/p>\n<p>Ce festival breton se veut \u00a0l\u2019un des projets forts du th\u00e9\u00e2tre d\u2019objet\u00a0\u00bb, affirme la charg\u00e9e de communication. C\u2019est aussi une mani\u00e8re de soutenir la cr\u00e9ation, d\u2019animer un espace de rencontres entre professionnels, et cr\u00e9er et\u00a0du lien avec le public.\u00a0<\/p>\n<p>En ce qui concerne la programmation, plusieurs spectacles seront jou\u00e9s aux Ateliers du vent \u00e0 Rennes. D\u2019autres, dans les locaux de l\u2019association Jungle, ou \u00e0 la m\u00e9diath\u00e8que du Rheu.\u00a0Certains spectacles en cr\u00e9ation sont r\u00e9serv\u00e9s aux professionnels, pr\u00e9cise Louise G\u00e9rard. En fin de journ\u00e9e, l\u2019id\u00e9e est \u00e9galement de cr\u00e9er une ambiance festive, r\u00e9unissant toutes les \u00e9quipes, professionnels, b\u00e9n\u00e9voles et publics.\u00a0 La compagnie Bak\u00e9lite, cr\u00e9\u00e9e il y a vingt ans, en profitera pour f\u00eater ses 20\u00a0ans.<\/p>\n<p><strong>Jeudi 24\u00a0avril 2025,<\/strong> \u00e0 9\u00a0h\u00a045, \u00e0 la m\u00e9diath\u00e8que l\u2019Autre lieu, D\u00e9placer les montagnes, de Fanny Bouffort (\u00e0 partir de 6\u00a0mois). <strong>Vendredi 25\u00a0avril,<\/strong> \u00e0 15\u00a0h\u00a045, \u00e0 Jungle (8, rue de la haie de terre), Gratte-ciels, des fr\u00e8res Pabloff, (\u00e0 partir de 12\u00a0ans). En bonus, \u00e0 la m\u00e9diath\u00e8que, <strong>jusqu\u2019au 3\u00a0mai, <\/strong>une exposition gratuite donne \u00ab\u00a0carte blanche\u00a0\u00bb \u00e0 Jungle.<\/p>\n<p><strong>Renseignements<\/strong> par t\u00e9l. 06\u00a058\u00a069\u00a088\u00a085, en ligne\u00a0: paniqueauparc.wixsite.com\/home, compagnie-bakelite.com. Tarifs adapt\u00e9s entre 4\u00a0\u20ac et 8\u00a0\u20ac<\/p>\n<p>\u00a0<\/p>\n<p>\u00a0<\/p>\n","protected":false},"excerpt":{"rendered":"Panique en Avril, c\u2019est quoi\u00a0? \u00ab\u00a0Du 23 au 25\u00a0avril, trois\u00a0jours de spectacles et de rencontres sont propos\u00e9s, avec&hellip;\n","protected":false},"author":2,"featured_media":35324,"comment_status":"","ping_status":"","sticky":false,"template":"","format":"standard","meta":{"footnotes":""},"categories":[2821],"tags":[1111,11,3270,829,11465,1777,674,849,1011,27,7285,12,11464,3762,3086,10270,584,25,853],"class_list":{"0":"post-35323","1":"post","2":"type-post","3":"status-publish","4":"format-standard","5":"has-post-thumbnail","7":"category-rennes","8":"tag-actu","9":"tag-actualites","10":"tag-avril","11":"tag-bretagne","12":"tag-debarque","13":"tag-eu","14":"tag-europe","15":"tag-festival","16":"tag-fr","17":"tag-france","18":"tag-jours","19":"tag-news","20":"tag-panique","21":"tag-pres","22":"tag-redon","23":"tag-rencontres","24":"tag-rennes","25":"tag-republique-francaise","26":"tag-spectacles"},"share_on_mastodon":{"url":"https:\/\/pubeurope.com\/@fr\/114362111997333860","error":""},"_links":{"self":[{"href":"https:\/\/www.europesays.com\/fr\/wp-json\/wp\/v2\/posts\/35323","targetHints":{"allow":["GET"]}}],"collection":[{"href":"https:\/\/www.europesays.com\/fr\/wp-json\/wp\/v2\/posts"}],"about":[{"href":"https:\/\/www.europesays.com\/fr\/wp-json\/wp\/v2\/types\/post"}],"author":[{"embeddable":true,"href":"https:\/\/www.europesays.com\/fr\/wp-json\/wp\/v2\/users\/2"}],"replies":[{"embeddable":true,"href":"https:\/\/www.europesays.com\/fr\/wp-json\/wp\/v2\/comments?post=35323"}],"version-history":[{"count":0,"href":"https:\/\/www.europesays.com\/fr\/wp-json\/wp\/v2\/posts\/35323\/revisions"}],"wp:featuredmedia":[{"embeddable":true,"href":"https:\/\/www.europesays.com\/fr\/wp-json\/wp\/v2\/media\/35324"}],"wp:attachment":[{"href":"https:\/\/www.europesays.com\/fr\/wp-json\/wp\/v2\/media?parent=35323"}],"wp:term":[{"taxonomy":"category","embeddable":true,"href":"https:\/\/www.europesays.com\/fr\/wp-json\/wp\/v2\/categories?post=35323"},{"taxonomy":"post_tag","embeddable":true,"href":"https:\/\/www.europesays.com\/fr\/wp-json\/wp\/v2\/tags?post=35323"}],"curies":[{"name":"wp","href":"https:\/\/api.w.org\/{rel}","templated":true}]}}