{"id":353246,"date":"2025-08-29T23:36:09","date_gmt":"2025-08-29T23:36:09","guid":{"rendered":"https:\/\/www.europesays.com\/fr\/353246\/"},"modified":"2025-08-29T23:36:09","modified_gmt":"2025-08-29T23:36:09","slug":"ukraine-la-population-de-kiev-ebranlee-apres-des-frappes-russes-meurtrieres-sur-un-immeuble-residentiel-rfi","status":"publish","type":"post","link":"https:\/\/www.europesays.com\/fr\/353246\/","title":{"rendered":"Ukraine: la population de Kiev \u00e9branl\u00e9e apr\u00e8s des frappes russes meurtri\u00e8res sur un immeuble r\u00e9sidentiel &#8211; RFI"},"content":{"rendered":"<ol>\n<li><a href=\"https:\/\/news.google.com\/rss\/articles\/CBMi-gFBVV95cUxPcmVJOFVKdTlXSmU3MTBscEJkdkNTa1ROdGFndnR1NnhsQy1wbFZ6SVQyejRMUUFiOGdFaV9QUzhrTFdDLXpKWUdyZmJoRmRxWkJ1NDJiSkdyVHFOTjdHY1NTTVlLYm5lRmhtUFJKUkxsbXZMRVJQdUNoUl9SMFFvZXp1TlkxbC1tYjF3S2UtNEVBUEdQZGdXTTJMODh4UUI1ZjFRSWhVZVJZempZTGQzd0xLTk90LWhHZVZHbnpvc3VxS3ZZZkNiSEFZb21TUktpZ1R6cS1WQTc1NTdHMmhycGwxUlpJakF2NTFxaTJlM1g2WjdrSEFibWd3?oc=5\" target=\"_blank\" rel=\"nofollow noopener\">Ukraine: la population de Kiev \u00e9branl\u00e9e apr\u00e8s des frappes russes meurtri\u00e8res sur un immeuble r\u00e9sidentiel<\/a>&nbsp;&nbsp;RFI<\/li>\n<li><a href=\"https:\/\/news.google.com\/rss\/articles\/CBMi5wJBVV95cUxQVmpycWdVUlloR1RDb3E4MjUwRWw1R1NWekl6WTRZdWhVY080QXhta3Jvb25VYnp5UWRPcGY5Rm1MeTBLTTBWWGMwcmJQb1pGcUQzYmtaMWtGbkNVTW5mZ2VUM0k4VEUzRzV3dFVueWVfNVhXWV9jZ0w4ZVlNRm13am5ReDFwZzNPempLWGl6b2k0MF8zTUJpU3VRcy1aM18wc1pucU1sQzRzbUZXNVNOMFprVzFMcGJGSE4yUTYwM192TGhzZHUzdjBURDhqN3JraXg3eHdEWGtybGpOek9yWHlQUjdNeEZ1QUozY0lMdUM5ZkpaMEFkU3drN1VTYTJpVFdGM3pYb1VaRmRQSUxuTzhrNTl6enUtSjZBNkNhclpRTlpLWEFQM1pBODQxU1JOS2xxdTk2RHpEMnZHSVFIZG9ZRGNSdHhIb2pBdXdxV0VyQmZTd0otUDg1WWdPaVdZaXJRZkc0TQ?oc=5\" target=\"_blank\" rel=\"nofollow noopener\">Guerre en Ukraine : \u00ab\u00a0La logique d&rsquo;agressivit\u00e9 de Moscou signifie qu&rsquo;en interne, \u00e7a ne va pas si fort que cela\u00a0\u00bb, pointe Emmanuel V\u00e9ron, sp\u00e9cialiste des questions internationales<\/a>&nbsp;&nbsp;France Info<\/li>\n<li><a href=\"https:\/\/news.google.com\/rss\/articles\/CBMi9wFBVV95cUxPYUZoYllJMDZTZkxQd2JrT2JNWlRvdlNVMkoybDlNUEZ6R0FJbDdmWVp0RDdXMTNseXJYVHM0RlJnNEg0ejgzV2lUMkdvRTdVT2xQV3VUZjVSbzM0ZkYwdFRVQ3JlZC1mZklGRExRTXZ0dFpHTkxCSmMtajd6N0pYR09CUHRFcEEzSlA3QU8tMHhiRW5BaUExV2EtYVJrQTc2SkpNNG5LdFg2VlcyNzFVbnFia2FBWlZRQ1NVTEl0VVBzZ2Z1aDloU18zR0JiYkQ2LVlMOHpxNXNVVUZ0eEdyYXQzRW12VVpTNWZPV0hSOFNNYUtVNUVz0gH8AUFVX3lxTE8td2hscHZHZVM3LVowM205Y1d6THlXUVJfX2RlbllNWTY3TjRTdEI5dGdGdlBfSlJRalV0OTNTdE5vTGFnMmxHNHR6aUgyT21NNEFKd3VlcVBPQ1lvWThuWWxsRlV2QWdBSjQ5MThjdnZVQkRzbWFvS2xBTTlwdEFYLXB2LXdxbi1ZRFF3c2NEaFo3R1FfTlV0R1o5bXB6VTZlMDJ2bDhhcEExcTlnaFc5OXQtZW5nbG8tWXZ0eVRTZzNWTnY1VlNhVXpaQ3pOSGRyRUExcXFJZ2NLcGVfcmRpZkowczQ3N3IwRDF5bV9ZekJ5Nml6eGdFMmZzMw?oc=5\" target=\"_blank\" rel=\"nofollow noopener\">Ukraine-Fin des op\u00e9rations de secours \u00e0 Kyiv, le bilan s&rsquo;\u00e9l\u00e8ve \u00e0 25 morts<\/a>&nbsp;&nbsp;Boursorama<\/li>\n<li><a href=\"https:\/\/news.google.com\/rss\/articles\/CBMilAFBVV95cUxPdHFWbWtVam9hdlJPbVVlYWpCZjZvQ1NQaDU2QVI1MXlqc3dpWnZ5NkhnQi1tRllqTHlFOWQtNFh6a1BBdkluMEFlWllkRmZ0dk1xOXZMVHRaRFd6QXhIRkhCblVfYnBTN3A3T1EwRG5zVlpDZTcxVHpjNVQ2OGE3VjJhbG5YcTBwZXJ2TVBvV1BONXBh?oc=5\" target=\"_blank\" rel=\"nofollow noopener\">Poutine se d\u00e9cha\u00eene&#8230; Trump arme Kiev en replay &#8211; C dans l&rsquo;air<\/a>&nbsp;&nbsp;France TV<\/li>\n<li><a href=\"https:\/\/news.google.com\/rss\/articles\/CBMi-wFBVV95cUxOckxQR2ZPWXlJamRjdjZtNDNZT2s5dVpWYkpKVlZpeFR1VC04LV9WSThfb08tbWtZbmtzZENKa0pSSFIxY1h2YnBrUWR0eGp0WHN5TDc5OFVybTNvcDAxSEZuTFFPdVcxNnkwTUw5Mk1GSEpvVVlhQ3NWU253V2RKVHFhWGlaYm5qekNqeWFSaE1nS2lMUVFfXzBwZ2dxdmFaazRUMXJjbkljeks2NXdVT0ZCX2R0MXRmaE9sRXdoRWstaVZtdXhVUVZTYTZ2a1Fna2VjQ1AzSk1RSlBKWTNwMTQtRVZrRFFCWGs3d3FUOXlOQ2FCN0Q2NlNqNA?oc=5\" target=\"_blank\" rel=\"nofollow noopener\">Donald Trump n&rsquo;est \u00ab\u00a0pas content\u00a0\u00bb mais \u00ab\u00a0pas surpris\u00a0\u00bb des derni\u00e8res frappes russes sur Kiev<\/a>&nbsp;&nbsp;BFMTV<\/li>\n<\/ol>\n","protected":false},"excerpt":{"rendered":"Ukraine: la population de Kiev \u00e9branl\u00e9e apr\u00e8s des frappes russes meurtri\u00e8res sur un immeuble r\u00e9sidentiel&nbsp;&nbsp;RFI Guerre en Ukraine&hellip;\n","protected":false},"author":2,"featured_media":1445,"comment_status":"","ping_status":"","sticky":false,"template":"","format":"standard","meta":{"footnotes":""},"categories":[1590],"tags":[11,1777,674,12,220],"class_list":{"0":"post-353246","1":"post","2":"type-post","3":"status-publish","4":"format-standard","5":"has-post-thumbnail","7":"category-ukraine","8":"tag-actualites","9":"tag-eu","10":"tag-europe","11":"tag-news","12":"tag-ukraine"},"share_on_mastodon":{"url":"https:\/\/pubeurope.com\/@fr\/115114684228679924","error":""},"_links":{"self":[{"href":"https:\/\/www.europesays.com\/fr\/wp-json\/wp\/v2\/posts\/353246","targetHints":{"allow":["GET"]}}],"collection":[{"href":"https:\/\/www.europesays.com\/fr\/wp-json\/wp\/v2\/posts"}],"about":[{"href":"https:\/\/www.europesays.com\/fr\/wp-json\/wp\/v2\/types\/post"}],"author":[{"embeddable":true,"href":"https:\/\/www.europesays.com\/fr\/wp-json\/wp\/v2\/users\/2"}],"replies":[{"embeddable":true,"href":"https:\/\/www.europesays.com\/fr\/wp-json\/wp\/v2\/comments?post=353246"}],"version-history":[{"count":0,"href":"https:\/\/www.europesays.com\/fr\/wp-json\/wp\/v2\/posts\/353246\/revisions"}],"wp:featuredmedia":[{"embeddable":true,"href":"https:\/\/www.europesays.com\/fr\/wp-json\/wp\/v2\/media\/1445"}],"wp:attachment":[{"href":"https:\/\/www.europesays.com\/fr\/wp-json\/wp\/v2\/media?parent=353246"}],"wp:term":[{"taxonomy":"category","embeddable":true,"href":"https:\/\/www.europesays.com\/fr\/wp-json\/wp\/v2\/categories?post=353246"},{"taxonomy":"post_tag","embeddable":true,"href":"https:\/\/www.europesays.com\/fr\/wp-json\/wp\/v2\/tags?post=353246"}],"curies":[{"name":"wp","href":"https:\/\/api.w.org\/{rel}","templated":true}]}}