{"id":353249,"date":"2025-08-29T23:38:20","date_gmt":"2025-08-29T23:38:20","guid":{"rendered":"https:\/\/www.europesays.com\/fr\/353249\/"},"modified":"2025-08-29T23:38:20","modified_gmt":"2025-08-29T23:38:20","slug":"royaume-uni-france-et-allemagne-pressent-liran-daccepter-un-accord-pour-retarder-les-sanctions-de-lonu","status":"publish","type":"post","link":"https:\/\/www.europesays.com\/fr\/353249\/","title":{"rendered":"Royaume-Uni, France et Allemagne pressent l&rsquo;Iran d&rsquo;accepter un accord pour retarder les sanctions de l&rsquo;ONU"},"content":{"rendered":"<p>Le Royaume-Uni, la France et l&rsquo;Allemagne ont appel\u00e9 vendredi l&rsquo;Iran, lors d&rsquo;une r\u00e9union aux Nations unies, \u00e0 satisfaire trois exigences afin de repousser leur menace de r\u00e9imposer des sanctions onusiennes, offrant ainsi un espace pour des discussions visant \u00e0 r\u00e9pondre \u00e0 leurs pr\u00e9occupations concernant le programme nucl\u00e9aire de T\u00e9h\u00e9ran.<\/p>\n<p>Les ambassadeurs de ces trois pays &#8212; connus sous l&rsquo;appellation E3 &#8212; ont publi\u00e9 une d\u00e9claration commune avant une r\u00e9union \u00e0 huis clos du Conseil de s\u00e9curit\u00e9, au lendemain du lancement par ces \u00c9tats d&rsquo;une proc\u00e9dure de 30 jours pour r\u00e9tablir les sanctions de l&rsquo;ONU contre l&rsquo;Iran en raison de son programme nucl\u00e9aire contest\u00e9.<\/p>\n<p>Le groupe E3 a propos\u00e9 de reporter la r\u00e9introduction des sanctions &#8212; appel\u00e9es \u00ab snapback \u00bb &#8212; pour une dur\u00e9e pouvant aller jusqu&rsquo;\u00e0 six mois si l&rsquo;Iran r\u00e9tablissait l&rsquo;acc\u00e8s des inspecteurs nucl\u00e9aires de l&rsquo;ONU, r\u00e9pondait aux inqui\u00e9tudes concernant son stock d&rsquo;uranium enrichi, et s&rsquo;engageait dans des discussions avec les \u00c9tats-Unis.<\/p>\n<p>\u00ab Nos demandes \u00e9taient justes et r\u00e9alistes \u00bb, a d\u00e9clar\u00e9 l&rsquo;ambassadrice britannique aupr\u00e8s de l&rsquo;ONU, Barbara Woodward, qui a lu la d\u00e9claration. \u00ab Cependant, \u00e0 ce jour, l&rsquo;Iran n&rsquo;a montr\u00e9 aucun signe qu&rsquo;il prenait ces demandes au s\u00e9rieux. \u00bb<\/p>\n<p>\u00ab Nous exhortons l&rsquo;Iran \u00e0 reconsid\u00e9rer sa position, \u00e0 parvenir \u00e0 un accord sur la base de notre offre, et \u00e0 contribuer \u00e0 cr\u00e9er l&rsquo;espace n\u00e9cessaire \u00e0 une solution diplomatique durable \u00e0 ce probl\u00e8me \u00bb, a-t-elle ajout\u00e9, aux c\u00f4t\u00e9s de ses homologues allemand et fran\u00e7ais.<\/p>\n<p>En r\u00e9ponse, l&rsquo;ambassadeur iranien aupr\u00e8s de l&rsquo;ONU, Amir Saeid Iravani, a qualifi\u00e9 l&rsquo;offre du E3 de \u00ab pleine de pr\u00e9conditions irr\u00e9alistes \u00bb.<\/p>\n<p>\u00ab Ils exigent des conditions qui devraient \u00eatre le r\u00e9sultat de n\u00e9gociations, et non le point de d\u00e9part, et ils savent que ces demandes ne peuvent pas \u00eatre satisfaites \u00bb, a-t-il d\u00e9clar\u00e9 aux journalistes.<\/p>\n<p>Iravani a estim\u00e9 que le E3 devrait plut\u00f4t soutenir \u00ab une courte extension technique et inconditionnelle de la r\u00e9solution 2231 \u00bb, qui consacre l&rsquo;accord nucl\u00e9aire de 2015 levant les sanctions onusiennes et occidentales contre l&rsquo;Iran en \u00e9change de limitations sur son programme nucl\u00e9aire.<\/p>\n<p><b>PROJET SINO-RUSSE<\/b><\/p>\n<p>La Russie et la Chine ont propos\u00e9 un projet de r\u00e9solution au Conseil de s\u00e9curit\u00e9 de l&rsquo;ONU visant \u00e0 prolonger de six mois l&rsquo;accord de 2015 et \u00e0 appeler toutes les parties \u00e0 reprendre imm\u00e9diatement les n\u00e9gociations. Toutefois, elles n&rsquo;ont pas encore demand\u00e9 de vote.<\/p>\n<p>Ces deux alli\u00e9s strat\u00e9giques de l&rsquo;Iran ont retir\u00e9 du texte les passages controvers\u00e9s &#8212; initialement inclus dimanche lors de la premi\u00e8re proposition &#8212; qui auraient emp\u00each\u00e9 le E3 de r\u00e9imposer des sanctions onusiennes \u00e0 l&rsquo;Iran.<\/p>\n<p>Iravani a qualifi\u00e9 le projet de r\u00e9solution russo-chinois de mesure pragmatique pour donner plus de temps \u00e0 la diplomatie. Pour \u00eatre adopt\u00e9e, une r\u00e9solution doit recueillir au moins neuf voix favorables et ne faire l&rsquo;objet d&rsquo;aucun veto de la part des \u00c9tats-Unis, de la France, du Royaume-Uni, de la Chine ou de la Russie.<\/p>\n<p>Les inspecteurs nucl\u00e9aires de l&rsquo;ONU sont retourn\u00e9s en Iran pour la premi\u00e8re fois depuis que le pays a suspendu sa coop\u00e9ration avec eux apr\u00e8s des attaques sur ses sites nucl\u00e9aires en juin, attribu\u00e9es \u00e0 Isra\u00ebl et aux \u00c9tats-Unis. Toutefois, l&rsquo;Iran n&rsquo;a pas encore conclu d&rsquo;accord sur les modalit\u00e9s de reprise compl\u00e8te de sa collaboration avec l&rsquo;Agence internationale de l&rsquo;\u00e9nergie atomique.<\/p>\n","protected":false},"excerpt":{"rendered":"Le Royaume-Uni, la France et l&rsquo;Allemagne ont appel\u00e9 vendredi l&rsquo;Iran, lors d&rsquo;une r\u00e9union aux Nations unies, \u00e0 satisfaire&hellip;\n","protected":false},"author":2,"featured_media":353250,"comment_status":"","ping_status":"","sticky":false,"template":"","format":"standard","meta":{"footnotes":""},"categories":[1588],"tags":[11,340,1777,674,12,473,1853,1851,1850,1852],"class_list":{"0":"post-353249","1":"post","2":"type-post","3":"status-publish","4":"format-standard","5":"has-post-thumbnail","7":"category-royaume-uni","8":"tag-actualites","9":"tag-bourse","10":"tag-eu","11":"tag-europe","12":"tag-news","13":"tag-royaume-uni","14":"tag-royaume-uni-de-grande-bretagne-et-dirlande-du-nord","15":"tag-uk","16":"tag-united-kingdom","17":"tag-united-kingdom-of-great-britain-and-northern-ireland"},"share_on_mastodon":{"url":"https:\/\/pubeurope.com\/@fr\/115114692205917082","error":""},"_links":{"self":[{"href":"https:\/\/www.europesays.com\/fr\/wp-json\/wp\/v2\/posts\/353249","targetHints":{"allow":["GET"]}}],"collection":[{"href":"https:\/\/www.europesays.com\/fr\/wp-json\/wp\/v2\/posts"}],"about":[{"href":"https:\/\/www.europesays.com\/fr\/wp-json\/wp\/v2\/types\/post"}],"author":[{"embeddable":true,"href":"https:\/\/www.europesays.com\/fr\/wp-json\/wp\/v2\/users\/2"}],"replies":[{"embeddable":true,"href":"https:\/\/www.europesays.com\/fr\/wp-json\/wp\/v2\/comments?post=353249"}],"version-history":[{"count":0,"href":"https:\/\/www.europesays.com\/fr\/wp-json\/wp\/v2\/posts\/353249\/revisions"}],"wp:featuredmedia":[{"embeddable":true,"href":"https:\/\/www.europesays.com\/fr\/wp-json\/wp\/v2\/media\/353250"}],"wp:attachment":[{"href":"https:\/\/www.europesays.com\/fr\/wp-json\/wp\/v2\/media?parent=353249"}],"wp:term":[{"taxonomy":"category","embeddable":true,"href":"https:\/\/www.europesays.com\/fr\/wp-json\/wp\/v2\/categories?post=353249"},{"taxonomy":"post_tag","embeddable":true,"href":"https:\/\/www.europesays.com\/fr\/wp-json\/wp\/v2\/tags?post=353249"}],"curies":[{"name":"wp","href":"https:\/\/api.w.org\/{rel}","templated":true}]}}