{"id":353251,"date":"2025-08-29T23:39:12","date_gmt":"2025-08-29T23:39:12","guid":{"rendered":"https:\/\/www.europesays.com\/fr\/353251\/"},"modified":"2025-08-29T23:39:12","modified_gmt":"2025-08-29T23:39:12","slug":"un-ex-champion-dallemagne-quitte-la-bundesliga","status":"publish","type":"post","link":"https:\/\/www.europesays.com\/fr\/353251\/","title":{"rendered":"Un ex-champion d&rsquo;Allemagne quitte la Bundesliga"},"content":{"rendered":"<p><strong>Un ancien champion de <a href=\"https:\/\/www.les-transferts.com\/competition\/allemagne\/bundesliga\/actualite\/\" rel=\"nofollow noopener\" target=\"_blank\">Bundesliga<\/a> quitte son club pour rejoindre la <a href=\"https:\/\/www.les-transferts.com\/competition\/angleterre\/premier-league\/actualite\/\" rel=\"nofollow noopener\" target=\"_blank\">Premier League<\/a>.<\/strong><\/p>\n<p>Une nouvelle \u00e8re s\u2019ouvre au <strong><a href=\"https:\/\/www.les-transferts.com\/club\/bayer-leverkusen\/actualite\/\" rel=\"nofollow noopener\" target=\"_blank\">Bayer Leverkusen<\/a><\/strong> avec le d\u00e9part de plusieurs cadres de l\u2019\u00e9quipe. Apr\u00e8s avoir perdu <strong><a href=\"https:\/\/www.les-transferts.com\/joueur\/jonathan-tah\/actualite\/\" rel=\"nofollow noopener\" target=\"_blank\">Jonathan Tah<\/a><\/strong>, parti au Bayern et <strong><a href=\"https:\/\/www.les-transferts.com\/joueur\/jeremie-frimpong\/actualite\/\" rel=\"nofollow noopener\" target=\"_blank\">J\u00e9r\u00e9mie Frimpong<\/a><\/strong>, d\u00e9sormais soci\u00e9taire de Liverpool, <strong>un autre pilier de la d\u00e9fense<\/strong> du Werkself fait ses bagages.<\/p>\n<p>\u00c0 en croire Fabrizio Romano, le Bayer Leverkusen et <strong><a href=\"https:\/\/www.les-transferts.com\/club\/arsenal\/actualite\/\" rel=\"nofollow noopener\" target=\"_blank\">Arsenal<\/a><\/strong> ont trouv\u00e9 un <strong>accord pour le transfert<\/strong> du d\u00e9fenseur \u00e9quatorien <strong><a href=\"https:\/\/www.les-transferts.com\/joueur\/piero-hincapie\/actualite\/\" rel=\"nofollow noopener\" target=\"_blank\">Piero Hincapie<\/a><\/strong>. Le d\u00e9fenseur de 23 ans \u00e9tait la cible de plusieurs clubs du continent mais une offre de <strong>52<\/strong> <strong>millions d\u2019euros<\/strong> des Gunners a fait pencher la balance du c\u00f4t\u00e9 du dernier vice-champion de Premier League.<\/p>\n<p>Avec cette signature, Mikel Arteta confirme sa volont\u00e9 de<strong> b\u00e2tir une \u00e9quipe comp\u00e9titive<\/strong> sur le long terme. Piero Hincapie est attendu \u00e0 Londres ce week-end pour passer sa visite m\u00e9dicale et signer un <strong>contrat de 5 ans.<\/strong><\/p>\n<p>Ancien footballeur amateur. Actuellement Journaliste TV &amp; Web. Passionn\u00e9 de foot, de voyages et de lecture je suis un inconditionnel de Manchester United.<\/p>\n","protected":false},"excerpt":{"rendered":"Un ancien champion de Bundesliga quitte son club pour rejoindre la Premier League. Une nouvelle \u00e8re s\u2019ouvre au&hellip;\n","protected":false},"author":2,"featured_media":353252,"comment_status":"","ping_status":"","sticky":false,"template":"","format":"standard","meta":{"footnotes":""},"categories":[1587],"tags":[11,672,1804,1805,1803,1777,674,1801,12,1802],"class_list":{"0":"post-353251","1":"post","2":"type-post","3":"status-publish","4":"format-standard","5":"has-post-thumbnail","7":"category-allemagne","8":"tag-actualites","9":"tag-allemagne","10":"tag-bundesrepublik-deutschland","11":"tag-de","12":"tag-deutschland","13":"tag-eu","14":"tag-europe","15":"tag-germany","16":"tag-news","17":"tag-republique-federale-dallemagne"},"share_on_mastodon":{"url":"https:\/\/pubeurope.com\/@fr\/115114695973841891","error":""},"_links":{"self":[{"href":"https:\/\/www.europesays.com\/fr\/wp-json\/wp\/v2\/posts\/353251","targetHints":{"allow":["GET"]}}],"collection":[{"href":"https:\/\/www.europesays.com\/fr\/wp-json\/wp\/v2\/posts"}],"about":[{"href":"https:\/\/www.europesays.com\/fr\/wp-json\/wp\/v2\/types\/post"}],"author":[{"embeddable":true,"href":"https:\/\/www.europesays.com\/fr\/wp-json\/wp\/v2\/users\/2"}],"replies":[{"embeddable":true,"href":"https:\/\/www.europesays.com\/fr\/wp-json\/wp\/v2\/comments?post=353251"}],"version-history":[{"count":0,"href":"https:\/\/www.europesays.com\/fr\/wp-json\/wp\/v2\/posts\/353251\/revisions"}],"wp:featuredmedia":[{"embeddable":true,"href":"https:\/\/www.europesays.com\/fr\/wp-json\/wp\/v2\/media\/353252"}],"wp:attachment":[{"href":"https:\/\/www.europesays.com\/fr\/wp-json\/wp\/v2\/media?parent=353251"}],"wp:term":[{"taxonomy":"category","embeddable":true,"href":"https:\/\/www.europesays.com\/fr\/wp-json\/wp\/v2\/categories?post=353251"},{"taxonomy":"post_tag","embeddable":true,"href":"https:\/\/www.europesays.com\/fr\/wp-json\/wp\/v2\/tags?post=353251"}],"curies":[{"name":"wp","href":"https:\/\/api.w.org\/{rel}","templated":true}]}}