{"id":353253,"date":"2025-08-29T23:40:11","date_gmt":"2025-08-29T23:40:11","guid":{"rendered":"https:\/\/www.europesays.com\/fr\/353253\/"},"modified":"2025-08-29T23:40:11","modified_gmt":"2025-08-29T23:40:11","slug":"les-live-videos-du-jour-en-gtwc-asia-et-gt4-europe","status":"publish","type":"post","link":"https:\/\/www.europesays.com\/fr\/353253\/","title":{"rendered":"Les live vid\u00e9os du jour en GTWC Asia et GT4 Europe"},"content":{"rendered":"<p>Suivez en direct vid\u00e9o les sessions du jour en GT World Challenge Asia \u00e0 Okayama et en GT4 European Series au N\u00fcrburgring.<\/p>\n<p>\u00a0<\/p>\n<p><strong>GTWC Asia \/ Okayama &#8211; Qualifications d\u00e8s 1h55<\/strong><\/p>\n<p>\u00a0<\/p>\n<\/p>\n<p><strong>GTWC Asia \/ Okayama &#8211; Course 1 d\u00e8s 5h35\u00a0<\/strong><\/p>\n<p>\u00a0<\/p>\n<\/p>\n<p><strong>GT4 European Series \/ N\u00fcrburgring &#8211; Qualifications d\u00e8s 12h05<\/strong><\/p>\n<p>\u00a0<\/p>\n<\/p>\n<p><strong>\u00a0GT4 European Series \/ N\u00fcrburgring &#8211; Course 1 d\u00e8s 17h05<\/strong><\/p>\n<p>\u00a0<\/p><\/p>\n","protected":false},"excerpt":{"rendered":"Suivez en direct vid\u00e9o les sessions du jour en GT World Challenge Asia \u00e0 Okayama et en GT4&hellip;\n","protected":false},"author":2,"featured_media":353254,"comment_status":"","ping_status":"","sticky":false,"template":"","format":"standard","meta":{"footnotes":""},"categories":[1586],"tags":[4208,4214,11,4198,4197,4207,4215,4209,4194,1777,674,4195,4211,4196,1011,27,4216,4201,4205,4200,4221,4204,4212,4206,4217,2191,4218,4203,4219,12,4210,25,4213,4199,4220,4202],"class_list":{"0":"post-353253","1":"post","2":"type-post","3":"status-publish","4":"format-standard","5":"has-post-thumbnail","7":"category-europe","8":"tag-24h-nurburgring-vln","9":"tag-24h-series","10":"tag-actualites","11":"tag-adac-gt-masters","12":"tag-asian-le-mans-series","13":"tag-british-gt","14":"tag-club-des-pilotes-des-24h-du-mans","15":"tag-dtm","16":"tag-endurance-info","17":"tag-eu","18":"tag-europe","19":"tag-european-le-mans-series","20":"tag-ffsa-gt","21":"tag-fia-wec","22":"tag-fr","23":"tag-france","24":"tag-green-racing","25":"tag-gt-open","26":"tag-gt-sports-club","27":"tag-gt-world-challenge-america","28":"tag-gt-world-challenge-asia","29":"tag-gt-world-challenge-europe","30":"tag-gulf12","31":"tag-imsa","32":"tag-intercontinental-gt-challenge","33":"tag-le-mans","34":"tag-le-mans-classic","35":"tag-ligier-european-series","36":"tag-michelin-le-mans-cup","37":"tag-news","38":"tag-porsche-carrera-cup-france","39":"tag-republique-francaise","40":"tag-sport-paddle","41":"tag-super-gt","42":"tag-supercar","43":"tag-ultimate-cup-series"},"share_on_mastodon":{"url":"","error":"Validation failed: Text character limit of 500 exceeded"},"_links":{"self":[{"href":"https:\/\/www.europesays.com\/fr\/wp-json\/wp\/v2\/posts\/353253","targetHints":{"allow":["GET"]}}],"collection":[{"href":"https:\/\/www.europesays.com\/fr\/wp-json\/wp\/v2\/posts"}],"about":[{"href":"https:\/\/www.europesays.com\/fr\/wp-json\/wp\/v2\/types\/post"}],"author":[{"embeddable":true,"href":"https:\/\/www.europesays.com\/fr\/wp-json\/wp\/v2\/users\/2"}],"replies":[{"embeddable":true,"href":"https:\/\/www.europesays.com\/fr\/wp-json\/wp\/v2\/comments?post=353253"}],"version-history":[{"count":0,"href":"https:\/\/www.europesays.com\/fr\/wp-json\/wp\/v2\/posts\/353253\/revisions"}],"wp:featuredmedia":[{"embeddable":true,"href":"https:\/\/www.europesays.com\/fr\/wp-json\/wp\/v2\/media\/353254"}],"wp:attachment":[{"href":"https:\/\/www.europesays.com\/fr\/wp-json\/wp\/v2\/media?parent=353253"}],"wp:term":[{"taxonomy":"category","embeddable":true,"href":"https:\/\/www.europesays.com\/fr\/wp-json\/wp\/v2\/categories?post=353253"},{"taxonomy":"post_tag","embeddable":true,"href":"https:\/\/www.europesays.com\/fr\/wp-json\/wp\/v2\/tags?post=353253"}],"curies":[{"name":"wp","href":"https:\/\/api.w.org\/{rel}","templated":true}]}}