{"id":353267,"date":"2025-08-29T23:48:10","date_gmt":"2025-08-29T23:48:10","guid":{"rendered":"https:\/\/www.europesays.com\/fr\/353267\/"},"modified":"2025-08-29T23:48:10","modified_gmt":"2025-08-29T23:48:10","slug":"mannarino-se-hisse-en-huitieme-de-finale-apres-labandon-de-shelton-blesse-a-lepaule","status":"publish","type":"post","link":"https:\/\/www.europesays.com\/fr\/353267\/","title":{"rendered":"Mannarino se hisse en huiti\u00e8me de finale apr\u00e8s l\u2019abandon de Shelton, bless\u00e9 \u00e0 l\u2019\u00e9paule"},"content":{"rendered":"<p>En larmes, le 6e joueur mondial a renonc\u00e9 devant son public alors que le Fran\u00e7ais venait d\u2019\u00e9galiser \u00e0 deux manches partout.<\/p>\n<p class=\"fig-paragraph\">Terrible coup de froid \u00e0 New York. Mais bonne nouvelle pour un Fran\u00e7ais.\u00a0<a href=\"https:\/\/www.lefigaro.fr\/sports\/tennis\/live\/us-open-messieurs-2025\/401948\/shelton-mannarino\" target=\"_blank\" data-fig-type=\"Live\" rel=\"noopener\" data-gtm-custom-categorie=\"navigation\" data-gtm-custom-action=\"crossclick\" data-gtm-custom-label=\"Contextuel\" data-gtm-event=\"customEventSPE\" data-fig-domain=\"LEFIGARO\">Adrian Mannarino<\/a>\u00a0s\u2019est qualifi\u00e9 vendredi \u00e0 37 ans pour son premier huiti\u00e8me de finale \u00e0 l\u2019US Open apr\u00e8s l\u2019abandon du 6e mondial Ben Shelton, touch\u00e9 \u00e0 l\u2019\u00e9paule gauche.<\/p>\n<p class=\"fig-paragraph\">Le 77e joueur mondial venait d\u2019\u00e9galiser \u00e0 deux manches partout quand le gaucher am\u00e9ricain a jet\u00e9 l\u2019\u00e9ponge, apr\u00e8s s\u2019\u00eatre fait mal sur un coup droit plus t\u00f4t dans le set et avoir grimac\u00e9 \u00e0 plusieurs reprises en fin d\u2019\u00e9change. Le match s\u2019est donc arr\u00eat\u00e9 sur le score de 3-6, 6-3, 4-6, 6-4, alors que Mannarino a appris l\u2019abandon de son adversaire au retour d\u2019une pause toilettes.<\/p>\n<p>                                    <a class=\"fig-a11y-skip a11y-hidden\" href=\"#fig-a11y-skip-main-inarticle\"><br \/>\n        Passer la publicit\u00e9<br \/>\n    <\/a><\/p>\n<p class=\"fig-paragraph\">En larmes, le demi-finaliste de l\u2019\u00e9dition 2023 a rapidement quitt\u00e9 le court Louis-Armstrong. Vainqueur d\u00e9but ao\u00fbt de son premier Masters 1000 \u00e0 Toronto, Shelton figurait parmi les outsiders \u00e0 New York.<\/p>\n<p>Prochain d\u00e9fi\u00a0: Lehecka<\/p>\n<p class=\"fig-paragraph\">\u00abQuand il a commenc\u00e9 \u00e0 avoir mal, il menait et honn\u00eatement, je pense qu\u2019il aurait probablement gagn\u00e9 le match\u00bb s\u2019il ne s\u2019\u00e9tait pas bless\u00e9, a jug\u00e9 dans son interview d\u2019apr\u00e8s-match le vainqueur, qui avait \u00e9chou\u00e9 cinq fois au troisi\u00e8me tour de l\u2019US Open avant d\u2019enfin franchir le cap vendredi.<\/p>\n<p class=\"fig-paragraph\">Mannarino rejoint son compatriote Arthur Rinderknech (82e) parmi les seize derniers joueurs en lice \u00e0 New York et affrontera dimanche le Tch\u00e8que Jiri Lehecka (21e) pour une place en quarts de finale. Le dernier Fran\u00e7ais \u00e0 atteindre les huiti\u00e8mes de finale \u00e0 l\u2019US Open \u00e9tait jusqu\u2019\u00e0 vendredi Corentin Moutet, en 2022.<\/p>\n<p class=\"fig-paragraph\">Il faut remonter six ans plus t\u00f4t pour trouver trace de plusieurs Fran\u00e7ais \u00e0 ce stade de la comp\u00e9tition (Ga\u00ebl Monfils, Lucas Pouille et Jo-Wilfried Tsonga en 2016) \u00e0 New York. Oppos\u00e9 plus tard dans la journ\u00e9e au Tch\u00e8que Tomas Machac (22e) au troisi\u00e8me tour, Ugo Blanchet (184e) peut encore gonfler le contingent tricolore en huiti\u00e8mes de finale en cas de victoire.<\/p>\n","protected":false},"excerpt":{"rendered":"En larmes, le 6e joueur mondial a renonc\u00e9 devant son public alors que le Fran\u00e7ais venait d\u2019\u00e9galiser \u00e0&hellip;\n","protected":false},"author":2,"featured_media":353268,"comment_status":"","ping_status":"","sticky":false,"template":"","format":"standard","meta":{"footnotes":""},"categories":[1415],"tags":[47,4169,105,2199,1011,27,1114,35225,1960,1980,60,1467,4172,4170],"class_list":{"0":"post-353267","1":"post","2":"type-post","3":"status-publish","4":"format-standard","5":"has-post-thumbnail","7":"category-tennis","8":"tag-actualite","9":"tag-atp","10":"tag-djokovic","11":"tag-federer","12":"tag-fr","13":"tag-france","14":"tag-infos","15":"tag-murray","16":"tag-nadal","17":"tag-resultats","18":"tag-sports","19":"tag-tennis","20":"tag-us-open","21":"tag-wta"},"share_on_mastodon":{"url":"https:\/\/pubeurope.com\/@fr\/115114731306398818","error":""},"_links":{"self":[{"href":"https:\/\/www.europesays.com\/fr\/wp-json\/wp\/v2\/posts\/353267","targetHints":{"allow":["GET"]}}],"collection":[{"href":"https:\/\/www.europesays.com\/fr\/wp-json\/wp\/v2\/posts"}],"about":[{"href":"https:\/\/www.europesays.com\/fr\/wp-json\/wp\/v2\/types\/post"}],"author":[{"embeddable":true,"href":"https:\/\/www.europesays.com\/fr\/wp-json\/wp\/v2\/users\/2"}],"replies":[{"embeddable":true,"href":"https:\/\/www.europesays.com\/fr\/wp-json\/wp\/v2\/comments?post=353267"}],"version-history":[{"count":0,"href":"https:\/\/www.europesays.com\/fr\/wp-json\/wp\/v2\/posts\/353267\/revisions"}],"wp:featuredmedia":[{"embeddable":true,"href":"https:\/\/www.europesays.com\/fr\/wp-json\/wp\/v2\/media\/353268"}],"wp:attachment":[{"href":"https:\/\/www.europesays.com\/fr\/wp-json\/wp\/v2\/media?parent=353267"}],"wp:term":[{"taxonomy":"category","embeddable":true,"href":"https:\/\/www.europesays.com\/fr\/wp-json\/wp\/v2\/categories?post=353267"},{"taxonomy":"post_tag","embeddable":true,"href":"https:\/\/www.europesays.com\/fr\/wp-json\/wp\/v2\/tags?post=353267"}],"curies":[{"name":"wp","href":"https:\/\/api.w.org\/{rel}","templated":true}]}}