{"id":353269,"date":"2025-08-29T23:50:16","date_gmt":"2025-08-29T23:50:16","guid":{"rendered":"https:\/\/www.europesays.com\/fr\/353269\/"},"modified":"2025-08-29T23:50:16","modified_gmt":"2025-08-29T23:50:16","slug":"zarco-sous-pression-apres-un-week-end-hongrois-catastrophique","status":"publish","type":"post","link":"https:\/\/www.europesays.com\/fr\/353269\/","title":{"rendered":"Zarco sous pression apr\u00e8s un week-end hongrois catastrophique"},"content":{"rendered":"<p><strong>Le pilote fran\u00e7ais de MotoGP livre ses doutes apr\u00e8s une double chute au Grand Prix de Hongrie, alors que son avenir chez Honda se joue.<\/strong><\/p>\n<p>Johann Zarco traverse une p\u00e9riode compliqu\u00e9e dans le championnat du monde. Le pilote de l\u2019\u00e9curie LCR a v\u00e9cu un week-end hongrois cauchemardesque, avec deux abandons cons\u00e9cutifs qui le laissent sans aucun point. Sa chute \u00e0 haute vitesse lors de la course principale, alors qu\u2019il disputait le vingt-et-uni\u00e8me tour, a an\u00e9anti ses espoirs de marquer des points. Le Fran\u00e7ais a d\u00e9crit l\u2019impact comme particuli\u00e8rement violent, soulignant la nature abrasive de la piste du Balaton Park.<\/p>\n<p>L\u2019incident s\u2019est produit dans une zone d\u00e9licate du circuit, o\u00f9 sa machine manquait de stabilit\u00e9 tout au long du week-end. Zarco explique que le moindre \u00e9cart dans le vibreur provoque des rebonds incontr\u00f4lables, ce qui a caus\u00e9 sa perte. Ces erreurs techniques interviennent \u00e0 un moment crucial de sa saison et de sa carri\u00e8re, alors que les discussions sur son avenir au sein de la structure Honda battent leur plein.<\/p>\n<p>Le double champion du monde Moto2 admet que ces contre-performances le affectent profond\u00e9ment. Il reconna\u00eet que la situation contractuelle influence sa concentration, lui qui aspire \u00e0 rejoindre l\u2019\u00e9quipe officielle du constructeur japonais. Malgr\u00e9 cette pression, Zarco assure qu\u2019il continuera \u00e0 donner le maximum quelle que soit la d\u00e9cision de Honda, tout en soulignant le soutien ind\u00e9fectible de son \u00e9quipe actuelle.<\/p>\n<p>La dynamique positive du d\u00e9but de saison semble s\u2019\u00eatre \u00e9vapor\u00e9e apr\u00e8s cette s\u00e9rie de mauvais r\u00e9sultats. Le pilote craint que cette mauvaise passe ne compromette ses chances au moment o\u00f9 la direction de Honda s\u2019appr\u00eate \u00e0 prendre des d\u00e9cisions cruciales pour les saisons \u00e0 venir.<\/p>\n","protected":false},"excerpt":{"rendered":"Le pilote fran\u00e7ais de MotoGP livre ses doutes apr\u00e8s une double chute au Grand Prix de Hongrie, alors&hellip;\n","protected":false},"author":2,"featured_media":353270,"comment_status":"","ping_status":"","sticky":false,"template":"","format":"standard","meta":{"footnotes":""},"categories":[1413],"tags":[1011,27,1457,1456,60],"class_list":{"0":"post-353269","1":"post","2":"type-post","3":"status-publish","4":"format-standard","5":"has-post-thumbnail","7":"category-moto","8":"tag-fr","9":"tag-france","10":"tag-moto","11":"tag-motocycle","12":"tag-sports"},"share_on_mastodon":{"url":"https:\/\/pubeurope.com\/@fr\/115114739452858228","error":""},"_links":{"self":[{"href":"https:\/\/www.europesays.com\/fr\/wp-json\/wp\/v2\/posts\/353269","targetHints":{"allow":["GET"]}}],"collection":[{"href":"https:\/\/www.europesays.com\/fr\/wp-json\/wp\/v2\/posts"}],"about":[{"href":"https:\/\/www.europesays.com\/fr\/wp-json\/wp\/v2\/types\/post"}],"author":[{"embeddable":true,"href":"https:\/\/www.europesays.com\/fr\/wp-json\/wp\/v2\/users\/2"}],"replies":[{"embeddable":true,"href":"https:\/\/www.europesays.com\/fr\/wp-json\/wp\/v2\/comments?post=353269"}],"version-history":[{"count":0,"href":"https:\/\/www.europesays.com\/fr\/wp-json\/wp\/v2\/posts\/353269\/revisions"}],"wp:featuredmedia":[{"embeddable":true,"href":"https:\/\/www.europesays.com\/fr\/wp-json\/wp\/v2\/media\/353270"}],"wp:attachment":[{"href":"https:\/\/www.europesays.com\/fr\/wp-json\/wp\/v2\/media?parent=353269"}],"wp:term":[{"taxonomy":"category","embeddable":true,"href":"https:\/\/www.europesays.com\/fr\/wp-json\/wp\/v2\/categories?post=353269"},{"taxonomy":"post_tag","embeddable":true,"href":"https:\/\/www.europesays.com\/fr\/wp-json\/wp\/v2\/tags?post=353269"}],"curies":[{"name":"wp","href":"https:\/\/api.w.org\/{rel}","templated":true}]}}