{"id":353273,"date":"2025-08-29T23:52:14","date_gmt":"2025-08-29T23:52:14","guid":{"rendered":"https:\/\/www.europesays.com\/fr\/353273\/"},"modified":"2025-08-29T23:52:14","modified_gmt":"2025-08-29T23:52:14","slug":"que-se-passe-t-il-avec-oier-lazkano","status":"publish","type":"post","link":"https:\/\/www.europesays.com\/fr\/353273\/","title":{"rendered":"Que se passe t-il avec O\u00efer Lazkano ?"},"content":{"rendered":"<p>O\u00efer Lazkano est-il toujours \u00e0 100% concern\u00e9 par le cyclisme professionnel ? Apr\u00e8s une ann\u00e9e impressionnante chez <strong><a href=\"https:\/\/www.velo-club.net\/resultats\/classement-de-la-jaen-paraiso-interior-remportee-par-oier-lazkano\/\" target=\"_blank\" rel=\"noopener\">Movistar<\/a><\/strong>, le coureur espagnol avait cr\u00e9\u00e9 la sensation avant de rejoindre Red Bull Bora \u00e0 l\u2019intersaison. Le d\u00e9but d\u2019une belle aventure \u00e0 l\u2019\u00e9poque de l\u2019avis de nombreux observateurs, car Lazkano pouvait \u00e9voluer dans une structure cens\u00e9e briller sur les classiques.<\/p>\n<p>Malheureusement, rien ne semble s\u2019\u00eatre pass\u00e9 comme pr\u00e9vu, et l\u2019ancien champion d\u2019Espagne n\u2019a plus accroch\u00e9 un dossard en comp\u00e9tition depuis Paris-Roubaix au mois d\u2019avril. Une situation curieuse, d\u2019autant plus qu\u2019\u00e0 notre connaissance, aucune communication par rapport \u00e0 une \u00e9ventuelle blessure n\u2019a \u00e9t\u00e9 publi\u00e9e par la Red Bull Bora.<\/p>\n<p>Face \u00e0 ce myst\u00e8re, nous avons donc contact\u00e9 la formation allemande \u00e0 plusieurs reprises, sans succ\u00e8s malheureusement, puisque aucune r\u00e9ponse n\u2019a \u00e9t\u00e9 apport\u00e9e \u00e0 nos diff\u00e9rents courriels. Il en va de m\u00eame pour Lazkano, contact\u00e9 sur les r\u00e9seaux sociaux.<\/p>\n<p>Des r\u00e9seaux sociaux qui semblent aujourd\u2019hui inactifs, comme un membre de notre \u00e9quipe l\u2019a remarqu\u00e9. En effet, Oier Lazkano a supprim\u00e9 sa page Instagram, et son compte X est d\u00e9sormais prot\u00e9g\u00e9.<\/p>\n<p>Le myst\u00e8re reste donc complet, et ce n\u2019est pas le compte Strava de l\u2019athl\u00e8te qui pourrait nous donner plus d\u2019informations, puisque la <strong><a href=\"https:\/\/www.strava.com\/activities\/14658594257\" target=\"_blank\" rel=\"noreferrer noopener\">derni\u00e8re sortie publique<\/a><\/strong> a \u00e9t\u00e9 enregistr\u00e9e le 31 mai dernier.<\/p>\n<p>Reste donc \u00e0 esp\u00e9rer que tout va bien pour Oier Lazkano, ceci en attendant une \u00e9ventuelle communication de son \u00e9quipe\u2026<\/p>\n","protected":false},"excerpt":{"rendered":"O\u00efer Lazkano est-il toujours \u00e0 100% concern\u00e9 par le cyclisme professionnel ? Apr\u00e8s une ann\u00e9e impressionnante chez Movistar,&hellip;\n","protected":false},"author":2,"featured_media":353274,"comment_status":"","ping_status":"","sticky":false,"template":"","format":"standard","meta":{"footnotes":""},"categories":[1411],"tags":[2202,1154,207,1011,27,60],"class_list":{"0":"post-353273","1":"post","2":"type-post","3":"status-publish","4":"format-standard","5":"has-post-thumbnail","7":"category-cyclisme","8":"tag-a-decouvrir","9":"tag-cycling","10":"tag-cyclisme","11":"tag-fr","12":"tag-france","13":"tag-sports"},"share_on_mastodon":{"url":"https:\/\/pubeurope.com\/@fr\/115114747111080524","error":""},"_links":{"self":[{"href":"https:\/\/www.europesays.com\/fr\/wp-json\/wp\/v2\/posts\/353273","targetHints":{"allow":["GET"]}}],"collection":[{"href":"https:\/\/www.europesays.com\/fr\/wp-json\/wp\/v2\/posts"}],"about":[{"href":"https:\/\/www.europesays.com\/fr\/wp-json\/wp\/v2\/types\/post"}],"author":[{"embeddable":true,"href":"https:\/\/www.europesays.com\/fr\/wp-json\/wp\/v2\/users\/2"}],"replies":[{"embeddable":true,"href":"https:\/\/www.europesays.com\/fr\/wp-json\/wp\/v2\/comments?post=353273"}],"version-history":[{"count":0,"href":"https:\/\/www.europesays.com\/fr\/wp-json\/wp\/v2\/posts\/353273\/revisions"}],"wp:featuredmedia":[{"embeddable":true,"href":"https:\/\/www.europesays.com\/fr\/wp-json\/wp\/v2\/media\/353274"}],"wp:attachment":[{"href":"https:\/\/www.europesays.com\/fr\/wp-json\/wp\/v2\/media?parent=353273"}],"wp:term":[{"taxonomy":"category","embeddable":true,"href":"https:\/\/www.europesays.com\/fr\/wp-json\/wp\/v2\/categories?post=353273"},{"taxonomy":"post_tag","embeddable":true,"href":"https:\/\/www.europesays.com\/fr\/wp-json\/wp\/v2\/tags?post=353273"}],"curies":[{"name":"wp","href":"https:\/\/api.w.org\/{rel}","templated":true}]}}