{"id":353275,"date":"2025-08-29T23:53:18","date_gmt":"2025-08-29T23:53:18","guid":{"rendered":"https:\/\/www.europesays.com\/fr\/353275\/"},"modified":"2025-08-29T23:53:18","modified_gmt":"2025-08-29T23:53:18","slug":"lasse-perd-son-fauteuil-de-leader","status":"publish","type":"post","link":"https:\/\/www.europesays.com\/fr\/353275\/","title":{"rendered":"L&rsquo;ASSE perd son fauteuil de leader !"},"content":{"rendered":"<p data-start=\"320\" data-end=\"519\"><strong data-start=\"320\" data-end=\"519\">L\u2019AS Saint-\u00c9tienne est en t\u00eate de la Ligue 2 avec 7 points apr\u00e8s trois journ\u00e9es. <a href=\"https:\/\/www.lequipe.fr\/Directs\/20250829\" target=\"_blank\" rel=\"noopener nofollow\">Ce vendredi soir<\/a>, la 4e journ\u00e9e promet des affiches d\u00e9cisives pour confirmer ou bouleverser le haut du classement, en attendant les affiches du samedi. Voici les r\u00e9sultats de ce vendredi soir.<\/strong><\/p>\n<p data-start=\"526\" data-end=\"947\">La Ligue 2 reprend ses droits ce vendredi soir avec une s\u00e9rie de rencontres qui pourraient d\u00e9j\u00e0 donner un tournant au classement. Si l\u2019<a href=\"https:\/\/peuple-vert.fr\/\" target=\"_blank\" rel=\"noopener nofollow\">ASSE<\/a>, leader gr\u00e2ce \u00e0 sa diff\u00e9rence de buts (+5), ne joue que samedi \u00e0 20h, ses concurrents directs sont attendus sur le front. Pau, Nancy et Troyes, tous \u00e0 \u00e9galit\u00e9 avec 7 points, esp\u00e8rent profiter de cette 4e journ\u00e9e pour prendre provisoirement les commandes.<\/p>\n<p>Ligue 2 : la lutte derri\u00e8re Saint-\u00c9tienne s\u2019intensifie<\/p>\n<p data-start=\"1010\" data-end=\"1480\">Pau, dauphin des Verts, se d\u00e9place sur la pelouse de Nancy dans un duel au sommet entre le 2e et le 3e du classement. Une rencontre qui s\u2019annonce d\u00e9j\u00e0 capitale : le vainqueur pourrait mettre la pression sur Saint-\u00c9tienne en prenant la t\u00eate. Derri\u00e8re, Troyes, actuel 4e, se rend \u00e0 Dunkerque (13e), avec l\u2019ambition d\u2019encha\u00eener apr\u00e8s un bon d\u00e9but de saison. Clermont (5e) se d\u00e9place \u00e0 Laval (12e), un match pi\u00e8ge face \u00e0 une \u00e9quipe encore en qu\u00eate de sa premi\u00e8re victoire.<\/p>\n<p data-start=\"1537\" data-end=\"1976\">Dans le ventre mou, Montpellier (9e) affronte Amiens (7e), deux \u00e9quipes qui ont mal d\u00e9marr\u00e9 mais qui restent \u00e0 port\u00e9e du podium. Une victoire pourrait relancer leur dynamique et les ramener au contact des places de t\u00eate. M\u00eame objectif pour le Red Star (6e), qui re\u00e7oit Annecy (11e) avec l\u2019occasion de s\u2019installer dans le top 5. De leur c\u00f4t\u00e9, Le Mans et Reims, actuellement \u00e0 4 points, guettent un faux pas des leaders pour se rapprocher.<\/p>\n<p>Rodez et Boulogne d\u00e9j\u00e0 en danger ?<\/p>\n<p data-start=\"2027\" data-end=\"2382\">En bas de tableau, Rodez (14e) et Boulogne-sur-Mer (18e) s\u2019affrontent dans un duel crucial pour le maintien. Les Ruth\u00e9nois veulent enfin lancer leur saison apr\u00e8s deux d\u00e9faites, tandis que Boulogne cherche d\u00e9sesp\u00e9r\u00e9ment son premier point. Plus haut, Guingamp, Grenoble et Bastia devront \u00e9galement r\u00e9agir pour ne pas s\u2019enliser d\u00e8s ce d\u00e9but de championnat.<\/p>\n<ul>\n<li data-start=\"228\" data-end=\"314\">\n<p data-start=\"230\" data-end=\"314\"><strong data-start=\"230\" data-end=\"264\">Montpellier (9e) 1\u20131 Amiens (7e) Buteurs : Savanier et Lutin.<\/strong><\/p>\n<\/li>\n<li data-start=\"315\" data-end=\"387\">\n<p data-start=\"317\" data-end=\"387\"><strong data-start=\"317\" data-end=\"348\">Laval (12e) 0\u20130 Clermont (5e)<\/strong><\/p>\n<\/li>\n<li data-start=\"388\" data-end=\"461\">\n<p data-start=\"390\" data-end=\"461\"><strong data-start=\"390\" data-end=\"422\">Red Star (6e) 1\u20130 Annecy (11e) buteur : Durand.<\/strong><\/p>\n<\/li>\n<li data-start=\"462\" data-end=\"522\">\n<p data-start=\"464\" data-end=\"522\"><strong data-start=\"464\" data-end=\"497\">Dunkerque (13e) 2\u20130 Troyes (4e) Buteurs : Bardelli, Zossou.<\/strong><\/p>\n<\/li>\n<li data-start=\"523\" data-end=\"596\">\n<p data-start=\"525\" data-end=\"596\"><strong data-start=\"525\" data-end=\"550\">Nancy (3e) 2\u20132 Pau (2e) Buteurs : Bamba, St Ruf &#8211; Beusnard, Mboup.<\/strong><\/p>\n<\/li>\n<li data-start=\"597\" data-end=\"688\">\n<p data-start=\"599\" data-end=\"688\"><strong data-start=\"599\" data-end=\"639\">Rodez (14e) 1\u20130 Boulogne-sur-Mer (18e) buteur : Arconte.<\/strong><\/p>\n<\/li>\n<\/ul>\n","protected":false},"excerpt":{"rendered":"L\u2019AS Saint-\u00c9tienne est en t\u00eate de la Ligue 2 avec 7 points apr\u00e8s trois journ\u00e9es. Ce vendredi soir,&hellip;\n","protected":false},"author":2,"featured_media":353276,"comment_status":"","ping_status":"","sticky":false,"template":"","format":"standard","meta":{"footnotes":""},"categories":[1410],"tags":[63,1011,27,60],"class_list":{"0":"post-353275","1":"post","2":"type-post","3":"status-publish","4":"format-standard","5":"has-post-thumbnail","7":"category-football","8":"tag-football","9":"tag-fr","10":"tag-france","11":"tag-sports"},"share_on_mastodon":{"url":"https:\/\/pubeurope.com\/@fr\/115114751307921278","error":""},"_links":{"self":[{"href":"https:\/\/www.europesays.com\/fr\/wp-json\/wp\/v2\/posts\/353275","targetHints":{"allow":["GET"]}}],"collection":[{"href":"https:\/\/www.europesays.com\/fr\/wp-json\/wp\/v2\/posts"}],"about":[{"href":"https:\/\/www.europesays.com\/fr\/wp-json\/wp\/v2\/types\/post"}],"author":[{"embeddable":true,"href":"https:\/\/www.europesays.com\/fr\/wp-json\/wp\/v2\/users\/2"}],"replies":[{"embeddable":true,"href":"https:\/\/www.europesays.com\/fr\/wp-json\/wp\/v2\/comments?post=353275"}],"version-history":[{"count":0,"href":"https:\/\/www.europesays.com\/fr\/wp-json\/wp\/v2\/posts\/353275\/revisions"}],"wp:featuredmedia":[{"embeddable":true,"href":"https:\/\/www.europesays.com\/fr\/wp-json\/wp\/v2\/media\/353276"}],"wp:attachment":[{"href":"https:\/\/www.europesays.com\/fr\/wp-json\/wp\/v2\/media?parent=353275"}],"wp:term":[{"taxonomy":"category","embeddable":true,"href":"https:\/\/www.europesays.com\/fr\/wp-json\/wp\/v2\/categories?post=353275"},{"taxonomy":"post_tag","embeddable":true,"href":"https:\/\/www.europesays.com\/fr\/wp-json\/wp\/v2\/tags?post=353275"}],"curies":[{"name":"wp","href":"https:\/\/api.w.org\/{rel}","templated":true}]}}