{"id":353277,"date":"2025-08-29T23:54:28","date_gmt":"2025-08-29T23:54:28","guid":{"rendered":"https:\/\/www.europesays.com\/fr\/353277\/"},"modified":"2025-08-29T23:54:28","modified_gmt":"2025-08-29T23:54:28","slug":"kim-kardashian-a-venise-pour-eviter-le-malaise-elle-enleve-une-piece-maitresse-de-sa-robe-haute-couture","status":"publish","type":"post","link":"https:\/\/www.europesays.com\/fr\/353277\/","title":{"rendered":"Kim Kardashian \u00e0 Venise : pour \u00e9viter le malaise, elle enl\u00e8ve une pi\u00e8ce ma\u00eetresse de sa robe Haute Couture"},"content":{"rendered":"<p data-start=\"507\" data-end=\"877\">Quand <a href=\"https:\/\/www.closermag.fr\/people\/kim-kardashian-elle-quitte-les-etats-unis-pour-subir-une-greffe-jai-tout-essaye-pour-soulager-la-douleur-3570250\" rel=\"nofollow noopener\" target=\"_blank\"><br \/>\nKim Kardashian<\/a> se rend \u00e0 un \u00e9v\u00e9nement, impossible de passer<br \/>\ninaper\u00e7ue. Le 28 ao\u00fbt dernier, la\u00a0 maman de <a href=\"https:\/\/www.closermag.fr\/people\/tellement-inapproprie-kim-kardashian-fait-scandale-en-laissant-sa-fille-north-12-ans-porter-cette-piece-mode-tres-controversee-3573431\" rel=\"nofollow noopener\" target=\"_blank\"><br \/>\nNorth West<\/a> \u00e9tait l\u2019une des invit\u00e9es d\u2019honneur des DVF Awards,<br \/>\nla c\u00e9r\u00e9monie annuelle organis\u00e9e par Diane von Furstenberg \u00e0 Venise.<br \/>\nPour l\u2019occasion, elle a opt\u00e9 <strong>pour une silhouette<br \/>\nspectaculaire<\/strong> sign\u00e9e <a href=\"https:\/\/www.closermag.fr\/people\/kim-kardashian-a-venise-elle-choque-ses-fans-avec-ce-detail-tres-curieux-de-sa-tenue-martin-margiela-photos-3574239\" rel=\"nofollow noopener\" target=\"_blank\"><br \/>\nMaison Margiela<\/a>, entre science-fiction et tapis rouge.<\/p>\n<p data-start=\"879\" data-end=\"1183\">Mais si sa tenue haute couture<br \/>\n\u00e9tait cens\u00e9e inclure <strong>un voile couvrant son visage<\/strong>,<br \/>\nKim a pris la libert\u00e9 de l\u2019\u00e9carter. Un d\u00e9tail qui change tout :<br \/>\nsans ce voile, l\u2019ensemble est rest\u00e9 impressionnant mais bien plus<br \/>\npratique, \u00e9vitant \u00e0 la star le risque d\u2019un moment g\u00eanant face aux<br \/>\nphotographes et invit\u00e9s.<\/p>\n<p>Kim Kardashian : son look<br \/>\ndigne de Dune sans la<br \/>\ncontrainte du voile<\/p>\n<p data-start=\"1248\" data-end=\"1576\">Kim Kardashian a foul\u00e9 le<br \/>\ntapis rouge dans une combinaison gris argent futuriste. La pi\u00e8ce<br \/>\ncomprenait une cape fluide, des manches larges, un col montant et<br \/>\nun pantalon oversize. Avec ses drap\u00e9s et son allure galactique,<br \/>\nl\u2019ensemble \u00e9voquait directemen<strong>t les costumes d\u2019un film de<br \/>\nscience-fiction<\/strong>. Normalement, le look se portait avec un<br \/>\nvoile translucide recouvrant int\u00e9gralement le visage. Mais la s\u0153ur<br \/>\nde <a href=\"https:\/\/www.closermag.fr\/people\/kylie-jenner-et-timothee-chalamet-cest-fini-son-absence-pour-ses-28-ans-veut-tout-dire-3570899\" rel=\"nofollow noopener\" target=\"_blank\"><br \/>\nKylie Jenner<\/a> a pr\u00e9f\u00e9r\u00e9 s\u2019en passer. \u00ab\u00a0J\u2019ai un tapis rouge, je dois voir o\u00f9 je marche et<br \/>\nprofiter de la soir\u00e9e\u00a0\u00bb, aurait-elle confi\u00e9 en plaisantant \u00e0<br \/>\nson entourage selon E!<br \/>\nNews. R\u00e9sultat : un look spectaculaire, mais<br \/>\n<strong>suffisamment pratique<\/strong> pour applaudir et se<br \/>\nd\u00e9placer sans entraves.<\/p>\n<p data-start=\"1958\" data-end=\"2253\">C\u00f4t\u00e9 accessoires, la star a<br \/>\njou\u00e9 la sobri\u00e9t\u00e9 : deux bagues seulement, une chevelure raide et<br \/>\nbrillante avec raie au milieu, et un maquillage l\u00e9ger misant sur un<br \/>\n<a href=\"https:\/\/www.closermag.fr\/beaute\/kiko-milano-lance-magnetic-nights-pour-briller-en-ville-comme-a-la-fashion-week-3479622\" rel=\"nofollow noopener\" target=\"_blank\"><br \/>\ngloss m\u00e9tallique<\/a>. Pas besoin d\u2019en faire plus pour attirer<br \/>\nl\u2019attention : la coupe futuriste du v\u00eatement faisait d\u00e9j\u00e0 tout le<br \/>\ntravail.<\/p>\n<blockquote class=\"instagram-media\" style=\"background: #ffffff;border: 0;margin: 1px;width: 100%;padding: 0;max-width: 500px;\" data-instgrm-permalink=\"https:\/\/www.instagram.com\/p\/DN6nRxWjMTc\/?img_index=2\" data-instgrm-version=\"14\"\/><p>\nUne<br \/>\nsoir\u00e9e de r\u00e9compenses et une apparition remarqu\u00e9e avec North<\/p>\n<p data-start=\"2331\" data-end=\"2703\">La pr\u00e9sence de Kim Kardashian<br \/>\n\u00e0 Venise n\u2019\u00e9tait pas seulement une affaire de style. La star de 44<br \/>\nans a \u00e9t\u00e9 r\u00e9compens\u00e9e pour son engagement avec l\u2019Anti-Recidivism<br \/>\nCoalition, une association qui lutte contre <strong>l\u2019incarc\u00e9ration<br \/>\nde masse en Californie<\/strong>. Elle figurait parmi cinq femmes<br \/>\nhonor\u00e9es cette ann\u00e9e, aux c\u00f4t\u00e9s de Christy Turlington Burns ou<br \/>\nencore Fany Kuiru Castro.<\/p>\n<p data-start=\"2331\" data-end=\"2703\">Quelques jours avant la<br \/>\nc\u00e9r\u00e9monie, Kim profitait d\u2019ailleurs de son s\u00e9jour en Italie avec sa<br \/>\nfille a\u00een\u00e9e. Le 22 ao\u00fbt, m\u00e8re et fille avaient \u00e9t\u00e9 vues dans les<br \/>\nrues de Rome, coordonn\u00e9es en noir. Kim portait une robe en dentelle<br \/>\npr\u00e8s du corps et une grande croix en pendentif, tandis que North<br \/>\ns\u2019affichait en <a href=\"https:\/\/www.closermag.fr\/beaute\/north-west-cheveux-bleus-et-bustier-elle-pique-le-look-dune-de-ses-tantes-et-ce-nest-pas-celle-quon-croit-3573897\" rel=\"nofollow noopener\" target=\"_blank\"><br \/>\nmini corset<\/a> et jupe m\u00e9tallis\u00e9e argent\u00e9e, compl\u00e9t\u00e9e par une<br \/>\nperruque turquoise et de grandes bottes militaires. La rel\u00e8ve<br \/>\nKardashian-West assure d\u00e9j\u00e0 le show.<\/p>\n<p data-start=\"2331\" data-end=\"2703\"><img loading=\"lazy\" decoding=\"async\" itemprop=\"thumbnailUrl\" class=\"alignnone size-large wp-image-3573901 img-responsive\" src=\"https:\/\/www.europesays.com\/fr\/wp-content\/uploads\/2025\/08\/2b0f80ee-e73c-41e4-bace-5f87d8a92719_1756148567-625x1024.jpg\" alt=\"\" width=\"625\" height=\"1024\"\/> \u00a9 Tik Tok Kim<br \/>\nKardashian<\/p>\n<p data-start=\"2331\" data-end=\"2703\">Si Kim a d\u00e9cid\u00e9 d\u2019enlever le<br \/>\nvoile pr\u00e9vu pour sa robe Margiela, ce n\u2019est peut-\u00eatre pas un<br \/>\nhasard. Les fans se souviennent encore de <strong>son passage au<br \/>\nMet Gala 2021<\/strong>, o\u00f9 elle avait fait sensation dans une tenue<br \/>\nint\u00e9grale Balenciaga qui la recouvrait de la t\u00eate aux pieds, visage<br \/>\ninclus. Pas un millim\u00e8tre de peau n\u2019\u00e9tait visible, ni m\u00eame sa<br \/>\nl\u00e9gendaire chevelure. Alors cette fois, Kim a sans doute pr\u00e9f\u00e9r\u00e9<br \/>\njouer la carte du confort. Et franchement, apr\u00e8s avoir exp\u00e9riment\u00e9<br \/>\nle \u00ab\u00a0tout cach\u00e9\u00a0\u00bb, on comprend qu\u2019elle n\u2019ait pas eu envie de retenter<br \/>\nl\u2019exp\u00e9rience !<\/p>\n<p><img loading=\"lazy\" decoding=\"async\" aria-describedby=\"caption-attachment-3002270\" class=\"size-full wp-image-3002270 img-responsive\" src=\"https:\/\/www.europesays.com\/fr\/wp-content\/uploads\/2025\/08\/kim-kardashian-1733.jpeg\" alt=\"\" width=\"726\" height=\"908\"\/> \u00a9 Backgrid<br \/>\nUSA<\/p>\n<p id=\"caption-attachment-3002270\" class=\"wp-caption-text\">Kim<br \/>\nKardashian \u00e0 la sortie de l&rsquo;h\u00f4tel The Ritz-Carlton hotel New York<br \/>\npour se rendre \u00e0 la soir\u00e9e du Met Gala (Met Ball) 2021 \u00e0 New York<br \/>\nle 13 septembre 2021.<\/p>\n<p>Diaporama<br \/>\n<img decoding=\"async\" class=\"diapo_img img-responsive lazy-load\" loading=\"lazy\" src=\"https:\/\/www.europesays.com\/fr\/wp-content\/uploads\/2025\/08\/bestimage_00720267_000001-scaled.jpg\"\/><\/p>\n<p>Backgrid UK\/ Bestimage<\/p>\n<p>1\/6 Kim Kardashian, apparition divine \u00e0<br \/>\nVenise<\/p>\n<p>La star a \u00e9bloui en robe argent\u00e9e Maison<br \/>\nMargiela, jouant la carte futuriste et glamour.<\/p>\n<p><img decoding=\"async\" class=\"diapo_img img-responsive lazy-load\" loading=\"lazy\" src=\"https:\/\/www.europesays.com\/fr\/wp-content\/uploads\/2025\/08\/bestimage_00720267_000004-1-scaled.jpg\"\/><\/p>\n<p>Backgrid UK\/ Bestimage<\/p>\n<p>2\/6 Une entr\u00e9e remarqu\u00e9e sous haute<br \/>\nprotection<\/p>\n<p>Escort\u00e9e par ses gardes du corps, Kim<br \/>\navance avec pr\u00e9caution dans sa tenue spectaculaire.<\/p>\n<p><img decoding=\"async\" class=\"diapo_img img-responsive lazy-load\" loading=\"lazy\" src=\"https:\/\/www.europesays.com\/fr\/wp-content\/uploads\/2025\/08\/bestimage_00720267_000006-1-scaled.jpg\"\/><\/p>\n<p>Backgrid UK\/ Bestimage<\/p>\n<p>3\/6 Une silhouette qui captive tous les<br \/>\nregards<\/p>\n<p>Avec sa cape fluide et son pantalon<br \/>\nample, Kim affichait une allure digne d\u2019un film de<br \/>\nscience-fiction.<\/p>\n<p><img decoding=\"async\" class=\"diapo_img img-responsive lazy-load\" loading=\"lazy\" src=\"https:\/\/www.europesays.com\/fr\/wp-content\/uploads\/2025\/08\/bestimage_00720267_000003-1-scaled.jpg\"\/><\/p>\n<p>Backgrid UK\/ Bestimage<\/p>\n<p>4\/6 Minimaliste mais ultra-glamour<\/p>\n<p>C\u00f4t\u00e9 mise en beaut\u00e9, elle a mis\u00e9 sur des<br \/>\ncheveux lisses et un maquillage lumineux sans surcharge.<\/p>\n<p><img decoding=\"async\" class=\"diapo_img img-responsive lazy-load\" loading=\"lazy\" src=\"https:\/\/www.europesays.com\/fr\/wp-content\/uploads\/2025\/08\/bestimage_00720267_000008-1-scaled.jpg\"\/><\/p>\n<p>Backgrid UK\/ Bestimage<\/p>\n<p>5\/6 Une d\u00e9esse moderne sur tapis rouge<\/p>\n<p>La coupe de la robe \u00e9pousait<br \/>\nparfaitement sa silhouette, soulignant sa taille et ses<br \/>\ncourbes.<\/p>\n<p><img decoding=\"async\" class=\"diapo_img img-responsive lazy-load\" loading=\"lazy\" src=\"https:\/\/www.europesays.com\/fr\/wp-content\/uploads\/2025\/08\/bestimage_00720267_000002-1-scaled.jpg\"\/><\/p>\n<p>Backgrid UK\/ Bestimage<\/p>\n<p>6\/6 Un look sans son voile d\u2019origine<\/p>\n<p>La robe devait \u00eatre port\u00e9e avec un voile couvrant le visage,<br \/>\nmais Kim a pr\u00e9f\u00e9r\u00e9 s\u2019en passer pour plus de confort.<\/p>\n<p><script async src=\"\/\/www.instagram.com\/embed.js\"><\/script><\/p>\n","protected":false},"excerpt":{"rendered":"Quand Kim Kardashian se rend \u00e0 un \u00e9v\u00e9nement, impossible de passer inaper\u00e7ue. Le 28 ao\u00fbt dernier, la\u00a0 maman&hellip;\n","protected":false},"author":2,"featured_media":353278,"comment_status":"","ping_status":"","sticky":false,"template":"","format":"standard","meta":{"footnotes":""},"categories":[1359],"tags":[58,59,1011,27,1638,973],"class_list":{"0":"post-353277","1":"post","2":"type-post","3":"status-publish","4":"format-standard","5":"has-post-thumbnail","7":"category-people","8":"tag-divertissement","9":"tag-entertainment","10":"tag-fr","11":"tag-france","12":"tag-has_diapo","13":"tag-people"},"share_on_mastodon":{"url":"https:\/\/pubeurope.com\/@fr\/115114755608046134","error":""},"_links":{"self":[{"href":"https:\/\/www.europesays.com\/fr\/wp-json\/wp\/v2\/posts\/353277","targetHints":{"allow":["GET"]}}],"collection":[{"href":"https:\/\/www.europesays.com\/fr\/wp-json\/wp\/v2\/posts"}],"about":[{"href":"https:\/\/www.europesays.com\/fr\/wp-json\/wp\/v2\/types\/post"}],"author":[{"embeddable":true,"href":"https:\/\/www.europesays.com\/fr\/wp-json\/wp\/v2\/users\/2"}],"replies":[{"embeddable":true,"href":"https:\/\/www.europesays.com\/fr\/wp-json\/wp\/v2\/comments?post=353277"}],"version-history":[{"count":0,"href":"https:\/\/www.europesays.com\/fr\/wp-json\/wp\/v2\/posts\/353277\/revisions"}],"wp:featuredmedia":[{"embeddable":true,"href":"https:\/\/www.europesays.com\/fr\/wp-json\/wp\/v2\/media\/353278"}],"wp:attachment":[{"href":"https:\/\/www.europesays.com\/fr\/wp-json\/wp\/v2\/media?parent=353277"}],"wp:term":[{"taxonomy":"category","embeddable":true,"href":"https:\/\/www.europesays.com\/fr\/wp-json\/wp\/v2\/categories?post=353277"},{"taxonomy":"post_tag","embeddable":true,"href":"https:\/\/www.europesays.com\/fr\/wp-json\/wp\/v2\/tags?post=353277"}],"curies":[{"name":"wp","href":"https:\/\/api.w.org\/{rel}","templated":true}]}}