{"id":353279,"date":"2025-08-29T23:55:09","date_gmt":"2025-08-29T23:55:09","guid":{"rendered":"https:\/\/www.europesays.com\/fr\/353279\/"},"modified":"2025-08-29T23:55:09","modified_gmt":"2025-08-29T23:55:09","slug":"cote-de-granit-rose-letonnante-statue-du-pere-eternel-a-tregastel-a-nouveau-taguee","status":"publish","type":"post","link":"https:\/\/www.europesays.com\/fr\/353279\/","title":{"rendered":"C\u00f4te de Granit rose. L&rsquo;\u00e9tonnante statue du P\u00e8re Eternel \u00e0 Tr\u00e9gastel \u00e0 nouveau tagu\u00e9e"},"content":{"rendered":"<p>            Par<br \/>\n        <strong><br \/>\n            <a href=\"https:\/\/actu.fr\/auteur\/journaliste-lt\" title=\"Consulter tous les articles de R\u00e9daction Lannion\" target=\"_blank\" rel=\"noopener\">R\u00e9daction Lannion<\/a><br \/>\n        <\/strong><\/p>\n<p>        Publi\u00e9 le<\/p>\n<p>            29 ao\u00fbt 2025 \u00e0 15h50        <\/p>\n<p>La c\u00e9l\u00e8bre statue du P\u00e8re Eternel \u00e0 <b>Tr\u00e9gastel <\/b>a de nouveau \u00e9t\u00e9 tagu\u00e9e. C\u2019est la d\u00e9couverte qu\u2019en ont fait jeudi 28 ao\u00fbt les salari\u00e9s de l\u2019aquarium nich\u00e9 dans chaos rocheux sur lequel est \u00e9rig\u00e9e la statue d\u2019un blanc immacul\u00e9 depuis 1869.\u00a0<\/p>\n<p>Indescriptibles<\/p>\n<p class=\" wall-content\">La statue domine le site face au<b> Coz Pors<\/b>. Des dessins tr\u00e8s color\u00e9s, des inscriptions indescriptibles la maculent depuis deux jours.\u00a0<\/p>\n<p class=\" wall-content\">Une action qui ressemble de plus \u00e0 plus \u00e0 <b>un rituel de fin d\u2019\u00e9t\u00e9. <\/b>En 2021 et en 2022, aussi en fin de saison estivale, la statue avait d\u00e9j\u00e0 \u00e9t\u00e9 \u00ab\u00a0repeinte\u00a0\u00bb.\u00a0<\/p>\n<blockquote class=\"ac-article-quote wall-content\">\n<p>\u00ab\u00a0C\u2019est une propri\u00e9t\u00e9 de l\u2019Agglom\u00e9ration. Les autres fois elle avait \u00e9t\u00e9 repeinte ensuite en blanc. On n\u2019a pas encore pris de d\u00e9cision\u00a0\u00bb.<\/p>\n<p>B\u00e9n\u00e9dicte Boiron, vice-pr\u00e9sidente de Lannion Tr\u00e9gor Communaut\u00e9 pour le tourisme.<\/p><\/blockquote>\n<p>Depuis 1869<br \/>\n    <a href=\"https:\/\/maps.google.com\/maps?q=48.8304378,-3.5107005&amp;z=15&amp;output=embed\" title=\"Ouvrie le lien\" target=\"_blank\" rel=\"noopener\">Cliquez ici pour visualiser le contenu<\/a><\/p>\n<p>Vid\u00e9os : en ce moment sur Actu<\/p>\n<p class=\" wall-content\">La statue a \u00e9t\u00e9 r\u00e9alis\u00e9e en 1869 \u00e0 la demande de l\u2019abb\u00e9 Jean-Jacques Bouget et s\u2019appelait auparavant \u00ab\u00a0la statue du Bon sauveur\u00a0\u00bb.<\/p>\n<p class=\" wall-content\">Elle a \u00e9t\u00e9 \u00e9rig\u00e9e pour \u00ab\u00a0\u2026aider les marins du pays et les \u00e9trangers qui visitent nos gr\u00e8ves \u00e0 \u00e9lever leurs pens\u00e9es vers Dieu\u2026\u00a0\u00bb<\/p>\n<p>Votre r\u00e9gion, votre actu !<\/p>\n<p>Recevez chaque jour les infos qui comptent pour vous.<\/p>\n<p>\t<a href=\"https:\/\/actu.fr\/newsletter\" class=\"ac-btn ac-btn--corner ac-btn--medium ac-btn--blue800\" target=\"_blank\" rel=\"noopener\">S&rsquo;incrire<\/a><\/p>\n<p class=\" wall-content\">A l\u2019\u00e9poque, elle \u00e9tait surmont\u00e9e d\u2019une croix mais de nombreux actes de vandalisme ont pouss\u00e9 les \u00e9lus \u00e0 ne plus en remettre.\u00a0<\/p>\n<p class=\" wall-content\">Personnalisez votre actualit\u00e9 en ajoutant vos villes et m\u00e9dias en favori avec <a href=\"https:\/\/moncompte.actu.fr\" title=\"D\u00e9couvez Mon Actu\" rel=\"nofollow noopener\" data-trk=\"{&quot;cta&quot;:{&quot;action&quot;:&quot;https:\\\/\\\/moncompte.actu.fr&quot;,&quot;category&quot;:&quot;mon compte&quot;,&quot;from&quot;:&quot;article footer&quot;,&quot;name&quot;:&quot;Mon actu&quot;,&quot;type&quot;:&quot;cta&quot;}}\" target=\"_blank\">Mon Actu<\/a>.<\/p>\n","protected":false},"excerpt":{"rendered":"Par R\u00e9daction Lannion Publi\u00e9 le 29 ao\u00fbt 2025 \u00e0 15h50 La c\u00e9l\u00e8bre statue du P\u00e8re Eternel \u00e0 Tr\u00e9gastel&hellip;\n","protected":false},"author":2,"featured_media":353280,"comment_status":"","ping_status":"","sticky":false,"template":"","format":"standard","meta":{"footnotes":""},"categories":[1358],"tags":[1348,1384,1385,40738,1386,58,59,118,1011,27],"class_list":{"0":"post-353279","1":"post","2":"type-post","3":"status-publish","4":"format-standard","5":"has-post-thumbnail","7":"category-arts-et-design","8":"tag-arts","9":"tag-arts-and-design","10":"tag-arts-et-design","11":"tag-cote-de-granit-rose","12":"tag-design","13":"tag-divertissement","14":"tag-entertainment","15":"tag-faits-divers","16":"tag-fr","17":"tag-france"},"share_on_mastodon":{"url":"https:\/\/pubeurope.com\/@fr\/115114759041775882","error":""},"_links":{"self":[{"href":"https:\/\/www.europesays.com\/fr\/wp-json\/wp\/v2\/posts\/353279","targetHints":{"allow":["GET"]}}],"collection":[{"href":"https:\/\/www.europesays.com\/fr\/wp-json\/wp\/v2\/posts"}],"about":[{"href":"https:\/\/www.europesays.com\/fr\/wp-json\/wp\/v2\/types\/post"}],"author":[{"embeddable":true,"href":"https:\/\/www.europesays.com\/fr\/wp-json\/wp\/v2\/users\/2"}],"replies":[{"embeddable":true,"href":"https:\/\/www.europesays.com\/fr\/wp-json\/wp\/v2\/comments?post=353279"}],"version-history":[{"count":0,"href":"https:\/\/www.europesays.com\/fr\/wp-json\/wp\/v2\/posts\/353279\/revisions"}],"wp:featuredmedia":[{"embeddable":true,"href":"https:\/\/www.europesays.com\/fr\/wp-json\/wp\/v2\/media\/353280"}],"wp:attachment":[{"href":"https:\/\/www.europesays.com\/fr\/wp-json\/wp\/v2\/media?parent=353279"}],"wp:term":[{"taxonomy":"category","embeddable":true,"href":"https:\/\/www.europesays.com\/fr\/wp-json\/wp\/v2\/categories?post=353279"},{"taxonomy":"post_tag","embeddable":true,"href":"https:\/\/www.europesays.com\/fr\/wp-json\/wp\/v2\/tags?post=353279"}],"curies":[{"name":"wp","href":"https:\/\/api.w.org\/{rel}","templated":true}]}}