{"id":353287,"date":"2025-08-29T23:59:13","date_gmt":"2025-08-29T23:59:13","guid":{"rendered":"https:\/\/www.europesays.com\/fr\/353287\/"},"modified":"2025-08-29T23:59:13","modified_gmt":"2025-08-29T23:59:13","slug":"les-premiers-avis-sur-le-film-dalien-ou-pas-barre-avec-emma-stone-sont-arrives","status":"publish","type":"post","link":"https:\/\/www.europesays.com\/fr\/353287\/","title":{"rendered":"les premiers avis sur le film d&rsquo;alien (ou pas) barr\u00e9 avec Emma Stone sont arriv\u00e9s"},"content":{"rendered":"<p><strong>Les critiques sont tomb\u00e9es pour <a href=\"https:\/\/www.ecranlarge.com\/films\/bugonia\" data-type=\"link\" data-id=\"https:\/\/www.ecranlarge.com\/films\/bugonia\" rel=\"nofollow noopener\" target=\"_blank\">Bugonia<\/a>, le film d\u00e9jant\u00e9 de <a href=\"https:\/\/www.ecranlarge.com\/personnalite\/965354-yorgos-lanthimos\" data-type=\"link\" data-id=\"https:\/\/www.ecranlarge.com\/personnalite\/965354-yorgos-lanthimos\" rel=\"nofollow noopener\" target=\"_blank\">Y\u00f3rgos L\u00e1nthimos<\/a> port\u00e9 par <a href=\"https:\/\/www.ecranlarge.com\/personnalite\/695821-emma-stone\" data-type=\"link\" data-id=\"https:\/\/www.ecranlarge.com\/personnalite\/695821-emma-stone\" rel=\"nofollow noopener\" target=\"_blank\">Emma Stone<\/a> et <a href=\"https:\/\/www.ecranlarge.com\/personnalite\/689048-jesse-plemons\" data-type=\"link\" data-id=\"https:\/\/www.ecranlarge.com\/personnalite\/689048-jesse-plemons\" rel=\"nofollow noopener\" target=\"_blank\">Jesse Plemons<\/a>, suite \u00e0 sa pr\u00e9sentation \u00e0 la Mostra de Venise.<\/strong><\/p>\n<p>Y\u00f3rgos L\u00e1nthimos poursuit sur la route du cin\u00e9ma hallucin\u00e9. De <a href=\"https:\/\/www.ecranlarge.com\/films\/938562-the-lobster\" data-type=\"films\" data-id=\"684663\" rel=\"nofollow noopener\" target=\"_blank\"><strong>The Lobster<\/strong><\/a> \u00e0 <a href=\"https:\/\/www.ecranlarge.com\/films\/965355-the-killing-of-a-sacred-deer\" data-type=\"films\" data-id=\"685436\" rel=\"nofollow noopener\" target=\"_blank\"><strong>Mise \u00e0 mort du Cerf Sacr\u00e9<\/strong><\/a>, de <strong>La Favorite<\/strong> \u00e0 <strong>Pauvres Cr\u00e9atures<\/strong>, sans oublier l\u2019anthologie <strong>Kinds of Kindness<\/strong>, le r\u00e9alisateur affiche une filmographie aussi exigeante qu\u2019ind\u00e9finissable. Et le voil\u00e0 qui suit la m\u00eame lanc\u00e9e avec <strong>Bugonia<\/strong>, remake de l\u2019\u00e9tonnant film sud-cor\u00e9en <strong>Save the Green Planet!<\/strong> de <strong>Jang Joon-hwan<\/strong>, une fable \u00e9trange et tordue qui m\u00ealait parano\u00efa, com\u00e9die, drame et multiples twists.<\/p>\n<p>                    <img decoding=\"async\" alt=\"\" class=\"wp-image-518375\" style=\"object-fit:cover;width:25px;height:25px\" src=\"https:\/\/www.ecranlarge.com\/content\/uploads\/2023\/09\/arrow-right-circle.svg\"\/><\/p>\n<p>Dans <strong>Bugonia<\/strong>, Teddy (Jesse Plemons), un apiculteur parano\u00efaque, et son complice enl\u00e8vent Michelle (Emma Stone), la PDG d\u2019un grand groupe pharmaceutique. Convaincus qu\u2019elle est une extraterrestre d\u00e9termin\u00e9e \u00e0 annihiler la Terre, ils vont provoquer une s\u00e9rie d\u2019\u00e9v\u00e9nements absurdes de plus en plus incontr\u00f4lables. La <a href=\"https:\/\/www.ecranlarge.com\/films\/news\/emma-stone-alien-bande-annonce-bugonia\" data-type=\"link\" data-id=\"https:\/\/www.ecranlarge.com\/films\/news\/emma-stone-alien-bande-annonce-bugonia\" rel=\"nofollow noopener\" target=\"_blank\">bande-annonce barr\u00e9e de <strong>Bugonia <\/strong>nous avait intrigu\u00e9s<\/a>, et l<strong>es premiers retours (enthousiastes) de la critique sont d\u00e9sormais disponibles. Revue de presse. <\/strong><\/p>\n<p><a href=\"https:\/\/www.ecranlarge.com\/content\/uploads\/2025\/08\/bugonia.jpg\" rel=\"nofollow noopener\" target=\"_blank\"><\/p>\n<p><img loading=\"lazy\" decoding=\"async\" alt=\"\" src=\"https:\/\/www.europesays.com\/fr\/wp-content\/uploads\/2025\/08\/bugonia-1260x709.jpg\" width=\"1260\" height=\"709\"  \/><\/p>\n<p><\/a>La doublure lumi\u00e8re du Dala\u00ef LamaUn Bugonia dans la matrice<\/p>\n<blockquote class=\"wp-block-quote is-layout-flow wp-block-quote-is-layout-flow\">\n<p><strong>\u00ab Stone et Plemons se r\u00e9v\u00e8lent des complices parfaits, livrant des performances finement \u00e9quilibr\u00e9es et s\u2019\u00e9changent tour \u00e0 tour les r\u00f4les de h\u00e9ros et de m\u00e9chant, sans jamais an\u00e9antir totalement notre sympathie ni les conqu\u00e9rir pleinement. \u00bb<\/strong><\/p>\n<p>The Telegraph<\/p>\n<\/blockquote>\n<blockquote class=\"wp-block-quote is-layout-flow wp-block-quote-is-layout-flow\">\n<p><b>\u00ab C\u2019est un message grave, d\u00e9livr\u00e9 dans le style typiquement divertissant de <\/b><strong>L\u00e1nthimos, et martel\u00e9 par un climax flamboyant qui parvient \u00e0 \u00eatre \u00e0 la fois d\u00e9jant\u00e9 et d\u00e9chirant. \u00bb<\/strong><\/p>\n<p>Screen Daily<\/p>\n<\/blockquote>\n<blockquote class=\"wp-block-quote is-layout-flow wp-block-quote-is-layout-flow\">\n<p><strong>\u00ab Bugonia vous fera tour \u00e0 tour rire, fr\u00e9mir et haleter, mais le film garde toujours le contr\u00f4le de l\u2019\u00e9motion qu\u2019il veut vous faire ressentir \u00e0 chaque instant. L\u00e1nthimos est un ma\u00eetre dans l\u2019art de cr\u00e9er des atmosph\u00e8res, et Bugonia donne le sentiment qu\u2019il a atteint le sommet de son art. \u00bb<\/strong><\/p>\n<p>Screen Rant<\/p>\n<\/blockquote>\n<p><a href=\"https:\/\/www.ecranlarge.com\/content\/uploads\/2025\/08\/mv5bzdmxyjvimzatmjmyzi00ytrilweyntgtmjhkywi5y2e3zdy3xkeyxkfqcgc._v1_.jpg\" rel=\"nofollow noopener\" target=\"_blank\"><\/p>\n<p><img loading=\"lazy\" decoding=\"async\" alt=\"\" src=\"https:\/\/www.europesays.com\/fr\/wp-content\/uploads\/2025\/08\/mv5bzdmxyjvimzatmjmyzi00ytrilweyntgtmjhkywi5y2e3zdy3xkeyxkfqcgc._v1_-1260x840.jpg\" width=\"1260\" height=\"840\"  \/><\/p>\n<p><\/a>Un plan qui rappelle Canine<\/p>\n<blockquote class=\"wp-block-quote is-layout-flow wp-block-quote-is-layout-flow\">\n<p><strong>\u00ab Stone et Plemons sont tous deux au sommet de leur forme, en parfaite r\u00e9sonance avec la sensibilit\u00e9 singuli\u00e8re du r\u00e9alisateur et se tirant mutuellement vers le haut. Quant au nouveau venu Delbis, il est un ravissement de loser attendrissant, un na\u00eff au c\u0153ur tendre pris au pi\u00e8ge dans l\u2019implacable duel d\u2019esprit entre Teddy et Michelle. \u00bb<\/strong><\/p>\n<p>The Hollywood Reporter<\/p>\n<\/blockquote>\n<blockquote class=\"wp-block-quote is-layout-flow wp-block-quote-is-layout-flow\">\n<p><strong>\u00ab Lorsque Bugonia s\u2019ach\u00e8ve, sur une s\u00e9rie d\u2019images \u00e0 la fois magnifiques et troublantes surgies de nulle part, on comprend que sous son apparent d\u00e9tachement ironique se cache un profond d\u00e9sir de connexion. \u00bb<\/strong><\/p>\n<p>New York Magazine (Vulture)<\/p>\n<\/blockquote>\n<blockquote class=\"wp-block-quote is-layout-flow wp-block-quote-is-layout-flow\">\n<p><strong>\u00ab Imaginez si Funny Games de Michael Haneke racontait l\u2019histoire de deux justiciers \u00e9cologistes solitaires cherchant \u00e0 sauver le monde, plut\u00f4t que celle de deux jeunes sociopathes d\u00e9cid\u00e9s \u00e0 le d\u00e9truire, et vous aurez une id\u00e9e de la chambre de torture hyper contenue et rigoureusement contr\u00f4l\u00e9e qu\u2019est Bugonia de Yorgos Lanthimos. \u00bb<\/strong><\/p>\n<p>IndieWire<\/p>\n<\/blockquote>\n<p><a href=\"https:\/\/www.ecranlarge.com\/content\/uploads\/2025\/08\/bugonia-perche-si-chiama-cosi-il-significato-del-titolo-del-film-di-yorgos-lanthimos.jpg\" rel=\"nofollow noopener\" target=\"_blank\"><\/p>\n<p><img loading=\"lazy\" decoding=\"async\" alt=\"\" src=\"https:\/\/www.europesays.com\/fr\/wp-content\/uploads\/2025\/08\/bugonia-perche-si-chiama-cosi-il-significato-del-titolo-del-film-di-yorgos-lanthimos-1260x709.jpg\" width=\"1260\" height=\"709\"  \/><\/p>\n<p><\/a>Happy culteur<\/p>\n<blockquote class=\"wp-block-quote is-layout-flow wp-block-quote-is-layout-flow\">\n<p><strong>\u00ab S\u2019il restait encore le moindre doute quant \u00e0 l\u2019identit\u00e9 de ce film, le montage final qui vient clore cette m\u00e9saventure impr\u00e9visible observe notre monde avec une honn\u00eatet\u00e9 \u00e0 la fois tendre et glauque qu\u2019on ne pourrait attribuer \u00e0 nul autre que L\u00e1nthimos. \u00bb<\/strong><\/p>\n<p>The Film Stage<\/p>\n<\/blockquote>\n<blockquote class=\"wp-block-quote is-layout-flow wp-block-quote-is-layout-flow\">\n<p><strong>\u00ab Le nouveau film macabre et dr\u00f4le de Y\u00f3rgos L\u00e1nthimos offre, comme pr\u00e9vu, une performance solide d\u2019Emma Stone, une partition orchestrale assourdissante et d\u00e9chirante de Jerskin Fendrix et, surtout, un montage final merveilleux \u2013 mais, franchement, tout cela est constitu\u00e9 d\u2019une tr\u00e8s, tr\u00e8s longue pr\u00e9paration avant le grand saut. \u00bb<\/strong><\/p>\n<p>The Guardian<\/p>\n<\/blockquote>\n<blockquote class=\"wp-block-quote is-layout-flow wp-block-quote-is-layout-flow\">\n<p><strong>\u00ab Le monde n\u2019est pas joli-joli, et Lanthimos tire la sonnette d\u2019alarme. Si seulement il nous disait quelque chose que nous ne savions pas d\u00e9j\u00e0. \u00bb<\/strong><\/p>\n<p>Time<\/p>\n<\/blockquote>\n<p><img loading=\"lazy\" decoding=\"async\" width=\"1200\" height=\"675\" alt=\"\" src=\"https:\/\/www.europesays.com\/fr\/wp-content\/uploads\/2025\/08\/bugonia1.jpg\"  \/><\/p>\n<p>Superman training<\/p>\n<p>Dans l\u2019ensemble, <strong>Bugonia <\/strong>semble confirmer que Y\u00f3rgos L\u00e1nthimos reste un ma\u00eetre du cin\u00e9ma absurde et d\u00e9rangeant. Le film a s\u00e9duit les critiques par son esth\u00e9tique singuli\u00e8re et ses performances centrales, tout en conservant la tension parano\u00efaque qui caract\u00e9rise le cin\u00e9aste. Une partie du public a toutefois \u00e9t\u00e9 d\u00e9rout\u00e9e par un rythme qui tra\u00eenerait parfois en longueur.<\/p>\n<p>Malgr\u00e9 ces r\u00e9serves, les critiques s\u2019accordent sur l\u2019<strong>efficacit\u00e9 de l\u2019alliance Emma\u202fStone\/Jesse\u202fPlemons<\/strong> et sur l\u2019originalit\u00e9 intacte de la proposition. \u00c0 la crois\u00e9e de la com\u00e9die noire et de la science-fiction barr\u00e9e, Bugonia a m\u00eame \u00e9t\u00e9 qualifi\u00e9 de <strong>magnum opus du r\u00e9alisateur<\/strong> par certains critiques.<\/p>\n<p>Pour juger sur pi\u00e8ce, il faudra aller voir <strong>Bugonia<\/strong>, qui arrivera en <strong>salles d\u00e8s le 26 novembre 2025<\/strong>.\u00a0<\/p>\n","protected":false},"excerpt":{"rendered":"Les critiques sont tomb\u00e9es pour Bugonia, le film d\u00e9jant\u00e9 de Y\u00f3rgos L\u00e1nthimos port\u00e9 par Emma Stone et Jesse&hellip;\n","protected":false},"author":2,"featured_media":353288,"comment_status":"","ping_status":"","sticky":false,"template":"","format":"standard","meta":{"footnotes":""},"categories":[1354],"tags":[58,59,1346,1011,27,1360],"class_list":{"0":"post-353287","1":"post","2":"type-post","3":"status-publish","4":"format-standard","5":"has-post-thumbnail","7":"category-films","8":"tag-divertissement","9":"tag-entertainment","10":"tag-films","11":"tag-fr","12":"tag-france","13":"tag-movies"},"share_on_mastodon":{"url":"https:\/\/pubeurope.com\/@fr\/115114774853470612","error":""},"_links":{"self":[{"href":"https:\/\/www.europesays.com\/fr\/wp-json\/wp\/v2\/posts\/353287","targetHints":{"allow":["GET"]}}],"collection":[{"href":"https:\/\/www.europesays.com\/fr\/wp-json\/wp\/v2\/posts"}],"about":[{"href":"https:\/\/www.europesays.com\/fr\/wp-json\/wp\/v2\/types\/post"}],"author":[{"embeddable":true,"href":"https:\/\/www.europesays.com\/fr\/wp-json\/wp\/v2\/users\/2"}],"replies":[{"embeddable":true,"href":"https:\/\/www.europesays.com\/fr\/wp-json\/wp\/v2\/comments?post=353287"}],"version-history":[{"count":0,"href":"https:\/\/www.europesays.com\/fr\/wp-json\/wp\/v2\/posts\/353287\/revisions"}],"wp:featuredmedia":[{"embeddable":true,"href":"https:\/\/www.europesays.com\/fr\/wp-json\/wp\/v2\/media\/353288"}],"wp:attachment":[{"href":"https:\/\/www.europesays.com\/fr\/wp-json\/wp\/v2\/media?parent=353287"}],"wp:term":[{"taxonomy":"category","embeddable":true,"href":"https:\/\/www.europesays.com\/fr\/wp-json\/wp\/v2\/categories?post=353287"},{"taxonomy":"post_tag","embeddable":true,"href":"https:\/\/www.europesays.com\/fr\/wp-json\/wp\/v2\/tags?post=353287"}],"curies":[{"name":"wp","href":"https:\/\/api.w.org\/{rel}","templated":true}]}}