{"id":353289,"date":"2025-08-30T00:00:12","date_gmt":"2025-08-30T00:00:12","guid":{"rendered":"https:\/\/www.europesays.com\/fr\/353289\/"},"modified":"2025-08-30T00:00:12","modified_gmt":"2025-08-30T00:00:12","slug":"dapres-la-science-voici-le-meilleur-poisson-a-consommer-pour-reduire-le-risque-de-maladies-cardiaques","status":"publish","type":"post","link":"https:\/\/www.europesays.com\/fr\/353289\/","title":{"rendered":"d\u2019apr\u00e8s la science, voici le meilleur poisson \u00e0 consommer pour r\u00e9duire le risque de maladies cardiaques"},"content":{"rendered":"<p class=\"mb-4 text-lg md:leading-8 break-words\">Le saumon serait-il le plus vertueux des poissons ? C\u2019est en tout cas ce que sugg\u00e8re une r\u00e9cente \u00e9tude nutri-m\u00e9tabolomique men\u00e9e par des chercheurs de l\u2019Universit\u00e9 du Colorado, relay\u00e9e dans les colonnes de Presse Sant\u00e9, qui met en avant les bienfaits pour la sant\u00e9 de certains composants de ce poisson d\u2019eau douce.<\/p>\n<p>Ce poisson est un v\u00e9ritable alli\u00e9 pour la sant\u00e9 cardiaque<\/p>\n<p class=\"mb-4 text-lg md:leading-8 break-words\">C\u2019est en menant des recherches sur les avantages du r\u00e9gime m\u00e9diterran\u00e9en qui privil\u00e9gie les bonnes graisses et les huiles saines, que les chercheurs se sont aper\u00e7us des avantages du saumon sur la sant\u00e9 cardio-m\u00e9tabolique ainsi que sur le mauvais cholest\u00e9rol. Pendant deux p\u00e9riodes de cinq semaines entrecoup\u00e9es par une pause de quatre semaines, 41 adultes volontaires ont observ\u00e9 un r\u00e9gime m\u00e9diterran\u00e9en au cours duquel ils ont consomm\u00e9 deux portions de saumon par semaine. Avant et apr\u00e8s cette phase de test, les chercheurs ont r\u00e9alis\u00e9 plusieurs pr\u00e9l\u00e8vements d\u2019\u00e9chantillons de plasma sanguin. Apr\u00e8s analyse des indicateurs de sant\u00e9 sanguine, les scientifiques ont constat\u00e9 que<strong> quatre des compos\u00e9s sp\u00e9cifiques au saumon<\/strong> \u00e9taient effectivement associ\u00e9s \u00e0 une meilleure sant\u00e9 cardio-m\u00e9tabolique.<\/p>\n<p>Les nombreux bienfaits du saumon<\/p>\n<p class=\"mb-4 text-lg md:leading-8 break-words\">Parmi les bienfaits observ\u00e9s : une r\u00e9duction du cholest\u00e9rol total et notamment du cholest\u00e9rol LDL (le mauvais cholest\u00e9rol) qui s\u2019accumule dans les art\u00e8res et qui les bouchent, augmentant ainsi le risque d\u2019accident vasculaire c\u00e9r\u00e9bral (&#8230;)<\/p>\n<p>Publicit\u00e9<\/p>\n<p>Publicit\u00e9<\/p>\n<p>Publicit\u00e9<\/p>\n<p>Publicit\u00e9<\/p>\n<p class=\"mb-4 text-lg md:leading-8 break-words\"><a href=\"https:\/\/www.grazia.fr\/beaute\/forme-minceur\/un-allie-anti-cholesterol-dapres-la-science-voici-le-meilleur-poisson-a-consommer-pour-reduire-le-risque-de-maladies-cardiaques-1053210.html?utm_campaign=partenariat&amp;utm_source=yahoo-articles&amp;utm_medium=flux\" rel=\"nofollow noopener\" target=\"_blank\" data-ylk=\"slk:Lire la suite sur Grazia;elm:context_link;itc:0;sec:content-canvas\" class=\"link \">Lire la suite sur Grazia<\/a><\/p>\n<p class=\"mb-4 text-lg md:leading-8 break-words\"><a href=\"https:\/\/www.grazia.fr\/mode\/misciano-lart-du-carre-de-soie-et-du-foulard-en-soie-1182826.html?utm_campaign=partenariat&amp;utm_source=yahoo-articles&amp;utm_medium=flux\" rel=\"nofollow noopener\" target=\"_blank\" data-ylk=\"slk:Misciano : L\u2019art du carr\u00e9 de soie et du foulard en soie;elm:context_link;itc:0;sec:content-canvas\" class=\"link \">Misciano : L\u2019art du carr\u00e9 de soie et du foulard en soie<\/a><br \/><a href=\"https:\/\/www.grazia.fr\/mode\/tendances-mode\/que-vous-le-vouliez-ou-non-cette-veste-qui-affine-la-silhouette-sans-elargir-les-epaules-est-la-piece-versatile-de-la-rentree-elle-est-parfaite-apres-50-ans-1182670.html?utm_campaign=partenariat&amp;utm_source=yahoo-articles&amp;utm_medium=flux\" rel=\"nofollow noopener\" target=\"_blank\" data-ylk=\"slk:Que vous le vouliez ou non, cette veste qui affine la silhouette sans \u00e9largir les \u00e9paules est la pi\u00e8ce versatile de la rentr\u00e9e (elle est parfaite apr\u00e8s 50 ans);elm:context_link;itc:0;sec:content-canvas\" class=\"link \">Que vous le vouliez ou non, cette veste qui affine la silhouette sans \u00e9largir les \u00e9paules est la pi\u00e8ce versatile de la rentr\u00e9e (elle est parfaite apr\u00e8s 50 ans)<\/a><br \/><a href=\"https:\/\/www.grazia.fr\/mode\/tendances-mode\/adieu-le-pois-voici-limprime-bien-plus-chic-qui-va-le-remplacer-a-la-rentree-1182448.html?utm_campaign=partenariat&amp;utm_source=yahoo-articles&amp;utm_medium=flux\" rel=\"nofollow noopener\" target=\"_blank\" data-ylk=\"slk:Adieu le pois : voici le &quot;Doe-Core&quot;, la tendance imprim\u00e9 bien plus chic et boh\u00e8me qui va le remplacer \u00e0 la rentr\u00e9e;elm:context_link;itc:0;sec:content-canvas\" class=\"link \">Adieu le pois : voici le \u00ab\u00a0Doe-Core\u00a0\u00bb, la tendance imprim\u00e9 bien plus chic et boh\u00e8me qui va le remplacer \u00e0 la rentr\u00e9e<\/a><br \/><a href=\"https:\/\/www.grazia.fr\/beaute\/maquillage\/6-000-personnes-sur-liste-dattente-ce-crayon-pour-les-levres-adore-par-les-stars-fait-enfin-son-retour-en-stock-1182745.html?utm_campaign=partenariat&amp;utm_source=yahoo-articles&amp;utm_medium=flux\" rel=\"nofollow noopener\" target=\"_blank\" data-ylk=\"slk:&quot;6 000 personnes sur liste d&#039;attente...&quot; : ce crayon pour les l\u00e8vres ador\u00e9 par les stars fait enfin son retour en stock;elm:context_link;itc:0;sec:content-canvas\" class=\"link \">\u00ab\u00a06 000 personnes sur liste d&rsquo;attente&#8230;\u00a0\u00bb : ce crayon pour les l\u00e8vres ador\u00e9 par les stars fait enfin son retour en stock<\/a><br \/><a href=\"https:\/\/www.grazia.fr\/lifestyle\/deco\/adieu-les-chaises-de-bureau-moches-voici-le-modele-confortable-et-design-a-moins-de-100-euros-sur-lequel-craquer-a-la-rentree-1182513.html?utm_campaign=partenariat&amp;utm_source=yahoo-articles&amp;utm_medium=flux\" rel=\"nofollow noopener\" target=\"_blank\" data-ylk=\"slk:Adieu les chaises de bureau moches : voici le mod\u00e8le confortable et design \u00e0 moins de 100 euros, sur lequel craquer \u00e0 la rentr\u00e9e;elm:context_link;itc:0;sec:content-canvas\" class=\"link \">Adieu les chaises de bureau moches : voici le mod\u00e8le confortable et design \u00e0 moins de 100 euros, sur lequel craquer \u00e0 la rentr\u00e9e<\/a><\/p>\n","protected":false},"excerpt":{"rendered":"Le saumon serait-il le plus vertueux des poissons ? C\u2019est en tout cas ce que sugg\u00e8re une r\u00e9cente&hellip;\n","protected":false},"author":2,"featured_media":353290,"comment_status":"","ping_status":"","sticky":false,"template":"","format":"standard","meta":{"footnotes":""},"categories":[10],"tags":[1011,27,72,10711,12598,71],"class_list":{"0":"post-353289","1":"post","2":"type-post","3":"status-publish","4":"format-standard","5":"has-post-thumbnail","7":"category-sante","8":"tag-fr","9":"tag-france","10":"tag-health","11":"tag-poisson","12":"tag-regime-mediterraneen","13":"tag-sante"},"share_on_mastodon":{"url":"https:\/\/pubeurope.com\/@fr\/115114778556298713","error":""},"_links":{"self":[{"href":"https:\/\/www.europesays.com\/fr\/wp-json\/wp\/v2\/posts\/353289","targetHints":{"allow":["GET"]}}],"collection":[{"href":"https:\/\/www.europesays.com\/fr\/wp-json\/wp\/v2\/posts"}],"about":[{"href":"https:\/\/www.europesays.com\/fr\/wp-json\/wp\/v2\/types\/post"}],"author":[{"embeddable":true,"href":"https:\/\/www.europesays.com\/fr\/wp-json\/wp\/v2\/users\/2"}],"replies":[{"embeddable":true,"href":"https:\/\/www.europesays.com\/fr\/wp-json\/wp\/v2\/comments?post=353289"}],"version-history":[{"count":0,"href":"https:\/\/www.europesays.com\/fr\/wp-json\/wp\/v2\/posts\/353289\/revisions"}],"wp:featuredmedia":[{"embeddable":true,"href":"https:\/\/www.europesays.com\/fr\/wp-json\/wp\/v2\/media\/353290"}],"wp:attachment":[{"href":"https:\/\/www.europesays.com\/fr\/wp-json\/wp\/v2\/media?parent=353289"}],"wp:term":[{"taxonomy":"category","embeddable":true,"href":"https:\/\/www.europesays.com\/fr\/wp-json\/wp\/v2\/categories?post=353289"},{"taxonomy":"post_tag","embeddable":true,"href":"https:\/\/www.europesays.com\/fr\/wp-json\/wp\/v2\/tags?post=353289"}],"curies":[{"name":"wp","href":"https:\/\/api.w.org\/{rel}","templated":true}]}}