{"id":353295,"date":"2025-08-30T00:03:10","date_gmt":"2025-08-30T00:03:10","guid":{"rendered":"https:\/\/www.europesays.com\/fr\/353295\/"},"modified":"2025-08-30T00:03:10","modified_gmt":"2025-08-30T00:03:10","slug":"des-photos-inedites-montrent-le-premier-bebe-planete-se-developpant-dans-les-rainures-dun-disque-stellaire","status":"publish","type":"post","link":"https:\/\/www.europesays.com\/fr\/353295\/","title":{"rendered":"Des photos in\u00e9dites montrent le premier b\u00e9b\u00e9 plan\u00e8te se d\u00e9veloppant dans les rainures d&rsquo;un disque stellaire"},"content":{"rendered":"<p class=\"whitespace-normal break-words\"><strong>Depuis des<br \/>\nd\u00e9cennies, les astronomes scrutent l\u2019espace \u00e0 la recherche de<br \/>\npreuves tangibles de la naissance des mondes. Ils observaient des<br \/>\nindices troublants dans les disques de poussi\u00e8re cosmique, mais la<br \/>\npi\u00e8ce manquante du puzzle leur \u00e9chappait obstin\u00e9ment. Aujourd\u2019hui,<br \/>\ncette qu\u00eate prend fin avec une observation r\u00e9volutionnaire qui<br \/>\nconfirme enfin leurs th\u00e9ories les plus audacieuses.<\/strong><\/p>\n<p>Le myst\u00e8re<br \/>\ndes anneaux fant\u00f4mes<\/p>\n<p class=\"whitespace-normal break-words\">Dans le <a href=\"https:\/\/sciencepost.fr\/si-le-soleil-chauffe-la-terre-pourquoi-le-vide-spatial-reste-t-il-glacial-spoiler-ce-nest-pas-un-bug-du-cosmos\/\" target=\"_blank\" rel=\"noopener nofollow\">cosmos<\/a>, la naissance des<br \/>\nplan\u00e8tes demeure l\u2019un des spectacles les plus fascinants et<br \/>\npourtant les plus difficiles \u00e0 saisir. Autour des jeunes \u00e9toiles,<br \/>\ndes disques tourbillonnants de gaz et de poussi\u00e8re s\u2019\u00e9tendent sur<br \/>\ndes milliards de kilom\u00e8tres. Ces structures, appel\u00e9es disques<br \/>\nprotoplan\u00e9taires, constituent les berceaux o\u00f9 naissent les futurs<br \/>\nmondes.<\/p>\n<p class=\"whitespace-normal break-words\">Gr\u00e2ce \u00e0 des observatoires<br \/>\nsophistiqu\u00e9s comme ALMA, les scientifiques ont identifi\u00e9 des motifs<br \/>\nintrigants dans ces disques : des sillons sombres, des anneaux<br \/>\nvides qui semblent sculpt\u00e9s par une force invisible. La th\u00e9orie<br \/>\nsugg\u00e9rait que des plan\u00e8tes embryonnaires creusaient ces tranch\u00e9es<br \/>\nen aspirant la mati\u00e8re environnante lors de leur croissance. Mais<br \/>\ncette explication restait purement sp\u00e9culative.<\/p>\n<p class=\"whitespace-normal break-words\">\u00ab\u00a0Des dizaines<br \/>\nd\u2019articles th\u00e9oriques ont \u00e9t\u00e9 \u00e9crits sur le fait que ces trous<br \/>\nobserv\u00e9s sont caus\u00e9s par des protoplan\u00e8tes, mais personne n\u2019en a<br \/>\njamais trouv\u00e9 de d\u00e9finitif jusqu\u2019\u00e0 aujourd\u2019hui\u00ab\u00a0,<br \/>\nexplique Laird Close, professeur d\u2019astronomie \u00e0 l\u2019Universit\u00e9<br \/>\nd\u2019Arizona et co-auteur de cette d\u00e9couverte historique.<\/p>\n<p>WISPIT 2b<br \/>\n: la premi\u00e8re preuve tangible<\/p>\n<p class=\"whitespace-normal break-words\">Le syst\u00e8me stellaire<br \/>\nWISPIT 2 vient de changer la donne. Situ\u00e9e dans un groupe d\u2019\u00e9toiles<br \/>\njeunes relativement proche de nous, cette \u00e9toile ressemble \u00e0 une<br \/>\nversion infantile de notre Soleil. Son disque protoplan\u00e9taire<br \/>\npr\u00e9sente les fameux anneaux sombres qui intriguent tant les<br \/>\nchercheurs.<\/p>\n<p class=\"whitespace-normal break-words\">Mais cette fois, les<br \/>\nobservations en lumi\u00e8re infrarouge et optique ont r\u00e9v\u00e9l\u00e9<br \/>\nl\u2019impensable : une plan\u00e8te massive nich\u00e9e pr\u00e9cis\u00e9ment dans l\u2019un de<br \/>\nces sillons. WISPIT 2b, comme l\u2019ont baptis\u00e9e les d\u00e9couvreurs,<br \/>\nconstitue un g\u00e9ant gazeux colossal pesant cinq fois la masse de<br \/>\nJupiter. Sa trajectoire orbitale l\u2019emm\u00e8ne \u00e0 une distance<br \/>\nvertigineuse de son \u00e9toile, soit 56 fois la distance qui s\u00e9pare la<br \/>\nTerre du Soleil.<\/p>\n<p class=\"whitespace-normal break-words\">Cette d\u00e9couverte r\u00e9sout<br \/>\ninstantan\u00e9ment un d\u00e9bat qui divisait la communaut\u00e9 astronomique<br \/>\ndepuis des ann\u00e9es. Les sceptiques remettaient en question la<br \/>\ncapacit\u00e9 des protoplan\u00e8tes \u00e0 fa\u00e7onner ces structures distinctives.<br \/>\nD\u00e9sormais, la preuve est sous leurs yeux.<\/p>\n<p><img loading=\"lazy\" data-lazyloaded=\"1\" decoding=\"async\" class=\"size-full wp-image-315113\" src=\"https:\/\/www.europesays.com\/fr\/wp-content\/uploads\/2025\/08\/Low-Res_WISPIT-2-system.jpg.webp.webp\" alt=\" syst\u00e8me WISPIT 2 plan\u00e8te\" width=\"700\" height=\"394\"  data-\/><br \/>\nLe syst\u00e8me WISPIT 2 vu par le t\u00e9lescope Magellan au Chili et le<br \/>\nGrand T\u00e9lescope Binoculaire en Arizona. La protoplan\u00e8te WISPIT 2b<br \/>\nappara\u00eet comme un point violet dans un espace libre de poussi\u00e8re<br \/>\nentre un anneau de poussi\u00e8re blanc brillant autour de l\u2019\u00e9toile et<br \/>\nun anneau ext\u00e9rieur plus faible, orbitant \u00e0 environ 56 fois la<br \/>\ndistance moyenne Terre-Soleil. L\u2019autre plan\u00e8te potentielle, CC1,<br \/>\nappara\u00eet comme l\u2019objet rouge \u00e0 l\u2019int\u00e9rieur de la cavit\u00e9 libre de<br \/>\npoussi\u00e8re et est estim\u00e9e \u00e0 environ 15 distances Terre-Soleil de son<br \/>\n\u00e9toile h\u00f4te. Cr\u00e9dit<br \/>Laird Close, Universit\u00e9 de l\u2019ArizonaUn syst\u00e8me<br \/>\nen pleine \u00e9bullition<\/p>\n<p class=\"whitespace-normal break-words\">L\u2019histoire ne s\u2019arr\u00eate pas<br \/>\nl\u00e0. Les chercheurs ont \u00e9galement identifi\u00e9 une seconde plan\u00e8te<br \/>\ncandidate, provisoirement nomm\u00e9e CC1. Cette derni\u00e8re surpasse<br \/>\nencore WISPIT 2b en terme de masse avec ses neuf masses joviennes,<br \/>\ntout en \u00e9voluant sur une orbite plus serr\u00e9e, \u00e0 environ 15 fois la<br \/>\ndistance Terre-Soleil.<\/p>\n<p class=\"whitespace-normal break-words\">Cette configuration<br \/>\nrappelle \u00e9trangement notre propre syst\u00e8me solaire, avec ses g\u00e9antes<br \/>\ngazeuses r\u00e9parties dans les r\u00e9gions externes. CC1 occuperait une<br \/>\nposition comparable \u00e0 celle comprise entre Saturne et Uranus dans<br \/>\nnotre voisinage cosmique.<\/p>\n<p>Une<br \/>\nmachine \u00e0 remonter le temps cosmique<\/p>\n<p class=\"whitespace-normal break-words\">\u00ab\u00a0Obtenir une<br \/>\nimage de ces plan\u00e8tes en formation s\u2019est av\u00e9r\u00e9 extr\u00eamement<br \/>\ndifficile, et cela nous offre une r\u00e9elle opportunit\u00e9 de comprendre<br \/>\npourquoi les milliers de syst\u00e8mes exoplan\u00e9taires plus anciens qui<br \/>\nexistent sont si diversifi\u00e9s\u00ab\u00a0, souligne Christian Ginski<br \/>\nde l\u2019Universit\u00e9 de Galway.<\/p>\n<p class=\"whitespace-normal break-words\">Le syst\u00e8me WISPIT 2<br \/>\nrepr\u00e9sente effectivement une fen\u00eatre temporelle exceptionnelle.<br \/>\nObserver ces mondes naissants \u00e9quivaut \u00e0 contempler notre propre<br \/>\nsyst\u00e8me solaire tel qu\u2019il \u00e9tait il y a 4,6 milliards d\u2019ann\u00e9es.<br \/>\nCette perspective unique pourrait \u00e9clairer les m\u00e9canismes qui ont<br \/>\nfa\u00e7onn\u00e9 la diversit\u00e9 \u00e9tonnante des architectures plan\u00e9taires<br \/>\nd\u00e9couvertes dans notre galaxie.<\/p>\n<p>L\u2019exploit<br \/>\ntechnologique derri\u00e8re la d\u00e9couverte<\/p>\n<p class=\"whitespace-normal break-words\">Cette prouesse<br \/>\nobservationnelle n\u2019aurait pas \u00e9t\u00e9 possible sans des instruments<br \/>\nd\u2019une pr\u00e9cision inou\u00efe. Le syst\u00e8me d\u2019optique adaptative extr\u00eame<br \/>\nMagAO-X du t\u00e9lescope Magellan au Chili, associ\u00e9 au grand t\u00e9lescope<br \/>\nbinoculaire d\u2019Arizona et au tr\u00e8s grand t\u00e9lescope de l\u2019Observatoire<br \/>\neurop\u00e9en austral, ont permis de percer les secrets de ce syst\u00e8me<br \/>\nlointain.<\/p>\n<p class=\"whitespace-normal break-words\">\u00ab\u00a0D\u00e9couvrir cette<br \/>\nplan\u00e8te a \u00e9t\u00e9 une exp\u00e9rience extraordinaire\u00ab\u00a0, confie<br \/>\nRichelle van Capelleveen de l\u2019Universit\u00e9 de Leyde. Cette d\u00e9couverte<br \/>\nfortuite dans un groupe d\u2019\u00e9toiles peu \u00e9tudi\u00e9 promet d\u2019\u00e9tablir<br \/>\nWISPIT 2 comme syst\u00e8me de r\u00e9f\u00e9rence pour les futures recherches sur<br \/>\nla formation plan\u00e9taire.<\/p>\n<p class=\"whitespace-normal break-words\">Les r\u00e9sultats de cette<br \/>\n\u00e9tude r\u00e9volutionnaire sont publi\u00e9s dans <a href=\"https:\/\/iopscience.iop.org\/article\/10.3847\/2041-8213\/adf7a5\" target=\"_blank\" rel=\"noopener nofollow\">The Astrophysical Journal<br \/>\nLetters<\/a>, marquant une nouvelle \u00e8re dans notre compr\u00e9hension de<br \/>\nla gen\u00e8se des mondes.<\/p>\n","protected":false},"excerpt":{"rendered":"Depuis des d\u00e9cennies, les astronomes scrutent l\u2019espace \u00e0 la recherche de preuves tangibles de la naissance des mondes.&hellip;\n","protected":false},"author":2,"featured_media":353296,"comment_status":"","ping_status":"","sticky":false,"template":"","format":"standard","meta":{"footnotes":""},"categories":[7],"tags":[1011,27,43,40,41,39,42,44],"class_list":{"0":"post-353295","1":"post","2":"type-post","3":"status-publish","4":"format-standard","5":"has-post-thumbnail","7":"category-sciences-et-technologies","8":"tag-fr","9":"tag-france","10":"tag-science","11":"tag-science-and-technology","12":"tag-sciences","13":"tag-sciences-et-technologies","14":"tag-technologies","15":"tag-technology"},"share_on_mastodon":{"url":"https:\/\/pubeurope.com\/@fr\/115114790617498673","error":""},"_links":{"self":[{"href":"https:\/\/www.europesays.com\/fr\/wp-json\/wp\/v2\/posts\/353295","targetHints":{"allow":["GET"]}}],"collection":[{"href":"https:\/\/www.europesays.com\/fr\/wp-json\/wp\/v2\/posts"}],"about":[{"href":"https:\/\/www.europesays.com\/fr\/wp-json\/wp\/v2\/types\/post"}],"author":[{"embeddable":true,"href":"https:\/\/www.europesays.com\/fr\/wp-json\/wp\/v2\/users\/2"}],"replies":[{"embeddable":true,"href":"https:\/\/www.europesays.com\/fr\/wp-json\/wp\/v2\/comments?post=353295"}],"version-history":[{"count":0,"href":"https:\/\/www.europesays.com\/fr\/wp-json\/wp\/v2\/posts\/353295\/revisions"}],"wp:featuredmedia":[{"embeddable":true,"href":"https:\/\/www.europesays.com\/fr\/wp-json\/wp\/v2\/media\/353296"}],"wp:attachment":[{"href":"https:\/\/www.europesays.com\/fr\/wp-json\/wp\/v2\/media?parent=353295"}],"wp:term":[{"taxonomy":"category","embeddable":true,"href":"https:\/\/www.europesays.com\/fr\/wp-json\/wp\/v2\/categories?post=353295"},{"taxonomy":"post_tag","embeddable":true,"href":"https:\/\/www.europesays.com\/fr\/wp-json\/wp\/v2\/tags?post=353295"}],"curies":[{"name":"wp","href":"https:\/\/api.w.org\/{rel}","templated":true}]}}