{"id":353299,"date":"2025-08-30T00:05:09","date_gmt":"2025-08-30T00:05:09","guid":{"rendered":"https:\/\/www.europesays.com\/fr\/353299\/"},"modified":"2025-08-30T00:05:09","modified_gmt":"2025-08-30T00:05:09","slug":"une-cour-dappel-americaine-confirme-quune-partie-des-droits-de-douane-de-trump-sont-illegaux","status":"publish","type":"post","link":"https:\/\/www.europesays.com\/fr\/353299\/","title":{"rendered":"Une cour d\u2019appel am\u00e9ricaine confirme qu\u2019une partie des droits de douane de Trump sont ill\u00e9gaux"},"content":{"rendered":"<p>La cour a toutefois autoris\u00e9 le maintien des droits de douane jusqu\u2019au 14 octobre afin de donner \u00e0 l\u2019administration Trump la possibilit\u00e9 de faire appel.<\/p>\n<p class=\"fig-paragraph\">Une cour d\u2019appel am\u00e9ricaine a statu\u00e9 ce vendredi 29 ao\u00fbt que la plupart des droits de douane impos\u00e9s par\u00a0<a href=\"http:\/\/www.lefigaro.fr\/secteur\/high-tech\/numerique-macron-promet-une-reponse-des-europeens-face-aux-tentatives-de-coercition-de-donald-trump-20250829\" target=\"_blank\" data-fig-type=\"NewsFlash\" rel=\"noopener nofollow\" data-gtm-custom-categorie=\"navigation\" data-gtm-custom-action=\"crossclick\" data-gtm-custom-label=\"Contextuel\" data-gtm-event=\"customEventSPE\" data-fig-domain=\"LEFIGARO\">Donald Trump<\/a>\u00a0sont ill\u00e9gaux. La cour a toutefois autoris\u00e9 le maintien des droits de douane jusqu\u2019au 14 octobre afin de donner \u00e0 l\u2019administration Trump la possibilit\u00e9 de faire appel devant la Cour supr\u00eame des\u00a0<a href=\"http:\/\/www.lefigaro.fr\/international\/la-russie-se-prepare-a-des-discussions-bilaterales-avec-les-etats-unis-dans-les-prochaines-semaines-20250829\" target=\"_blank\" data-fig-type=\"NewsFlash\" rel=\"noopener nofollow\" data-gtm-custom-categorie=\"navigation\" data-gtm-custom-action=\"crossclick\" data-gtm-custom-label=\"Contextuel\" data-gtm-event=\"customEventSPE\" data-fig-domain=\"LEFIGARO\">\u00c9tats-Unis<\/a>.<\/p>\n<p class=\"fig-paragraph\">Donald Trump a fait des droits de douane un pilier de la politique \u00e9trang\u00e8re am\u00e9ricaine lors de son second mandat, les utilisant pour exercer une pression politique et ren\u00e9gocier des accords commerciaux avec les pays exportant des biens vers les \u00c9tats-Unis.<\/p>\n<p>                                    <a class=\"fig-a11y-skip a11y-hidden\" href=\"#fig-a11y-skip-main-inarticle\"><br \/>\n        Passer la publicit\u00e9<br \/>\n    <\/a><\/p>\n<p class=\"fig-paragraph\">\u00abLa loi accorde une autorit\u00e9 significative au pr\u00e9sident pour entreprendre un certain nombre d\u2019actions en r\u00e9ponse \u00e0 une urgence nationale d\u00e9clar\u00e9e, mais aucune de ces actions n\u2019inclut explicitement le pouvoir d\u2019imposer des droits de douane, taxes ou similaires, ni celui de lever des imp\u00f4ts\u00bb, a d\u00e9clar\u00e9 la cour. Le Tr\u00e9sor, le bureau du Repr\u00e9sentant au commerce des \u00c9tats-Unis et le D\u00e9partement du commerce n\u2019ont pas encore r\u00e9agi \u00e0 cette d\u00e9cision.<\/p>\n","protected":false},"excerpt":{"rendered":"La cour a toutefois autoris\u00e9 le maintien des droits de douane jusqu\u2019au 14 octobre afin de donner \u00e0&hellip;\n","protected":false},"author":2,"featured_media":353300,"comment_status":"","ping_status":"","sticky":false,"template":"","format":"standard","meta":{"footnotes":""},"categories":[5],"tags":[11,75,1011,27,14,12,28],"class_list":{"0":"post-353299","1":"post","2":"type-post","3":"status-publish","4":"format-standard","5":"has-post-thumbnail","7":"category-international","8":"tag-actualites","9":"tag-donald-trump","10":"tag-fr","11":"tag-france","12":"tag-international","13":"tag-news","14":"tag-world"},"share_on_mastodon":{"url":"https:\/\/pubeurope.com\/@fr\/115114798212797417","error":""},"_links":{"self":[{"href":"https:\/\/www.europesays.com\/fr\/wp-json\/wp\/v2\/posts\/353299","targetHints":{"allow":["GET"]}}],"collection":[{"href":"https:\/\/www.europesays.com\/fr\/wp-json\/wp\/v2\/posts"}],"about":[{"href":"https:\/\/www.europesays.com\/fr\/wp-json\/wp\/v2\/types\/post"}],"author":[{"embeddable":true,"href":"https:\/\/www.europesays.com\/fr\/wp-json\/wp\/v2\/users\/2"}],"replies":[{"embeddable":true,"href":"https:\/\/www.europesays.com\/fr\/wp-json\/wp\/v2\/comments?post=353299"}],"version-history":[{"count":0,"href":"https:\/\/www.europesays.com\/fr\/wp-json\/wp\/v2\/posts\/353299\/revisions"}],"wp:featuredmedia":[{"embeddable":true,"href":"https:\/\/www.europesays.com\/fr\/wp-json\/wp\/v2\/media\/353300"}],"wp:attachment":[{"href":"https:\/\/www.europesays.com\/fr\/wp-json\/wp\/v2\/media?parent=353299"}],"wp:term":[{"taxonomy":"category","embeddable":true,"href":"https:\/\/www.europesays.com\/fr\/wp-json\/wp\/v2\/categories?post=353299"},{"taxonomy":"post_tag","embeddable":true,"href":"https:\/\/www.europesays.com\/fr\/wp-json\/wp\/v2\/tags?post=353299"}],"curies":[{"name":"wp","href":"https:\/\/api.w.org\/{rel}","templated":true}]}}