{"id":353305,"date":"2025-08-30T00:08:10","date_gmt":"2025-08-30T00:08:10","guid":{"rendered":"https:\/\/www.europesays.com\/fr\/353305\/"},"modified":"2025-08-30T00:08:10","modified_gmt":"2025-08-30T00:08:10","slug":"affaire-magali-rossi-pour-une-bouchee-de-pain","status":"publish","type":"post","link":"https:\/\/www.europesays.com\/fr\/353305\/","title":{"rendered":"Affaire Magali Rossi, pour une bouch\u00e9e de pain"},"content":{"rendered":"<p class=\"is-style-chapo\"><strong>Nul n\u2019est cens\u00e9 ignorer la Loire \u2013 volet 4. Durant tout le mois d\u2019ao\u00fbt, If Saint-Etienne vous propose de d\u00e9couvrir sa s\u00e9rie de dossiers consacr\u00e9s aux affaires qui ont marqu\u00e9 la vie judiciaire st\u00e9phanoise et lig\u00e9rienne. On termine avec l\u2019affaire Magali Rossi.<\/strong><\/p>\n<p class=\"is-style-chapo\">Le 3 ao\u00fbt 2002, Sylvain B\u00e9trix, boulanger \u00e0 Saint-Just-Saint-Rambert, perdait la vie pour un butin d\u00e9risoire de 35 euros. S\u2019en suit un \u00e9moi national et plusieurs mois d\u2019enqu\u00eate, avant que l\u2019une des protagonistes ne se d\u00e9nonce aux gendarmes.<\/p>\n<p>35 euros. Le 3 ao\u00fbt 2002, trois jeunes femmes qui vivent ensemble \u00e0 Saint-Etienne ont, comme \u00e0 leur habitude, consomm\u00e9 beaucoup d\u2019alcool. L\u2019une d\u2019elle, Magali Rossi, se d\u00e9cide \u00e0 commettre un braquage pour renflouer les caisses du foyer. Arm\u00e9e d\u2019un fusil de chasse, elle se rend en voiture \u00e0 <a href=\"https:\/\/www.if-saint-etienne.fr\/breves\/a-saint-just-saint-rambert-lespace-les-mats-trus-entierement-renove\" target=\"_blank\" rel=\"noreferrer noopener\">Saint-Just-Saint-Rambert<\/a>, accompagn\u00e9e par l\u2019une de ses amies. C\u2019est par hasard qu\u2019elle choisisse la boulangerie de la commune. Le sch\u00e9ma est classique, l\u2019une des deux restera dans la voiture, pr\u00eate \u00e0 partir, tandis que l\u2019autre, Magali Rossi, entre dans le commerce, arme \u00e0 la main\u2026<\/p>\n<p>A fond la caisse<\/p>\n<p>La jeune femme se lance. Sous la menace de son arme, elle tente de se faire remettre le contenu de la caisse par la boulang\u00e8re, Virginie B\u00e9trix. Cette derni\u00e8re, terroris\u00e9e, s\u2019enfuit en criant, ce qui r\u00e9veille son \u00e9poux, Sylvain B\u00e9trix, qui dort dans l\u2019arri\u00e8re-boutique. Le boulanger de 22 ans se pr\u00e9cipite dans la boutique o\u00f9 Magali Rossi est en train de vider la caisse.<\/p>\n<p>En l\u2019apercevant, elle lui tire dessus et prend la fuite avec sa complice. Toutes deux retrouvent leur colocataire qui se charge de faire dispara\u00eetre les preuves en passant la tenue de Magali Rossi au lave-linge. Le butin est maigre. 35 euros. Pour l\u2019heure, celle qui a appuy\u00e9 sur la d\u00e9tente ne le sait pas encore, mais le jeune boulanger n\u2019a pas surv\u00e9cu \u00e0 ses blessures et sa mort va susciter l\u2019\u00e9moi dans tout le pays.<\/p>\n<p>Balance<\/p>\n<p>La boulang\u00e8re est certaine d\u2019une chose. La personne qui a tir\u00e9 sur son mari est une femme \u00ab\u00a0d\u2019allure masculine\u00a0\u00bb, et un portrait-robot est r\u00e9alis\u00e9 \u00e0 partir de son t\u00e9moignage. N\u00e9anmoins, l\u2019enqu\u00eate pi\u00e9tine pendant des semaines. Un peu plus de deux mois apr\u00e8s les faits, la colocataire d\u00e9nonce Magali Rossi et sa complice, rong\u00e9e par la culpabilit\u00e9. Un tournant dans l\u2019affaire qui conduit \u00e0 l\u2019arrestation des deux jeunes femmes \u00e0 leur domicile, situ\u00e9 face au Palais de justice. Rapidement, le duo se met \u00e0 table. Elles expliquent former un couple \u00e0 trois, avec leur colocataire. L\u2019une des trois femmes a un enfant en bas \u00e2ge et l\u2019argent manque au foyer, sur fond d\u2019alcool et de drogue. <\/p>\n<p>Anne-Sophie Royol est poursuivie pour complicit\u00e9 de vol accompagn\u00e9 ou suivi de violences ayant entra\u00een\u00e9 la mort. La jeune femme qui a d\u00e9nonc\u00e9 le crime \u00e0 la gendarmerie, devra r\u00e9pondre de destruction de preuve. Magali Rossi, qui a avou\u00e9 avoir tir\u00e9 sur le boulanger, sera jug\u00e9e pour meurtre.<\/p>\n<p>La case prison<\/p>\n<p>A la suite d\u2019un vice de proc\u00e9dure, l\u2019accus\u00e9e est remise en libert\u00e9 sous contr\u00f4le judiciaire au mois de septembre 2005, un peu plus de deux mois avant la tenue du proc\u00e8s, \u00e0 Saint-Etienne. Proc\u00e8s durant lequel elle sera incarc\u00e9r\u00e9e, sur d\u00e9cision du pr\u00e9sident de la cour d\u2019assises.<\/p>\n<p>Au terme de quatre jours de d\u00e9bats, Magali Rossi est condamn\u00e9e \u00e0 28 ans de r\u00e9clusion. C\u2019est plus que ce qu\u2019avait requis l\u2019avocat g\u00e9n\u00e9ral. Sa complice a \u00e9cop\u00e9 de 10 ans de r\u00e9clusion criminelle, tandis que leur colocataire a \u00e9t\u00e9 condamn\u00e9e \u00e0 trois mois d\u2019emprisonnement, dont deux avec sursis. Magali Rossi a \u00e9t\u00e9 lib\u00e9r\u00e9e \u00e0 l\u2019automne 2018 et est d\u00e9c\u00e9d\u00e9e peu de temps apr\u00e8s.<\/p>\n","protected":false},"excerpt":{"rendered":"Nul n\u2019est cens\u00e9 ignorer la Loire \u2013 volet 4. Durant tout le mois d\u2019ao\u00fbt, If Saint-Etienne vous propose&hellip;\n","protected":false},"author":2,"featured_media":353306,"comment_status":"","ping_status":"","sticky":false,"template":"","format":"standard","meta":{"footnotes":""},"categories":[9653],"tags":[1111,11,47279,41207,2430,1777,674,1011,27,41209,12,44513,25,44514,4001],"class_list":{"0":"post-353305","1":"post","2":"type-post","3":"status-publish","4":"format-standard","5":"has-post-thumbnail","7":"category-saint-etienne","8":"tag-actu","9":"tag-actualites","10":"tag-affaires-judiciaires-loire","11":"tag-andre-buffard","12":"tag-auvergne-rhone-alpes","13":"tag-eu","14":"tag-europe","15":"tag-fr","16":"tag-france","17":"tag-maitre-andre-buffard","18":"tag-news","19":"tag-nul-nest-cense-ignorer-la-loire","20":"tag-republique-francaise","21":"tag-retroactif","22":"tag-saint-etienne"},"share_on_mastodon":{"url":"https:\/\/pubeurope.com\/@fr\/115114810053343999","error":""},"_links":{"self":[{"href":"https:\/\/www.europesays.com\/fr\/wp-json\/wp\/v2\/posts\/353305","targetHints":{"allow":["GET"]}}],"collection":[{"href":"https:\/\/www.europesays.com\/fr\/wp-json\/wp\/v2\/posts"}],"about":[{"href":"https:\/\/www.europesays.com\/fr\/wp-json\/wp\/v2\/types\/post"}],"author":[{"embeddable":true,"href":"https:\/\/www.europesays.com\/fr\/wp-json\/wp\/v2\/users\/2"}],"replies":[{"embeddable":true,"href":"https:\/\/www.europesays.com\/fr\/wp-json\/wp\/v2\/comments?post=353305"}],"version-history":[{"count":0,"href":"https:\/\/www.europesays.com\/fr\/wp-json\/wp\/v2\/posts\/353305\/revisions"}],"wp:featuredmedia":[{"embeddable":true,"href":"https:\/\/www.europesays.com\/fr\/wp-json\/wp\/v2\/media\/353306"}],"wp:attachment":[{"href":"https:\/\/www.europesays.com\/fr\/wp-json\/wp\/v2\/media?parent=353305"}],"wp:term":[{"taxonomy":"category","embeddable":true,"href":"https:\/\/www.europesays.com\/fr\/wp-json\/wp\/v2\/categories?post=353305"},{"taxonomy":"post_tag","embeddable":true,"href":"https:\/\/www.europesays.com\/fr\/wp-json\/wp\/v2\/tags?post=353305"}],"curies":[{"name":"wp","href":"https:\/\/api.w.org\/{rel}","templated":true}]}}