{"id":353313,"date":"2025-08-30T00:12:16","date_gmt":"2025-08-30T00:12:16","guid":{"rendered":"https:\/\/www.europesays.com\/fr\/353313\/"},"modified":"2025-08-30T00:12:16","modified_gmt":"2025-08-30T00:12:16","slug":"toulon-les-incendies-forestiers-comme-opportunite-de-renouveau-table-ronde-le-12-septembre","status":"publish","type":"post","link":"https:\/\/www.europesays.com\/fr\/353313\/","title":{"rendered":"TOULON : Les incendies forestiers comme opportunit\u00e9 de renouveau &#8211; Table ronde le 12 septembre"},"content":{"rendered":"<p><strong>Les incendies forestiers peuvent-ils devenir une opportunit\u00e9 de renouveau ?<\/strong><\/p>\n<p>Les incendies forestiers repr\u00e9sentent des destructions \u00e0 plusieurs niveaux et saignent durablement un territoire.\u00a0Pourtant, malgr\u00e9 des cons\u00e9quences d\u00e9sastreuses, un tel \u00e9v\u00e9nement peut \u00eatre, pour les acteurs de la fili\u00e8re bois, notamment forestiers, designers, architectes d\u2019int\u00e9rieur, m\u00e9tiers d\u2019art et entrepreneurs, une opportunit\u00e9 de renouveau, une mani\u00e8re de panser les plaies du feu.<\/p>\n<p><strong>Tables rondes sur les incendies forestiers<\/strong><\/p>\n<p>Les deux tables rondes organis\u00e9es sur le sujet souhaitent faire l\u2019\u00e9tat de la question sur les diff\u00e9rents types d\u2019incendies, pour dans un second temps, proposer des pistes de ressourcement et de cr\u00e9ation afin qu\u2019une trag\u00e9die se transforme en renaissance. Ces tables rondes s\u2019inscrivent dans un nouveau partenariat entre l\u2019\u00c9cole Camondo M\u00e9diterran\u00e9e et les Manufactures nationales, S\u00e8vres&amp;Mobilier national (Laboratoire des pratiques durables, soutenu par la Fondation Bettencourt Schueller) sur le th\u00e8me des \u00ab gisements involontaires \u00bb.<\/p>\n<p><strong>Objectifs des tables rondes<\/strong><\/p>\n<p>Ces rendez-vous ont pour but de sensibiliser les \u00e9tudiants et le public aux cons\u00e9quences des activit\u00e9s humaines subies et d\u2019y trouver des solutions cr\u00e9atives et innovantes afin de r\u00e9enchanter le r\u00e9el.<\/p>\n<p><strong>Programme des tables rondes<\/strong><\/p>\n<p>\u2022\u00a0<strong>16h-17h<\/strong>\u00a0: L\u2019INCENDIE FORESTIER : \u00c9TATS DES CRISES<br \/>Mod\u00e9rateur: Nicolas Rizzo (Dir. Centre des m\u00e9tiers d\u2019art d\u2019Ollioules MANO X ALTO)<\/p>\n<p>\u2022\u00a0<strong>17h30-18h30<\/strong>\u00a0: PANSER LA CRISE: PENSER ET AGIR POUR B\u00c2TIR<br \/>Mod\u00e9rateur: Fabrice Pincin (Marseille Design M\u00e9diterran\u00e9e)<\/p>\n<p><strong>Comit\u00e9 scientifique<\/strong><\/p>\n<p>Marc Aurel, Marc Bayard, Margaret Iragui, Fabrice Pincin, Nicolas Plazanet, Nicolas Rizzo, Jean-Baptiste S\u00e9n\u00e9quier.<\/p>\n","protected":false},"excerpt":{"rendered":"Les incendies forestiers peuvent-ils devenir une opportunit\u00e9 de renouveau ? Les incendies forestiers repr\u00e9sentent des destructions \u00e0 plusieurs&hellip;\n","protected":false},"author":2,"featured_media":353314,"comment_status":"","ping_status":"","sticky":false,"template":"","format":"standard","meta":{"footnotes":""},"categories":[9619],"tags":[1111,11,1777,674,1011,27,12,882,25,2310],"class_list":{"0":"post-353313","1":"post","2":"type-post","3":"status-publish","4":"format-standard","5":"has-post-thumbnail","7":"category-toulon","8":"tag-actu","9":"tag-actualites","10":"tag-eu","11":"tag-europe","12":"tag-fr","13":"tag-france","14":"tag-news","15":"tag-provence-alpes-cote-dazur","16":"tag-republique-francaise","17":"tag-toulon"},"share_on_mastodon":{"url":"https:\/\/pubeurope.com\/@fr\/115114825832918956","error":""},"_links":{"self":[{"href":"https:\/\/www.europesays.com\/fr\/wp-json\/wp\/v2\/posts\/353313","targetHints":{"allow":["GET"]}}],"collection":[{"href":"https:\/\/www.europesays.com\/fr\/wp-json\/wp\/v2\/posts"}],"about":[{"href":"https:\/\/www.europesays.com\/fr\/wp-json\/wp\/v2\/types\/post"}],"author":[{"embeddable":true,"href":"https:\/\/www.europesays.com\/fr\/wp-json\/wp\/v2\/users\/2"}],"replies":[{"embeddable":true,"href":"https:\/\/www.europesays.com\/fr\/wp-json\/wp\/v2\/comments?post=353313"}],"version-history":[{"count":0,"href":"https:\/\/www.europesays.com\/fr\/wp-json\/wp\/v2\/posts\/353313\/revisions"}],"wp:featuredmedia":[{"embeddable":true,"href":"https:\/\/www.europesays.com\/fr\/wp-json\/wp\/v2\/media\/353314"}],"wp:attachment":[{"href":"https:\/\/www.europesays.com\/fr\/wp-json\/wp\/v2\/media?parent=353313"}],"wp:term":[{"taxonomy":"category","embeddable":true,"href":"https:\/\/www.europesays.com\/fr\/wp-json\/wp\/v2\/categories?post=353313"},{"taxonomy":"post_tag","embeddable":true,"href":"https:\/\/www.europesays.com\/fr\/wp-json\/wp\/v2\/tags?post=353313"}],"curies":[{"name":"wp","href":"https:\/\/api.w.org\/{rel}","templated":true}]}}