{"id":353315,"date":"2025-08-30T00:13:15","date_gmt":"2025-08-30T00:13:15","guid":{"rendered":"https:\/\/www.europesays.com\/fr\/353315\/"},"modified":"2025-08-30T00:13:15","modified_gmt":"2025-08-30T00:13:15","slug":"concert-controverse-un-groupe-catholique-detourne-pink-floyd-a-toulon","status":"publish","type":"post","link":"https:\/\/www.europesays.com\/fr\/353315\/","title":{"rendered":"Concert controvers\u00e9: un groupe catholique d\u00e9tourne Pink Floyd \u00e0 Toulon"},"content":{"rendered":"<p>Publi\u00e929. ao\u00fbt 2025, 19:24<\/p>\n<p>France: Un groupe de rock catho d\u00e9tourne Pink Floyd et fait scandale<\/p>\n<p>Lors d&rsquo;un concert devant une \u00e9glise de Toulon, le chanteur a modifi\u00e9 les paroles d&rsquo;un tube l\u00e9gendaire et affirm\u00e9 \u00abne pas avoir besoin de contraception\u00bb.<\/p>\n<p><img decoding=\"async\" alt=\"Jacqueline Favez\" src=\"https:\/\/www.europesays.com\/fr\/wp-content\/uploads\/2025\/08\/3dc76b6c-31a8-45b5-accf-e2b59658aa0e.jpeg\" class=\"sc-b1f21c84-1 juVSAe\"\/><img loading=\"lazy\" decoding=\"async\" src=\"https:\/\/www.europesays.com\/fr\/wp-content\/uploads\/2025\/08\/2c558bf2-b147-44a2-9bb7-8ad711b29bec.jpg\" alt=\"Les Soutanes of swing.\" title=\"Les Soutanes of swing.\"  width=\"1187\" height=\"599\"\/><\/p>\n<p>Les Soutanes of swing.<\/p>\n<p>Capture d&rsquo;\u00e9cran YouTube<\/p>\n<p>\u00abC\u2019est la premi\u00e8re fois qu\u2019il y a ce type de d\u00e9bordement \u00e0 notre connaissance.\u00bb La mairie de Toulon (France) est un peu embarrass\u00e9e de la tournure prise par un concert en plein air qui a fait l&rsquo;objet d&rsquo;une autorisation d\u00e9partementale. D&rsquo;autant que l&rsquo;\u00e9v\u00e9nement, qui s&rsquo;est tenu il y a dix jours, inspirait plut\u00f4t confiance: la sc\u00e8ne avait \u00e9t\u00e9 mont\u00e9e devant le parvis de l&rsquo;\u00e9glise Saint-Fran\u00e7ois de Paule et le groupe qui s&rsquo;y produisait, les Soutanes of swing, est clairement r\u00e9pertori\u00e9 comme catholique. Il est compos\u00e9 de missionnaires de la Mis\u00e9ricorde divine, soci\u00e9t\u00e9 de catholiques traditionnels associ\u00e9e au dioc\u00e8se de Fr\u00e9jus-Toulon.<\/p>\n<p>Mais, apr\u00e8s une vingtaine de minutes, les musiciens qui font des reprises des plus grands groupes de rock, ont commis un impair qui n&rsquo;est pas pass\u00e9 inaper\u00e7u, relate <a target=\"_blank\" href=\"https:\/\/www.liberation.fr\/politique\/nous-navons-pas-besoin-de-contraception-a-toulon-des-rockeurs-en-soutane-revisitent-pink-floyd-pour-promouvoir-lideologie-anti-ivg-20250828_FX47GBEU2BH67ENCZZI5LKYEFM\/?redirected=1\" rel=\"noopener noreferrer nofollow\">Lib\u00e9ration<\/a>. Ils se sont lanc\u00e9s dans l&rsquo;interpr\u00e9tation de \u00abAnother Brick in the Wall\u00bb, de Pink Floyd. Sauf que ce n&rsquo;est pas \u00e0 l&rsquo;\u00e9ducation, que les rockeurs catholiques s&rsquo;en sont pris, mais \u00e0 la contraception.<\/p>\n<p>\u00abPas tr\u00e8s fut\u00e9\u00bb dans le contexte actuel<\/p>\n<p>Les paroles sont ainsi devenues: \u00abWe don\u2019t need no contraception; we don\u2019t need no birth control; no dark sarcasm in the white rooms\u00bb (\u00abNous n&rsquo;avons pas besoin de contraception; nous n&rsquo;avons pas besoin de contr\u00f4le de naissance; pas de sombre sarcasme dans les salles blanches\u00bb).<\/p>\n<p>M\u00eame s&rsquo;il trouve dommage de ne parler que de cette chanson, l\u2019abb\u00e9 Jean-Rapha\u00ebl Dubrule, sup\u00e9rieur de la communaut\u00e9, interrog\u00e9 par Lib\u00e9ration, reconna\u00eet que ce n&rsquo;\u00e9tait \u00abpas tr\u00e8s fut\u00e9\u00bb. D&rsquo;autant que cette prise de position intervient dans un contexte d\u00e9j\u00e0 un peu tendu dans la r\u00e9gion. Fin mai, le Planning familial de Toulon s&rsquo;est retrouv\u00e9 avec les mots\u00a0\u00abstructure de mort\u00bb tagu\u00e9s sur sa fa\u00e7ade. Et de nombreuses \u00e9glises de la r\u00e9gion sont connot\u00e9es tr\u00e8s traditionalistes et ne cachent pas leur opposition aux interruptions volontaires de grossesse et \u00e0 la contraception.<\/p>\n<p>\u00abLa contraception est aujourd\u2019hui un sujet que l\u2019on n\u2019a presque pas le droit d\u2019\u00e9voquer tellement il est tabou, tellement c\u2019est la pens\u00e9e unique\u00bb, a justifi\u00e9 un des membres du groupe, pr\u00e9cisant qu&rsquo;ils avaient l&rsquo;habitude de changer les paroles des chansons, mais que le but du concert n&rsquo;\u00e9tait pas de faire la promotion \u00abde la morale sexuelle de l&rsquo;\u00c9glise\u00bb.<\/p>\n<p>L&rsquo;original<\/p>\n<p>Si vous voulez retrouver la chanson de Pink Floyd, et ses paroles d&rsquo;origine, soit \u00abWe don&rsquo;t need no education; we don&rsquo;t need no thought control; no dark sarcasm in the classroom\u00bb (\u00abNous n&rsquo;avons pas besoin d&rsquo;\u00e9ducation, nous n&rsquo;avons pas besoin de contr\u00f4le de la pens\u00e9e, pas de sombre sarcasme dans la salle de classe\u00bb), c&rsquo;est par ici:<\/p>\n<p>Tu nous suis d\u00e9j\u00e0 sur WhatsApp?<\/p>\n<p>Abonne-toi \u00e0 notre cha\u00eene, active la petite \ud83d\udd14 et tu recevras un <strong>r\u00e9cap de l&rsquo;actu<\/strong> chaque jour en <strong>d\u00e9but de soir\u00e9e<\/strong>.<\/p>\n","protected":false},"excerpt":{"rendered":"Publi\u00e929. ao\u00fbt 2025, 19:24 France: Un groupe de rock catho d\u00e9tourne Pink Floyd et fait scandale Lors d&rsquo;un&hellip;\n","protected":false},"author":2,"featured_media":353316,"comment_status":"","ping_status":"","sticky":false,"template":"","format":"standard","meta":{"footnotes":""},"categories":[9619],"tags":[1111,11,1777,674,1011,27,12,882,25,2310],"class_list":{"0":"post-353315","1":"post","2":"type-post","3":"status-publish","4":"format-standard","5":"has-post-thumbnail","7":"category-toulon","8":"tag-actu","9":"tag-actualites","10":"tag-eu","11":"tag-europe","12":"tag-fr","13":"tag-france","14":"tag-news","15":"tag-provence-alpes-cote-dazur","16":"tag-republique-francaise","17":"tag-toulon"},"share_on_mastodon":{"url":"https:\/\/pubeurope.com\/@fr\/115114830295762633","error":""},"_links":{"self":[{"href":"https:\/\/www.europesays.com\/fr\/wp-json\/wp\/v2\/posts\/353315","targetHints":{"allow":["GET"]}}],"collection":[{"href":"https:\/\/www.europesays.com\/fr\/wp-json\/wp\/v2\/posts"}],"about":[{"href":"https:\/\/www.europesays.com\/fr\/wp-json\/wp\/v2\/types\/post"}],"author":[{"embeddable":true,"href":"https:\/\/www.europesays.com\/fr\/wp-json\/wp\/v2\/users\/2"}],"replies":[{"embeddable":true,"href":"https:\/\/www.europesays.com\/fr\/wp-json\/wp\/v2\/comments?post=353315"}],"version-history":[{"count":0,"href":"https:\/\/www.europesays.com\/fr\/wp-json\/wp\/v2\/posts\/353315\/revisions"}],"wp:featuredmedia":[{"embeddable":true,"href":"https:\/\/www.europesays.com\/fr\/wp-json\/wp\/v2\/media\/353316"}],"wp:attachment":[{"href":"https:\/\/www.europesays.com\/fr\/wp-json\/wp\/v2\/media?parent=353315"}],"wp:term":[{"taxonomy":"category","embeddable":true,"href":"https:\/\/www.europesays.com\/fr\/wp-json\/wp\/v2\/categories?post=353315"},{"taxonomy":"post_tag","embeddable":true,"href":"https:\/\/www.europesays.com\/fr\/wp-json\/wp\/v2\/tags?post=353315"}],"curies":[{"name":"wp","href":"https:\/\/api.w.org\/{rel}","templated":true}]}}