{"id":353317,"date":"2025-08-30T00:14:17","date_gmt":"2025-08-30T00:14:17","guid":{"rendered":"https:\/\/www.europesays.com\/fr\/353317\/"},"modified":"2025-08-30T00:14:17","modified_gmt":"2025-08-30T00:14:17","slug":"deux-individus-interpelles-avec-des-drones-a-proximite-de-la-maison-darret-de-villeneuve-les-maguelone","status":"publish","type":"post","link":"https:\/\/www.europesays.com\/fr\/353317\/","title":{"rendered":"Deux individus interpell\u00e9s avec des drones \u00e0 proximit\u00e9 de la maison d\u2019arr\u00eat de Villeneuve-les-Maguelone"},"content":{"rendered":"<p>\n                                                                Ils ont \u00e9t\u00e9 intercept\u00e9s par les gendarmes alors qu\u2019ils semblaient en rep\u00e9rage pour de futures livraisons.\n                            <\/p>\n<p>Dans la nuit de samedi \u00e0 dimanche, vers 3\u00a0h\u00a030 du matin, deux hommes ont \u00e9t\u00e9 interpell\u00e9s \u00e0 proximit\u00e9 du centre p\u00e9nitentiaire de Villeneuve-l\u00e8s-Maguelonne.<\/p>\n<p>Les gendarmes \u00e9taient en planque pour \u00e9viter le survol de la maison d\u2019arr\u00eat par des drones.<\/p>\n<p>Des d\u00e9tenus utilisent en effet ce moyen pour se faire livrer des colis contenant des objets interdits en prison.<\/p>\n<p>Des sanctions contre les deux individus<\/p>\n<p>D\u2019apr\u00e8s les premiers \u00e9l\u00e9ments, il semblerait que les individus interpell\u00e9s \u00e9taient en rep\u00e9rage pour une future livraison.<\/p>\n<p>Quoi qu\u2019il en soit, leur mat\u00e9riel a \u00e9t\u00e9 saisi.<\/p>\n<p>Un individu a fait l\u2019objet de mesures administratives de la part du parquet, tandis que le second s\u2019est vu interdire de para\u00eetre \u00e0 Villeneuve.<\/p>\n","protected":false},"excerpt":{"rendered":"Ils ont \u00e9t\u00e9 intercept\u00e9s par les gendarmes alors qu\u2019ils semblaient en rep\u00e9rage pour de futures livraisons. Dans la&hellip;\n","protected":false},"author":2,"featured_media":353318,"comment_status":"","ping_status":"","sticky":false,"template":"","format":"standard","meta":{"footnotes":""},"categories":[9599],"tags":[1111,11,1777,674,1011,27,2208,12,2680,25],"class_list":{"0":"post-353317","1":"post","2":"type-post","3":"status-publish","4":"format-standard","5":"has-post-thumbnail","7":"category-montpellier","8":"tag-actu","9":"tag-actualites","10":"tag-eu","11":"tag-europe","12":"tag-fr","13":"tag-france","14":"tag-montpellier","15":"tag-news","16":"tag-occitanie","17":"tag-republique-francaise"},"share_on_mastodon":{"url":"https:\/\/pubeurope.com\/@fr\/115114833632776335","error":""},"_links":{"self":[{"href":"https:\/\/www.europesays.com\/fr\/wp-json\/wp\/v2\/posts\/353317","targetHints":{"allow":["GET"]}}],"collection":[{"href":"https:\/\/www.europesays.com\/fr\/wp-json\/wp\/v2\/posts"}],"about":[{"href":"https:\/\/www.europesays.com\/fr\/wp-json\/wp\/v2\/types\/post"}],"author":[{"embeddable":true,"href":"https:\/\/www.europesays.com\/fr\/wp-json\/wp\/v2\/users\/2"}],"replies":[{"embeddable":true,"href":"https:\/\/www.europesays.com\/fr\/wp-json\/wp\/v2\/comments?post=353317"}],"version-history":[{"count":0,"href":"https:\/\/www.europesays.com\/fr\/wp-json\/wp\/v2\/posts\/353317\/revisions"}],"wp:featuredmedia":[{"embeddable":true,"href":"https:\/\/www.europesays.com\/fr\/wp-json\/wp\/v2\/media\/353318"}],"wp:attachment":[{"href":"https:\/\/www.europesays.com\/fr\/wp-json\/wp\/v2\/media?parent=353317"}],"wp:term":[{"taxonomy":"category","embeddable":true,"href":"https:\/\/www.europesays.com\/fr\/wp-json\/wp\/v2\/categories?post=353317"},{"taxonomy":"post_tag","embeddable":true,"href":"https:\/\/www.europesays.com\/fr\/wp-json\/wp\/v2\/tags?post=353317"}],"curies":[{"name":"wp","href":"https:\/\/api.w.org\/{rel}","templated":true}]}}