{"id":353319,"date":"2025-08-30T00:15:15","date_gmt":"2025-08-30T00:15:15","guid":{"rendered":"https:\/\/www.europesays.com\/fr\/353319\/"},"modified":"2025-08-30T00:15:15","modified_gmt":"2025-08-30T00:15:15","slug":"amiens-sc-football-amiens-arrache-un-point-a-montpellier","status":"publish","type":"post","link":"https:\/\/www.europesays.com\/fr\/353319\/","title":{"rendered":"Amiens SC Football &#8211; \u200bAmiens arrache un point \u00e0 Montpellier"},"content":{"rendered":"<p class=\"text-justify\"><strong>Apr\u00e8s avoir men\u00e9 au score gr\u00e2ce \u00e0 un but de Lutin, les Ami\u00e9nois ont c\u00e9d\u00e9 en seconde p\u00e9riode, mais sont tout de m\u00eame parvenus \u00e0 ramener un point de Montpellier lors de la quatri\u00e8me journ\u00e9e (1-1), vendredi soir.<br \/><\/strong><\/p>\n<p>&#13;<\/p>\n<p class=\"text-justify\">En l\u2019absence de Monconduit, victime d\u2019une l\u00e9sion \u00e0 la cuisse gauche, Ka\u00efboue s\u2019est positionn\u00e9 au milieu de terrain, tandis qu\u2019Omar Daf titularisait pour la premi\u00e8re fois Mlakar, en attaque, et L\u00f4, en d\u00e9fense centrale.<\/p>\n<p>&#13;<\/p>\n<p class=\"text-justify\">D\u00e8s le coup d\u2019envoi, Montpellier prend le jeu \u00e0 son compte avec 60 % de possession. Apr\u00e8s une t\u00eate de Mendy au-dessus (6e), Amiens se montre efficace en ouvrant la marque apr\u00e8s seulement trois touches de balle : L\u00f4 relance, Ka\u00efboue ajuste une transversale pour Averlant, dont le centre trouve Lutin (0-1, 11e). Sept minutes plus tard, Lobry a l\u2019occasion de doubler la mise, mais sa frappe \u00e0 ras de terre passe \u00e0 c\u00f4t\u00e9.<\/p>\n<p>&#13;<\/p>\n<p class=\"text-justify\">La suite est une succession de tentatives montpelli\u00e9raines : Mendy (25e), Coulibaly (28e) et Mbuku (32e) manquent de justesse. Juste avant la pause, Averlant est bien servi par Chabane mais voit sa reprise repouss\u00e9e par Ngapandouetnbu, \u00e9vitant le break (44e).<\/p>\n<p>&#13;<\/p>\n<p class=\"text-justify\">Au retour des vestiaires, les locaux poussent. Bernardoni signe un double arr\u00eat d\u00e9cisif face \u00e0 Mendy puis Coulibaly (50e), et est sauv\u00e9 par son poteau sur une reprise de Ndiaye (53e). Le match devient une attaque-d\u00e9fense. Mendy frappe au-dessus (63e), Bernardoni repousse un coup franc rentrant (63e), Orakpo croise trop sa frappe (71e). \u00c0 force d\u2019insister, Savanier trouve la faille sur coup franc (1-1, 79e).<\/p>\n<p>&#13;<\/p>\n<p class=\"text-justify\">L\u2019ASC repart avec un point et se positionne \u00e0 la 7e place en attendant la suite de la 4e journ\u00e9e, programm\u00e9e ce samedi. Au menu : Bastia &#8211; Guingamp et Reims &#8211; Le Mans (14 h), Saint-\u00c9tienne &#8211; Grenoble (20 h).<\/p>\n<p><\/p>\n<p>&#13;<br \/>\n&#13;<br \/>\n&#13;<br \/>\n<strong>MONTPELLIER \u2013 AMIENS SC : 1-1 (0-1)<\/strong>&#13;<\/p>\n<p class=\"text-justify\"><strong>Arbitre<\/strong>\u00a0: M. Souifi.<\/p>\n<p>&#13;<\/p>\n<p class=\"text-justify\"><strong>Spectateurs<\/strong>\u00a0: 8 566.<\/p>\n<p>&#13;<\/p>\n<p class=\"text-justify\"><strong>Buts<\/strong>\u00a0:\u00a0<\/p>\n<p>&#13;<\/p>\n<ul class=\"text-justify\">\n<li class=\"text-justify\">Montpellier : Savanier (79e)<\/li>\n<li class=\"text-justify\">Amiens SC : Lutin (11e).<\/li>\n<\/ul>\n<p>&#13;<\/p>\n<p class=\"text-justify\"><strong>Avertissements :<\/strong><\/p>\n<p>&#13;<\/p>\n<ul class=\"text-justify\">\n<li class=\"text-justify\">Montpellier : Mouanga (66e), El-Hannach (80e)<\/li>\n<li class=\"text-justify\">Amiens SC : Ka\u00efboue (42e), Averlant (70e), Ikia Dimi (90+4e).<\/li>\n<\/ul>\n<p>&#13;<\/p>\n<p class=\"text-justify\"><strong>Montpellier<\/strong>\u00a0: Ngapandouetnbu \u2013 Tchato (Chennahi, 83e), Laporte, Jullien, Mincarelli (El-Hannach, 60e) \u2013 Mouanga, Omeragic (c) \u2013 Mbuku, Ndiaye (Orakpo, 60e), Coulibaly \u2013 Mendy.<\/p>\n<p>&#13;<\/p>\n<p class=\"text-justify\"><strong>Amiens SC<\/strong>\u00a0: Bernardoni \u2013 Chabane, Bakayoko, L\u00f4, Appiah \u2013 Fofana, Ka\u00efboue (Inja\u00ef, 85e) \u2013 Averlant, Lobry (c), Lutin (Ikia Dimi, 76e) \u2013 Mlakar.<\/p>\n","protected":false},"excerpt":{"rendered":"Apr\u00e8s avoir men\u00e9 au score gr\u00e2ce \u00e0 un but de Lutin, les Ami\u00e9nois ont c\u00e9d\u00e9 en seconde p\u00e9riode,&hellip;\n","protected":false},"author":2,"featured_media":353320,"comment_status":"","ping_status":"","sticky":false,"template":"","format":"standard","meta":{"footnotes":""},"categories":[9599],"tags":[1111,11,1777,674,1011,27,2208,12,2680,25],"class_list":{"0":"post-353319","1":"post","2":"type-post","3":"status-publish","4":"format-standard","5":"has-post-thumbnail","7":"category-montpellier","8":"tag-actu","9":"tag-actualites","10":"tag-eu","11":"tag-europe","12":"tag-fr","13":"tag-france","14":"tag-montpellier","15":"tag-news","16":"tag-occitanie","17":"tag-republique-francaise"},"share_on_mastodon":{"url":"https:\/\/pubeurope.com\/@fr\/115114837482053125","error":""},"_links":{"self":[{"href":"https:\/\/www.europesays.com\/fr\/wp-json\/wp\/v2\/posts\/353319","targetHints":{"allow":["GET"]}}],"collection":[{"href":"https:\/\/www.europesays.com\/fr\/wp-json\/wp\/v2\/posts"}],"about":[{"href":"https:\/\/www.europesays.com\/fr\/wp-json\/wp\/v2\/types\/post"}],"author":[{"embeddable":true,"href":"https:\/\/www.europesays.com\/fr\/wp-json\/wp\/v2\/users\/2"}],"replies":[{"embeddable":true,"href":"https:\/\/www.europesays.com\/fr\/wp-json\/wp\/v2\/comments?post=353319"}],"version-history":[{"count":0,"href":"https:\/\/www.europesays.com\/fr\/wp-json\/wp\/v2\/posts\/353319\/revisions"}],"wp:featuredmedia":[{"embeddable":true,"href":"https:\/\/www.europesays.com\/fr\/wp-json\/wp\/v2\/media\/353320"}],"wp:attachment":[{"href":"https:\/\/www.europesays.com\/fr\/wp-json\/wp\/v2\/media?parent=353319"}],"wp:term":[{"taxonomy":"category","embeddable":true,"href":"https:\/\/www.europesays.com\/fr\/wp-json\/wp\/v2\/categories?post=353319"},{"taxonomy":"post_tag","embeddable":true,"href":"https:\/\/www.europesays.com\/fr\/wp-json\/wp\/v2\/tags?post=353319"}],"curies":[{"name":"wp","href":"https:\/\/api.w.org\/{rel}","templated":true}]}}