{"id":353321,"date":"2025-08-30T00:18:10","date_gmt":"2025-08-30T00:18:10","guid":{"rendered":"https:\/\/www.europesays.com\/fr\/353321\/"},"modified":"2025-08-30T00:18:10","modified_gmt":"2025-08-30T00:18:10","slug":"cruelle-defaite-pour-oyonnax-qui-sincline-dans-les-dernieres-secondes-face-a-grenoble-la-voix-de-lain","status":"publish","type":"post","link":"https:\/\/www.europesays.com\/fr\/353321\/","title":{"rendered":"Cruelle d\u00e9faite pour Oyonnax, qui s&rsquo;incline dans les derni\u00e8res secondes face \u00e0 Grenoble \u2022 La Voix de l&rsquo;Ain"},"content":{"rendered":"<p>\n\t\t\t\t\t\t\t\tOyonnax Rugby a d\u00e9but\u00e9 sa saison de Pro D2 par une d\u00e9faite rageante, sur le gong, face \u00e0 Grenoble (28-30).\n\t\t\t\t\t\t\t<\/p>\n<p>Les d\u00e9faites sont parfois cruelles, et Oyonnax en a fait les frais dans les derni\u00e8res secondes de cette premi\u00e8re journ\u00e9e de Pro D2 au stade Charles-Mathon. Face \u00e0 Grenoble, dans ce derby de la premi\u00e8re journ\u00e9e, les joueurs de Fabien Cibray, pourtant longtemps en t\u00eate, se sont inclin\u00e9s dans les ultimes secondes sur une p\u00e9nalit\u00e9 de Romain Trouilloud (28-30). Pour cette premi\u00e8re \u00e0 domicile, les joueurs et les membres du staff ont \u00e9t\u00e9 accueillis par de nombreux supporters une heure et demie avant le coup d&rsquo;envoi, sous les fumig\u00e8nes noirs et rouges, pour lancer les hostilit\u00e9s de cet exercice 2025-2026. Ils \u00e9taient  au total 6 500 dans les tribunes.<\/p>\n<p>Longtemps devant au score, Oyonnax a toutefois subi d\u2019entr\u00e9e de jeu, \u00e0 travers un premier essai grenoblois d\u2019Aur\u00e9lian Callandret, apr\u00e8s un joli jeu au pied. Romain Trouilloud s\u2019est charg\u00e9 de le transformer et voil\u00e0 les visiteurs en t\u00eate (0-7, 5\u2019). De mani\u00e8re provisoire seulement. Les premi\u00e8res m\u00eal\u00e9es oyonnaxiennes sont bien g\u00e9r\u00e9es et Antoine Miquel a manqu\u00e9 de peu d\u2019aplatir la balle ovale. Deux minutes plus tard, Pierre Pacheco parvient cette fois-ci \u00e0 inscrire le premier essai d\u2019Oyonnax Rugby. Un remake de l\u2019essai de Callandret, avec Jonathan Ruru \u00e0 la passe. Justin Bouraux ne transforme pas, mais Oyonnax se rapproche au score (5-7, 12\u2019).<\/p>\n<p>Un carton jaune pour Grenoble<\/p>\n<p>Les impacts sont rudes, \u00e0 tel point que Grenoble se retrouve \u00e0 14 contre 15 apr\u00e8s le carton jaune de Brandon Nansen pour un placage haut sur Pecheco. Oyonnax n\u2019en profite pas pour inscrire d\u2019essai lors de cette sup\u00e9riorit\u00e9 num\u00e9rique, mais a n\u00e9anmoins repris les commandes apr\u00e8s une p\u00e9nalit\u00e9 de Justin Bouraux (8-7, 25\u2019). Trouilloud a profit\u00e9 d\u2019une p\u00e9nalit\u00e9 siffl\u00e9e \u00e0 l\u2019encontre de Wandrille Picault pour permettre \u00e0 Grenoble de repasser devant (8-10, 29\u2019), avant un nouveau chass\u00e9-crois\u00e9 et une autre p\u00e9nalit\u00e9 transform\u00e9e par Bouraux (11-10, 32\u2019).<\/p>\n<p>Juste avant la pause, Oyonnax a refait le break avec un deuxi\u00e8me essai, inscrit par Jonathan Ruru sur un ballon rapidement sorti du ruck devant les poteaux. Bouraux ne se manque pas et Oyonnax accroit l&rsquo;\u00e9cart (18-10, 35\u2019). De huit points, il n\u2019y en aura finalement que cinq au moment de rentrer aux vestiaires avec une nouvelle p\u00e9nalit\u00e9 pour charge illicite (18-13, 40+2\u2019).<\/p>\n<p>Une derni\u00e8re p\u00e9nalit\u00e9 grenobloise apr\u00e8s la sir\u00e8ne<\/p>\n<p>Sur un magnifique num\u00e9ro en solitaire, Martin Bogado a travers\u00e9 tout le terrain avant de servir Gavin Stark pour le troisi\u00e8me essai oyonnaxien du match. Dans une position d\u00e9licate et tr\u00e8s excentr\u00e9e sur la droite, Bouraux a quand m\u00eame transform\u00e9 l\u2019essai pour cr\u00e9er un premier vrai \u00e9cart (25-13, 46\u2019). <\/p>\n<p>Sur la derni\u00e8re demi-heure, la tendance s\u2019est totalement invers\u00e9e avec l\u2019essai de l\u2019entrant grenoblois Giorgi Javakhia, puis celui de Gerswin Mouton, tous deux transform\u00e9s par Trouilloud (28-27, 69\u2019).<\/p>\n<p>Et alors que le secteur de la m\u00eal\u00e9e avait r\u00e9ussi \u00e0 Oyonnax pendant une large partie de la rencontre, les Oyomen se sont fait p\u00e9naliser sur ce secteur apr\u00e8s la sir\u00e8ne. Et \u00e0 60 m\u00e8tres, Romain Trouilloud n\u2019a encore pas trembl\u00e9 pour offrir la victoire \u00e0 Grenoble.<\/p>\n<p>Fiche technique\u00a0:<\/p>\n<p><strong>Oyonnax\u00a0<\/strong>: Trois essais (Pacheco 13\u2019, Ruru 35\u2019, Stark 46\u2019), deux transformations (Boureaux 35\u2019, 46\u2019), trois p\u00e9nalit\u00e9s (Bouraux 25\u2019, 33\u2019, 59&prime;).<\/p>\n<p>La compo\u00a0: Bogado \u2013 Qadiri, Morland, Toala, Stark \u2013 (o) Bouraux, (m) Ruru \u2013 Miquel, Pacheco, Picault \u2013 Corso, Battye (c) \u2013 Oz, Karkadze, Abraham.<\/p>\n<p><strong>Grenoble\u00a0<\/strong>: Trois essais (Callandret 4\u2019, Javakhia 56\u2019, Mouton 69\u2019), une transformation (Trouilloud 4\u2019, 56&prime;), trois p\u00e9nalit\u00e9s (Trouilloud 28\u2019, 40+3\u2019, 80+1&prime;).<\/p>\n<p>Carton jaune\u00a0: Nansen (21).<\/p>\n<p>La compo\u00a0: Trouilloud H. \u2013 Callandret, Trouilloud R., Lestrade, Rasaku \u2013 (o) Palmier, (m) Couilloud \u2013 Martel, Guillaumond, Berruyer \u2013 Nansen, Ployet \u2013 Jonker, Soury, Eglaine.<\/p>\n","protected":false},"excerpt":{"rendered":"Oyonnax Rugby a d\u00e9but\u00e9 sa saison de Pro D2 par une d\u00e9faite rageante, sur le gong, face \u00e0&hellip;\n","protected":false},"author":2,"featured_media":353322,"comment_status":"","ping_status":"","sticky":false,"template":"","format":"standard","meta":{"footnotes":""},"categories":[9566],"tags":[1111,11,2430,1777,674,1011,27,2731,12,25],"class_list":{"0":"post-353321","1":"post","2":"type-post","3":"status-publish","4":"format-standard","5":"has-post-thumbnail","7":"category-grenoble","8":"tag-actu","9":"tag-actualites","10":"tag-auvergne-rhone-alpes","11":"tag-eu","12":"tag-europe","13":"tag-fr","14":"tag-france","15":"tag-grenoble","16":"tag-news","17":"tag-republique-francaise"},"share_on_mastodon":{"url":"https:\/\/pubeurope.com\/@fr\/115114849364710378","error":""},"_links":{"self":[{"href":"https:\/\/www.europesays.com\/fr\/wp-json\/wp\/v2\/posts\/353321","targetHints":{"allow":["GET"]}}],"collection":[{"href":"https:\/\/www.europesays.com\/fr\/wp-json\/wp\/v2\/posts"}],"about":[{"href":"https:\/\/www.europesays.com\/fr\/wp-json\/wp\/v2\/types\/post"}],"author":[{"embeddable":true,"href":"https:\/\/www.europesays.com\/fr\/wp-json\/wp\/v2\/users\/2"}],"replies":[{"embeddable":true,"href":"https:\/\/www.europesays.com\/fr\/wp-json\/wp\/v2\/comments?post=353321"}],"version-history":[{"count":0,"href":"https:\/\/www.europesays.com\/fr\/wp-json\/wp\/v2\/posts\/353321\/revisions"}],"wp:featuredmedia":[{"embeddable":true,"href":"https:\/\/www.europesays.com\/fr\/wp-json\/wp\/v2\/media\/353322"}],"wp:attachment":[{"href":"https:\/\/www.europesays.com\/fr\/wp-json\/wp\/v2\/media?parent=353321"}],"wp:term":[{"taxonomy":"category","embeddable":true,"href":"https:\/\/www.europesays.com\/fr\/wp-json\/wp\/v2\/categories?post=353321"},{"taxonomy":"post_tag","embeddable":true,"href":"https:\/\/www.europesays.com\/fr\/wp-json\/wp\/v2\/tags?post=353321"}],"curies":[{"name":"wp","href":"https:\/\/api.w.org\/{rel}","templated":true}]}}