{"id":353323,"date":"2025-08-30T00:19:16","date_gmt":"2025-08-30T00:19:16","guid":{"rendered":"https:\/\/www.europesays.com\/fr\/353323\/"},"modified":"2025-08-30T00:19:16","modified_gmt":"2025-08-30T00:19:16","slug":"ben-old-parmi-les-absents-contre-grenoble-la-compo","status":"publish","type":"post","link":"https:\/\/www.europesays.com\/fr\/353323\/","title":{"rendered":"Ben Old parmi les absents contre Grenoble, la compo"},"content":{"rendered":"<p>\t\t\tAfficher l\u2019index Masquer l\u2019index <\/p>\n<p>Face \u00e0 <strong>Grenoble Foot<\/strong>, l<strong>\u2019ASSE<\/strong> compte plusieurs absents. Eirik Horneland est contraint de revoir sa compo. Malgr\u00e9 tout, les Verts demeurent ambitieux.<\/p>\n<p>ASSE-Grenoble : Appiah et Annan absents, Traor\u00e9 titulaire\t<\/p>\n<p><a href=\"https:\/\/www.foot-sur7.fr\/691449-classement-asse-match-decisif-contre-grenoble-foot\" data-type=\"post\" data-id=\"691449\" rel=\"nofollow noopener\" target=\"_blank\">L\u2019ASSE va affronter Grenoble Foot, samedi (20h)<\/a>, avec une \u00e9quipe diminu\u00e9e, notamment en d\u00e9fense. Titulaire lors des trois premi\u00e8res journ\u00e9es de championnat, <strong>Ebenezer Annan<\/strong> est bless\u00e9 et indisponible. Idem pour l\u2019arri\u00e8re droit <strong>Dennis Appiah<\/strong>. Pour compenser l\u2019absence du d\u00e9fenseur lat\u00e9ral gauche Ghan\u00e9en, <strong>Eirik Horneland<\/strong> a d\u00e9cid\u00e9 de faire confiance \u00e0 la recrue <strong>Lassana Traor\u00e9<\/strong> (18 ans).<\/p>\n<p>Ben Old et Miladinovic victimes des choix de Horneland<\/p>\n<p>En reprise adapt\u00e9e, <strong>Djylian N\u2019Guessan<\/strong> et Benjamin Bouchouari sont \u00e9galement absents pour le match de la 4e journ\u00e9e de Ligue 2. Outre les bless\u00e9s, l\u2019entra\u00eeneur de l\u2019<a href=\"https:\/\/www.foot-sur7.fr\/foot-saint-etienne\" data-type=\"link\" data-id=\"https:\/\/www.foot-sur7.fr\/foot-saint-etienne\" rel=\"nofollow noopener\" target=\"_blank\">AS Saint-Etienne<\/a> s\u2019est pass\u00e9 des services de <strong>Ben Old<\/strong> et d\u2019Igor Miladinovic. Ils ne sont pas dans le groupe de 18 joueurs convoqu\u00e9s. Tout comme les ind\u00e9sirables : Yvann Ma\u00e7on et Dylan Batubinsika.<\/p>\n<p>Moueffek et Davitashvili aptes finalement<\/p>\n<p><strong>A\u00efmen Moueffek<\/strong>, l\u00e9g\u00e8rement souffrant et incertain jeudi, est finalement retenu pour le match contre GF 38. <a href=\"https:\/\/www.foot-sur7.fr\/692207-asse-lequipe-des-verts-diminuee-face-a-grenoble-foot\" data-type=\"post\" data-id=\"692207\" rel=\"nofollow noopener\" target=\"_blank\">Malade cette semaine, Zuriko Davitashvili<\/a> est aussi apte. L\u2019attaquant auteur de 2 buts en 3 trois matchs de Ligue 2 devrait tenir sa place en attaque face aux Grenoblois.<\/p>\n<p>La compo probable de l\u2019ASSE contre Grenoble Foot :<\/p>\n<p><strong>Gardien de but :<\/strong> G. Larsonneur<br \/><strong>D\u00e9fenseurs :<\/strong> J. Ferreira, C. Lamba, M. Nad\u00e9, L. Traor\u00e9<br \/><strong>Milieux de terrain <\/strong>: A. Moueffek, F. Tardieu, M. Jaber<br \/><strong>Attaquants :<\/strong> A. Boakye, Z. Davitasvili, L. Stassin<\/p>\n<p><strong>Rempla\u00e7ants<\/strong> : B. Maubleu, M. Bernauer, S. Stojkovic, El Jamali, L. Gadegbeku, I. Cardona, J. Duffus<\/p>\n","protected":false},"excerpt":{"rendered":"Afficher l\u2019index Masquer l\u2019index Face \u00e0 Grenoble Foot, l\u2019ASSE compte plusieurs absents. Eirik Horneland est contraint de revoir&hellip;\n","protected":false},"author":2,"featured_media":319823,"comment_status":"","ping_status":"","sticky":false,"template":"","format":"standard","meta":{"footnotes":""},"categories":[9566],"tags":[1111,11,2430,1777,674,1011,27,2731,12,25],"class_list":{"0":"post-353323","1":"post","2":"type-post","3":"status-publish","4":"format-standard","5":"has-post-thumbnail","7":"category-grenoble","8":"tag-actu","9":"tag-actualites","10":"tag-auvergne-rhone-alpes","11":"tag-eu","12":"tag-europe","13":"tag-fr","14":"tag-france","15":"tag-grenoble","16":"tag-news","17":"tag-republique-francaise"},"share_on_mastodon":{"url":"https:\/\/pubeurope.com\/@fr\/115114853401129434","error":""},"_links":{"self":[{"href":"https:\/\/www.europesays.com\/fr\/wp-json\/wp\/v2\/posts\/353323","targetHints":{"allow":["GET"]}}],"collection":[{"href":"https:\/\/www.europesays.com\/fr\/wp-json\/wp\/v2\/posts"}],"about":[{"href":"https:\/\/www.europesays.com\/fr\/wp-json\/wp\/v2\/types\/post"}],"author":[{"embeddable":true,"href":"https:\/\/www.europesays.com\/fr\/wp-json\/wp\/v2\/users\/2"}],"replies":[{"embeddable":true,"href":"https:\/\/www.europesays.com\/fr\/wp-json\/wp\/v2\/comments?post=353323"}],"version-history":[{"count":0,"href":"https:\/\/www.europesays.com\/fr\/wp-json\/wp\/v2\/posts\/353323\/revisions"}],"wp:featuredmedia":[{"embeddable":true,"href":"https:\/\/www.europesays.com\/fr\/wp-json\/wp\/v2\/media\/319823"}],"wp:attachment":[{"href":"https:\/\/www.europesays.com\/fr\/wp-json\/wp\/v2\/media?parent=353323"}],"wp:term":[{"taxonomy":"category","embeddable":true,"href":"https:\/\/www.europesays.com\/fr\/wp-json\/wp\/v2\/categories?post=353323"},{"taxonomy":"post_tag","embeddable":true,"href":"https:\/\/www.europesays.com\/fr\/wp-json\/wp\/v2\/tags?post=353323"}],"curies":[{"name":"wp","href":"https:\/\/api.w.org\/{rel}","templated":true}]}}