{"id":353324,"date":"2025-08-30T00:20:14","date_gmt":"2025-08-30T00:20:14","guid":{"rendered":"https:\/\/www.europesays.com\/fr\/353324\/"},"modified":"2025-08-30T00:20:14","modified_gmt":"2025-08-30T00:20:14","slug":"a-rennes-une-promenade-porte-le-nom-de-martial-gabillard-ancien-adjoint-en-charge-de-la-culture","status":"publish","type":"post","link":"https:\/\/www.europesays.com\/fr\/353324\/","title":{"rendered":"\u00c0 Rennes, une promenade porte le nom de Martial Gabillard, ancien adjoint en charge de la culture"},"content":{"rendered":"<p>Mardi 26\u00a0ao\u00fbt 2025, <a href=\"https:\/\/rennes.maville.com\/actu\/actudet_-deces-de-martial-gabillard-rennes-perd-son-monsieur-culture_7-4236276_actu.Htm\" rel=\"nofollow noopener\" target=\"_blank\">une promenade au nom de Martial Gabillard (1939-2020)<\/a> a \u00e9t\u00e9 inaugur\u00e9e en pr\u00e9sence de la maire de <a href=\"https:\/\/rennes.maville.com\/info\/info-locale\/\" target=\"_blank\" rel=\"nofollow noopener\">Rennes<\/a> (Ille-et-Vilaine), Nathalie App\u00e9r\u00e9. Situ\u00e9e le long de l\u2019Alignement du XXIe\u00a0si\u00e8cle et du Frac (fonds r\u00e9gional d\u2019art contemporain) au nord de la ville, la promenade rend hommage\u00a0\u00e0 l\u2019adjoint en charge de la culture et premier adjoint de l\u2019ancien maire de Rennes, Edmond Herv\u00e9, pendant trente-et-un\u00a0ans.<\/p>\n<p>Professeur d\u2019histoire-g\u00e9ographie<\/p>\n<p>Transmusicales, Tomb\u00e9es de la Nuit, Jardin moderne, Champs Libres, biblioth\u00e8ques de quartier, cin\u00e9ma l\u2019Arvor\u00a0: <a href=\"https:\/\/rennes.maville.com\/actu\/actudet_-rennes.-martial-gabillard-ancien-adjoint-a-la-culture-est-decede_7-4236170_actu.Htm\" rel=\"nofollow noopener\" target=\"_blank\">c\u2019est sans doute gr\u00e2ce \u00e0 cet homme d\u2019art et de culture, d\u00e9fenseur de l\u2019engagement associatif,<\/a> que Rennes peut se vanter d\u2019\u00eatre une capitale culturelle.\u00a0Professeur d\u2019histoire-g\u00e9ographie, il fut fait chevalier de l\u2019Ordre des arts et lettres en 1983 et chevalier de la L\u00e9gion d\u2019honneur en 2000.<\/p>\n<p>\u00a0<\/p>\n","protected":false},"excerpt":{"rendered":"Mardi 26\u00a0ao\u00fbt 2025, une promenade au nom de Martial Gabillard (1939-2020) a \u00e9t\u00e9 inaugur\u00e9e en pr\u00e9sence de la&hellip;\n","protected":false},"author":2,"featured_media":353325,"comment_status":"","ping_status":"","sticky":false,"template":"","format":"standard","meta":{"footnotes":""},"categories":[2821],"tags":[1111,11,16190,4255,829,17070,251,1777,674,1011,27,48976,5908,12,19800,5396,24481,584,25],"class_list":{"0":"post-353324","1":"post","2":"type-post","3":"status-publish","4":"format-standard","5":"has-post-thumbnail","7":"category-rennes","8":"tag-actu","9":"tag-actualites","10":"tag-adjoint","11":"tag-ancien","12":"tag-bretagne","13":"tag-charge","14":"tag-culture","15":"tag-eu","16":"tag-europe","17":"tag-fr","18":"tag-france","19":"tag-gabillard","20":"tag-martial","21":"tag-news","22":"tag-nom","23":"tag-porte","24":"tag-promenade","25":"tag-rennes","26":"tag-republique-francaise"},"share_on_mastodon":{"url":"https:\/\/pubeurope.com\/@fr\/115114857521776509","error":""},"_links":{"self":[{"href":"https:\/\/www.europesays.com\/fr\/wp-json\/wp\/v2\/posts\/353324","targetHints":{"allow":["GET"]}}],"collection":[{"href":"https:\/\/www.europesays.com\/fr\/wp-json\/wp\/v2\/posts"}],"about":[{"href":"https:\/\/www.europesays.com\/fr\/wp-json\/wp\/v2\/types\/post"}],"author":[{"embeddable":true,"href":"https:\/\/www.europesays.com\/fr\/wp-json\/wp\/v2\/users\/2"}],"replies":[{"embeddable":true,"href":"https:\/\/www.europesays.com\/fr\/wp-json\/wp\/v2\/comments?post=353324"}],"version-history":[{"count":0,"href":"https:\/\/www.europesays.com\/fr\/wp-json\/wp\/v2\/posts\/353324\/revisions"}],"wp:featuredmedia":[{"embeddable":true,"href":"https:\/\/www.europesays.com\/fr\/wp-json\/wp\/v2\/media\/353325"}],"wp:attachment":[{"href":"https:\/\/www.europesays.com\/fr\/wp-json\/wp\/v2\/media?parent=353324"}],"wp:term":[{"taxonomy":"category","embeddable":true,"href":"https:\/\/www.europesays.com\/fr\/wp-json\/wp\/v2\/categories?post=353324"},{"taxonomy":"post_tag","embeddable":true,"href":"https:\/\/www.europesays.com\/fr\/wp-json\/wp\/v2\/tags?post=353324"}],"curies":[{"name":"wp","href":"https:\/\/api.w.org\/{rel}","templated":true}]}}