{"id":353326,"date":"2025-08-30T00:21:31","date_gmt":"2025-08-30T00:21:31","guid":{"rendered":"https:\/\/www.europesays.com\/fr\/353326\/"},"modified":"2025-08-30T00:21:31","modified_gmt":"2025-08-30T00:21:31","slug":"vacances-scolaires-rennes-2025-2026-calendrier-officiel-aide-sociale-fr","status":"publish","type":"post","link":"https:\/\/www.europesays.com\/fr\/353326\/","title":{"rendered":"Vacances scolaires Rennes 2025-2026 : calendrier officiel Aide-Sociale.fr"},"content":{"rendered":"<p class=\"postmetadata\">\n                                            Par Doroth\u00e9e Pierry \/ Mis \u00e0 jour le 28 ao\u00fbt 2025\n                            <\/p>\n<p>Le <strong>calendrier des vacances scolaires \u00e0 Rennes pour l\u2019ann\u00e9e 2025-2026<\/strong> suit les dates officielles de la zone B. Pour organiser vos cong\u00e9s ou pr\u00e9voir des activit\u00e9s en famille, il est essentiel de conna\u00eetre les p\u00e9riodes de repos des \u00e9l\u00e8ves. Retrouvez ci-dessous le d\u00e9tail des vacances \u00e0 Rennes et comparez-les facilement avec <a href=\"https:\/\/www.aide-sociale.fr\/calendrier-vacances-scolaires\/\" target=\"_blank\" rel=\"noopener nofollow\">le calendrier complet des vacances scolaires en France<\/a>.<\/p>\n<tr>\nP\u00e9riodes<br \/>\nDates des vacances scolaires pour Rennes<br \/>\n<\/tr>\n<tr>\n<td>Rentr\u00e9e des \u00e9l\u00e8ves<\/td>\n<td>Lundi 1er septembre 2025<\/td>\n<\/tr>\n<tr>\n<td>Vacances de la Toussaint<\/td>\n<td>Du samedi 18 octobre au lundi 3 novembre 2025<\/td>\n<\/tr>\n<tr>\n<td>Vacances de No\u00ebl<\/td>\n<td>Du samedi 20 d\u00e9cembre 2025 au lundi 5 janvier 2026<\/td>\n<\/tr>\n<tr>\n<td>Vacances d\u2019hiver<\/td>\n<td>Du samedi 14 f\u00e9vrier au lundi 2 mars 2026<\/td>\n<\/tr>\n<tr>\n<td>Vacances de printemps<\/td>\n<td>Du samedi 11 avril au lundi 27 avril 2026<\/td>\n<\/tr>\n<tr>\n<td>Vacances d\u2019\u00e9t\u00e9<\/td>\n<td>Samedi 4 juillet 2026<\/td>\n<\/tr>\n<p>Source :\u00a0<a href=\"https:\/\/www.education.gouv.fr\/calendrier-scolaire-2025-2026-100148\" target=\"_blank\" rel=\"noopener nofollow\">education.gouv.fr<\/a><\/p>\n<p>Calendrier des vacances scolaires Rennes 2025-2026<\/p>\n<p><img loading=\"lazy\" decoding=\"async\" class=\"aligncenter size-full wp-image-78256\" src=\"https:\/\/www.europesays.com\/fr\/wp-content\/uploads\/2025\/08\/infographie-rennes-vacances-scolaires-47.png\" alt=\"vacances scolaires 2025 rennes\" width=\"720\" height=\"1890\"\/><\/p>\n<p>En France, le calendrier scolaire est divis\u00e9 en <strong>trois zones (A, B, et C)<\/strong> pour \u00e9chelonner les cong\u00e9s et \u00e9viter les foules dans les destinations touristiques. <strong>Rennes appartient \u00e0 la zone B<\/strong><strong>, <\/strong>avec des dates sp\u00e9cifiques pour certaines vacances.<\/p>\n<p>Voici les p\u00e9riodes de cong\u00e9s \u00e0 retenir pour l\u2019ann\u00e9e scolaire 2025-2026 :<\/p>\n<ul class=\"list-1\">\n<ul>\n<li><strong>Rentr\u00e9e scolaire Rennes 2025 :<\/strong> lundi 1er septembre 2025 (date identique dans toute la France m\u00e9tropolitaine)<\/li>\n<li><strong>Vacances de la Toussaint Rennes :<\/strong> du samedi 18 octobre 2025 au lundi 3 novembre 2025<\/li>\n<li><strong>Vacances de No\u00ebl Rennes :<\/strong> du samedi 20 d\u00e9cembre 2025 au lundi 5 janvier 2026<\/li>\n<li><strong>Vacances de f\u00e9vrier Rennes :<\/strong> du samedi 14 f\u00e9vrier 2026 au lundi 2 mars 2026<\/li>\n<li><strong>Vacances d\u2019avril Rennes :<\/strong> du samedi 11 avril 2026 au lundi 27 avril 2026<\/li>\n<li><strong>D\u00e9but des vacances d\u2019\u00e9t\u00e9 Rennes :<\/strong> le samedi 4 juillet 2026<\/li>\n<\/ul>\n<\/ul>\n<p><strong>Ces dates s\u2019appliquent \u00e0 tous les \u00e9tablissements scolaires de Rennes,<\/strong> qu\u2019il s\u2019agisse des \u00e9coles maternelles, primaires, coll\u00e8ges ou lyc\u00e9es.<\/p>\n<p>\u00a0<\/p>\n<p>Quels sont les jours f\u00e9ri\u00e9s \u00e0 Rennes en 2025 et 2026 ?<\/p>\n<p>Comme chaque ann\u00e9e, les \u00e9l\u00e8ves et enseignants de Rennes pourront profiter de jours de repos suppl\u00e9mentaires lors <a href=\"https:\/\/www.aide-sociale.fr\/jour-ferie-france\/\" target=\"_blank\" rel=\"noopener nofollow\">des jours f\u00e9ri\u00e9s en 2025 et 2026<\/a>. Ces derniers sont les m\u00eames dans toute la France m\u00e9tropolitaine.<\/p>\n<p>Et ceux qui interviendront pendant l\u2019ann\u00e9e scolaire 2025-2026 :<\/p>\n<ul class=\"list-1\">\n<ul>\n<li><strong>Samedi 1er novembre 2025<\/strong>\u00a0: Toussaint<\/li>\n<li><strong>Mardi 11\u00a0novembre 2025<\/strong>\u00a0: Armistice 1918<\/li>\n<li><strong>Jeudi 25\u00a0d\u00e9cembre 2025\u00a0:<\/strong>\u00a0No\u00ebl<\/li>\n<li><strong>Jeudi 1er janvier 2026 :<\/strong> Jour de l\u2019An<\/li>\n<li><strong>Lundi 6 avril 2026 :<\/strong> lundi de P\u00e2ques<\/li>\n<li><strong>Vendredi 1er mai 2026 :<\/strong> f\u00eate du Travail<\/li>\n<li><strong>Vendredi 8 mai 2026 :<\/strong> Victoire de 1945<\/li>\n<li><strong>Jeudi 14 mai 2026 :<\/strong> Ascension<\/li>\n<li><strong>Lundi 25 mai 2026 :<\/strong> lundi de Pentec\u00f4te<\/li>\n<\/ul>\n<\/ul>\n<p>\u00a0<\/p>\n<p>Activit\u00e9s familiales \u00e0 Rennes pendant les vacances<\/p>\n<p>Rennes est une ville dynamique qui offre de nombreuses possibilit\u00e9s pour occuper les enfants et passer de bons moments en famille. Nous vous proposons quelques suggestions pour des vacances r\u00e9ussies.<\/p>\n<p>\u00a0<\/p>\n<p>Quelles activit\u00e9s culturelles et \u00e9ducatives \u00e0 Rennes ?<\/p>\n<p>A Rennes, plusieurs lieux permettent d\u2019allier amusement et apprentissage pendant les vacances ! Vous pouvez notamment emmener vos enfants :<\/p>\n<ul class=\"list-1\">\n<ul>\n<li><strong><a href=\"https:\/\/www.leschampslibres.fr\/\" target=\"_blank\" rel=\"noopener nofollow\">Aux Champs Libres<\/a> :<\/strong> ce centre culturel unique regroupe un mus\u00e9e, une biblioth\u00e8que et l\u2019Espace des sciences, id\u00e9al pour une journ\u00e9e ludique et \u00e9ducative.<\/li>\n<li><strong><a href=\"https:\/\/www.la-criee.org\/fr\/\" target=\"_blank\" rel=\"noopener nofollow\">\u00c0 La Cri\u00e9e<\/a> :<\/strong> lieu incontournable pour les amateurs d\u2019art contemporain, qui propose aussi des ateliers pour enfants.<\/li>\n<li><strong><a href=\"https:\/\/www.leschampslibres.fr\/les-champs-libres\/musee-de-bretagne\" target=\"_blank\" rel=\"noopener nofollow\">Au Mus\u00e9e de Bretagne<\/a> :<\/strong> d\u00e9couvrez l\u2019histoire locale \u00e0 travers des expositions interactives, parfaites pour les jeunes curieux.<\/li>\n<\/ul>\n<\/ul>\n<p>\u00a0<\/p>\n<p>Quelles id\u00e9es de loisirs en plein air \u00e0 Rennes ?<\/p>\n<p>Explorez les espaces verts de Rennes pour une pause nature en famille en d\u00e9couvrant :<\/p>\n<ul class=\"list-1\">\n<ul>\n<li><strong><a href=\"https:\/\/www.tourisme-rennes.com\/sortir\/parc-du-thabor\/\" target=\"_blank\" rel=\"noopener nofollow\">Le parc du Thabor<\/a> :<\/strong> ce jardin embl\u00e9matique de Rennes est parfait pour une promenade, un pique-nique ou une s\u00e9ance de jeux.<\/li>\n<li><strong><a href=\"https:\/\/www.tourisme-rennes.com\/decouvrir-rennes\/week-end\/gayeulles\/\" target=\"_blank\" rel=\"noopener nofollow\">Base de loisirs de Gayeulles<\/a> :<\/strong> avec ses sentiers, ses aires de jeux et son plan d\u2019eau, c\u2019est un paradis pour les enfants.<\/li>\n<li><strong><a href=\"https:\/\/www.tourisme-rennes.com\/decouvrir-rennes\/rando-velo\/randonnees-rivieres\/\" target=\"_blank\" rel=\"noopener nofollow\">Balades en bord de Vilaine<\/a> :<\/strong> id\u00e9al pour une sortie \u00e0 pied ou \u00e0 v\u00e9lo tout en profitant des paysages paisibles.<\/li>\n<\/ul>\n<\/ul>\n<p>\u00a0<\/p>\n<p>Que faire \u00e0 Rennes avec des enfants : id\u00e9es d\u2019activit\u00e9s ludiques<\/p>\n<p>Pour offrir \u00e0 vos enfants des moments de plaisir et d\u2019aventures \u00e0 Rennes, vous pouvez miser sur :<\/p>\n<ul class=\"list-1\">\n<ul>\n<li><strong>Les escape games :<\/strong> plusieurs salles \u00e0 Rennes proposent des missions adapt\u00e9es aux plus jeunes, parfaites pour d\u00e9velopper leur sens de l\u2019observation.<\/li>\n<li><strong><a href=\"https:\/\/www.leblizz.com\/\" target=\"_blank\" rel=\"noopener nofollow\">La patinoire Le Blizz<\/a> :<\/strong> Un lieu pour glisser et s\u2019amuser en famille, m\u00eame en hiver.<\/li>\n<li><strong>Les ludoth\u00e8ques de Rennes<\/strong> <strong>:<\/strong> ces espaces proposent de nombreux jeux \u00e0 emprunter ou \u00e0 tester sur place (vous trouverez les adresses des ludoth\u00e8ques de Rennes sur <a href=\"https:\/\/metropole.rennes.fr\/\" target=\"_blank\" rel=\"noopener nofollow\">le site de la M\u00e9tropole<\/a>).<\/li>\n<\/ul>\n<\/ul>\n<p>\u00a0<\/p>\n<p>Vacances \u00e0 Rennes : stages et ateliers pour les enfants<\/p>\n<p>Vous pouvez aussi d\u00e9cider de combiner vacances et apprentissage en inscrivant vos enfants \u00e0 des stages ou ateliers th\u00e9matiques \u00e0 Rennes :<\/p>\n<ul class=\"list-1\">\n<ul>\n<li><strong>Ateliers cr\u00e9atifs :<\/strong> plusieurs structures, comme les Maisons de quartier, organisent des ateliers d\u2019arts plastiques ou de bricolage pour les enfants.<\/li>\n<li><strong>Stages sportifs :<\/strong> gymnastique, football ou \u00e9quitation, de nombreux clubs proposent des stages pendant les vacances.<\/li>\n<li><strong>Initiation \u00e0 la cuisine :<\/strong> certains \u00e9tablissements comme les \u00e9coles de cuisine offrent des cours pour les petits gourmets.<\/li>\n<\/ul>\n<\/ul>\n<p>\u00a0<\/p>\n<p>FAQ sur les vacances scolaires \u00e0 Rennes<br \/>\nLes dates des vacances scolaires \u00e0 Rennes sont-elles les m\u00eames que dans toute la Bretagne ?<\/p>\n<p>Oui, <strong>Rennes fait partie de la zone B du calendrier scolaire fran\u00e7ais, tout comme l\u2019ensemble de la r\u00e9gion Bretagne<\/strong>. Cela signifie que les dates des cong\u00e9s sont identiques pour les \u00e9l\u00e8ves des \u00e9coles, coll\u00e8ges et lyc\u00e9es de Rennes, Brest, Quimper, Vannes ou Lorient. Cette organisation permet d\u2019unifier les vacances au niveau r\u00e9gional et facilite la vie des familles qui habitent dans diff\u00e9rentes villes bretonnes ou qui se d\u00e9placent r\u00e9guli\u00e8rement entre plusieurs d\u00e9partements.<\/p>\n<p>\u00a0<\/p>\n<p>Quels \u00e9v\u00e9nements culturels ont lieu \u00e0 Rennes pendant les vacances scolaires ?<\/p>\n<p>Rennes est une ville culturelle dynamique <strong>qui propose r\u00e9guli\u00e8rement des expositions, festivals et animations pendant les p\u00e9riodes de cong\u00e9s<\/strong>. Selon la saison, vous pourrez assister \u00e0 des concerts, spectacles familiaux, ateliers dans les mus\u00e9es ou encore projections sp\u00e9ciales pour les enfants dans les cin\u00e9mas de la ville. La m\u00e9tropole met aussi en place des \u00e9v\u00e9nements gratuits ou \u00e0 prix r\u00e9duit pour les familles, notamment dans les Maisons de quartier et les m\u00e9diath\u00e8ques rennaises.<\/p>\n<p>\u00a0<\/p>\n<p>Peut-on inscrire ses enfants \u00e0 des stages ou colonies pendant les vacances \u00e0 Rennes ?<\/p>\n<p>Oui, de nombreuses structures locales organisent des stages et colonies \u00e0 Rennes pendant les cong\u00e9s scolaires. Les clubs sportifs proposent des sessions de football, natation, \u00e9quitation ou gymnastique. Les centres culturels offrent des ateliers cr\u00e9atifs et musicaux, tandis que certaines associations organisent des s\u00e9jours th\u00e9matiques ou colonies proches de la nature. <strong>Ces options permettent aux enfants de d\u00e9couvrir de nouvelles activit\u00e9s, de se faire des amis et de vivre des exp\u00e9riences enrichissantes en dehors du cadre scolaire<\/strong>.<\/p>\n<p>\u00a0<\/p>\n<p>Comment occuper les enfants \u00e0 moindre co\u00fbt \u00e0 Rennes pendant les cong\u00e9s ?<\/p>\n<p><strong>Il existe de nombreuses activit\u00e9s gratuites ou peu co\u00fbteuses \u00e0 Rennes pour divertir les enfants<\/strong>. Les parcs comme le Thabor ou les Gayeulles offrent de grands espaces verts pour jouer et pique-niquer. Les m\u00e9diath\u00e8ques de la ville proposent aussi des ateliers, lectures et pr\u00eats de jeux. Certaines expositions temporaires et mus\u00e9es sont gratuits pour les jeunes. Enfin, les associations locales organisent r\u00e9guli\u00e8rement des activit\u00e9s familiales accessibles, id\u00e9ales pour profiter des vacances sans se ruiner.<\/p>\n<p>\u00a0<\/p>\n<p>Y a-t-il des activit\u00e9s adapt\u00e9es aux ados pendant les vacances scolaires \u00e0 Rennes ?<\/p>\n<p>Oui, Rennes propose de nombreuses activit\u00e9s sp\u00e9cialement adapt\u00e9es aux adolescents. <strong>Les escape games et la patinoire Le Blizz sont particuli\u00e8rement appr\u00e9ci\u00e9s<\/strong>. Les clubs sportifs organisent \u00e9galement des stages pour les jeunes, tout comme certaines structures culturelles qui offrent des ateliers de th\u00e9\u00e2tre, danse ou cin\u00e9ma. Les ados peuvent aussi profiter des concerts, festivals urbains et \u00e9v\u00e9nements organis\u00e9s par la ville. Ces activit\u00e9s leur permettent de se divertir tout en d\u00e9couvrant de nouveaux centres d\u2019int\u00e9r\u00eat.<\/p>\n<p>\u00a0<\/p>\n<p>Comment contacter l\u2019acad\u00e9mie de Rennes ?<\/p>\n<p>Vous pouvez envoyer un message depuis le formulaire de contact <a href=\"https:\/\/www.ac-rennes.fr\/nous-contacter-122315\" target=\"_blank\" rel=\"noopener nofollow\">du site de l\u2019acad\u00e9mie de Rennes<\/a>. Pour cela il vous suffit de choisir le motif de votre demande.<\/p>\n<p>Il est \u00e9galement possible de joindre l\u2019acad\u00e9mie de Rennes par t\u00e9l\u00e9phone <strong>au 02 23 21 77 77 (prix d\u2019un appel local)<\/strong>. Ce service est ouvert du lundi au vendredi de 9h \u00e0 16h30.<\/p>\n<p>Enfin, il est \u00e9galement possible de se rendre directement sur place o\u00f9 un accueil du public se fait du lundi au vendredi de 9h \u00e0 16h30 \u00e0 l\u2019adresse suivante : 96 rue d\u2019Antrain CS10503, 35705 Rennes cedex 7.<\/p>\n<p><strong>D\u2019autres articles pourraient vous int\u00e9resser :<\/strong><\/p>\n<p>                    <img decoding=\"async\" src=\"https:\/\/www.aide-sociale.fr\/wp-content\/themes\/aide-sociale-new\/img\/message-loupe.svg\" width=\"150\" alt=\"icone info\"\/><\/p>\n<p><\/p>\n<p style=\"text-align: right;\">Cr\u00e9dit photo : \u00a9 Studio Laure \/ Adobe<\/p>\n<p><img loading=\"lazy\" decoding=\"async\" src=\"https:\/\/www.europesays.com\/fr\/wp-content\/uploads\/2025\/04\/dorothee-aide-sociale-57.jpg\" width=\"100\" height=\"100\" alt=\"Doroth\u00e9e r\u00e9dactrice aide sociale\" itemprop=\"image\"\/><\/p>\n<p>Journaliste\/R\u00e9dactrice, je poss\u00e8de dix ans d\u2019exp\u00e9riences professionnelles web et r\u00e9daction et travaille pour le site aide-sociale.fr depuis 2017. Ma connaissance fine des questions juridiques et du dispositif administratif et social en France me permet d\u2019informer au mieux les lecteurs sur leurs droits et les d\u00e9marches utiles en fonction de leur situation.<\/p>\n<p>                <img decoding=\"async\" src=\"https:\/\/www.aide-sociale.fr\/wp-content\/themes\/aide-sociale-new\/styles\/common-images\/box-forum-left-img.svg\"\/><\/p>\n<p>\n                    Vous voulez partager votre exp\u00e9rience ?<br \/>\n                    Notre forum est l\u00e0 pour \u00e7a !\n                <\/p>\n<p>                <img decoding=\"async\" src=\"https:\/\/www.aide-sociale.fr\/wp-content\/themes\/aide-sociale-new\/styles\/common-images\/box-forum-right-img.svg\"\/><\/p>\n<p>            Autres articles int\u00e9ressants<\/p>\n<p>                          <a href=\"https:\/\/www.aide-sociale.fr\/simulateur-cheque-energie\/\" target=\"_blank\" style=\"display:block;margin-bottom:20px\" rel=\"nofollow noopener\"><br \/>\n                                <img decoding=\"async\" src=\"https:\/\/www.europesays.com\/fr\/wp-content\/uploads\/2025\/04\/home-simu-cheque-energie-99.png\" alt=\"Simulateur Cheque Energie\" style=\"width:100%;border-radius:14px\"\/><br \/>\n                            <\/a><\/p>\n<p>                            <a href=\"https:\/\/www.aide-sociale.fr\/rsa-simulation\/\" target=\"_blank\" rel=\"nofollow noopener\"><br \/>\n                                <img decoding=\"async\" src=\"https:\/\/www.europesays.com\/fr\/wp-content\/uploads\/2025\/04\/home-simulateur-rsa-25.png\" alt=\"Simulateur RSA\" style=\"width:100%;border-radius:14px\"\/><br \/>\n                            <\/a><\/p>\n","protected":false},"excerpt":{"rendered":"Par Doroth\u00e9e Pierry \/ Mis \u00e0 jour le 28 ao\u00fbt 2025 Le calendrier des vacances scolaires \u00e0 Rennes&hellip;\n","protected":false},"author":2,"featured_media":353327,"comment_status":"","ping_status":"","sticky":false,"template":"","format":"standard","meta":{"footnotes":""},"categories":[2821],"tags":[1111,11,829,1777,674,1011,27,12,584,25],"class_list":{"0":"post-353326","1":"post","2":"type-post","3":"status-publish","4":"format-standard","5":"has-post-thumbnail","7":"category-rennes","8":"tag-actu","9":"tag-actualites","10":"tag-bretagne","11":"tag-eu","12":"tag-europe","13":"tag-fr","14":"tag-france","15":"tag-news","16":"tag-rennes","17":"tag-republique-francaise"},"share_on_mastodon":{"url":"https:\/\/pubeurope.com\/@fr\/115114861816191956","error":""},"_links":{"self":[{"href":"https:\/\/www.europesays.com\/fr\/wp-json\/wp\/v2\/posts\/353326","targetHints":{"allow":["GET"]}}],"collection":[{"href":"https:\/\/www.europesays.com\/fr\/wp-json\/wp\/v2\/posts"}],"about":[{"href":"https:\/\/www.europesays.com\/fr\/wp-json\/wp\/v2\/types\/post"}],"author":[{"embeddable":true,"href":"https:\/\/www.europesays.com\/fr\/wp-json\/wp\/v2\/users\/2"}],"replies":[{"embeddable":true,"href":"https:\/\/www.europesays.com\/fr\/wp-json\/wp\/v2\/comments?post=353326"}],"version-history":[{"count":0,"href":"https:\/\/www.europesays.com\/fr\/wp-json\/wp\/v2\/posts\/353326\/revisions"}],"wp:featuredmedia":[{"embeddable":true,"href":"https:\/\/www.europesays.com\/fr\/wp-json\/wp\/v2\/media\/353327"}],"wp:attachment":[{"href":"https:\/\/www.europesays.com\/fr\/wp-json\/wp\/v2\/media?parent=353326"}],"wp:term":[{"taxonomy":"category","embeddable":true,"href":"https:\/\/www.europesays.com\/fr\/wp-json\/wp\/v2\/categories?post=353326"},{"taxonomy":"post_tag","embeddable":true,"href":"https:\/\/www.europesays.com\/fr\/wp-json\/wp\/v2\/tags?post=353326"}],"curies":[{"name":"wp","href":"https:\/\/api.w.org\/{rel}","templated":true}]}}