{"id":353342,"date":"2025-08-30T00:29:24","date_gmt":"2025-08-30T00:29:24","guid":{"rendered":"https:\/\/www.europesays.com\/fr\/353342\/"},"modified":"2025-08-30T00:29:24","modified_gmt":"2025-08-30T00:29:24","slug":"pres-de-bordeaux-deux-adolescentes-sont-mortes-percutees-par-un-train-apres-une-fugue","status":"publish","type":"post","link":"https:\/\/www.europesays.com\/fr\/353342\/","title":{"rendered":"Pr\u00e8s de Bordeaux, deux adolescentes sont mortes percut\u00e9es par un train apr\u00e8s une fugue"},"content":{"rendered":"<p class=\"mb-4 text-lg md:leading-8 break-words\">Mercredi 27 ao\u00fbt 2025, deux jeunes filles \u00e2g\u00e9es respectivement de 15 et 16 ans ont quitt\u00e9 ensemble leur domicile, \u00e0 Lormont. Alors qu&rsquo;elles se trouvaient chez leur p\u00e8re, elles se sont enfui dans la nuit. Apr\u00e8s avoir d\u00e9couvert leur disparition, le p\u00e8re a contact\u00e9 les forces de l&rsquo;ordre afin qu&rsquo;elles puissent se lancer \u00e0 leur recherche, relate Sud-Ouest, jeudi 28 ao\u00fbt 2025. Les heures passent et vers 7 heures du matin, un drame se produit. Les deux adolescentes se trouvaient dans un tunnel de la rue Mireport, \u00e0 Lormont, quand un train les a percut\u00e9es. Un peu plus t\u00f4t dans la soir\u00e9e, les deux adolescentes avaient publi\u00e9 sur les r\u00e9seaux sociaux des vid\u00e9os les montrant sur les voies ferroviaires.<\/p>\n<p class=\"mb-4 text-lg md:leading-8 break-words\">Tr\u00e8s inquiet, leur p\u00e8re est parti \u00e0 leur recherche en utilisant la fonctionnalit\u00e9 lui permettant de g\u00e9olocaliser le t\u00e9l\u00e9phone portable de l&rsquo;une d&rsquo;elles. C&rsquo;est ainsi qu&rsquo;il a retrouv\u00e9 leur trace dans ce tunnel. Le p\u00e8re de famille a lui-m\u00eame d\u00e9couvert les corps de deux jeunes filles, d\u00e9c\u00e9d\u00e9es dans cet accident de train. Rapidement, la police, les secours, les \u00e9quipes de la police technique et scientifique, mais aussi les pompes fun\u00e8bres sont arriv\u00e9s sur place. Une enqu\u00eate a \u00e9t\u00e9 ouverte afin de d\u00e9terminer les circonstances dans lesquelles est survenu ce grave accident. Cela permettra aussi de confirmer ou non la piste de la fugue. Les enqu\u00eateurs privil\u00e9gient, pour l&rsquo;heure, la piste accidentelle.<\/p>\n<p class=\"mb-4 text-lg md:leading-8 break-words\">Chaque ann\u00e9e, environ 40.000 enfants fuguent en France. Si cette piste n&rsquo;est pas confirm\u00e9e dans le (&#8230;)<\/p>\n<p class=\"mb-4 text-lg md:leading-8 break-words\">(&#8230;) <a href=\"https:\/\/www.femmeactuelle.fr\/actu\/news-actu\/pres-de-bordeaux-deux-adolescentes-mortes-percutees-par-un-train-apres-une-fugue-2197642\" rel=\"nofollow noopener\" target=\"_blank\" data-ylk=\"slk:Cliquez ici pour voir la suite;elm:context_link;itc:0;sec:content-canvas\" class=\"link \">Cliquez ici pour voir la suite<\/a><\/p>\n<p class=\"mb-4 text-lg md:leading-8 break-words\"><a href=\"https:\/\/www.femmeactuelle.fr\/actu\/news-actu\/deux-adolescentes-echappent-a-leurs-proxenetes-apres-que-l-une-d-elles-a-reussi-a-appeler-sa-mere-2192016\" rel=\"nofollow noopener\" target=\"_blank\" data-ylk=\"slk:Deux adolescentes \u00e9chappent \u00e0 leurs prox\u00e9n\u00e8tes apr\u00e8s que l&#039;une d&#039;elles a r\u00e9ussi \u00e0 appeler sa m\u00e8re;elm:context_link;itc:0;sec:content-canvas\" class=\"link \">Deux adolescentes \u00e9chappent \u00e0 leurs prox\u00e9n\u00e8tes apr\u00e8s que l&rsquo;une d&rsquo;elles a r\u00e9ussi \u00e0 appeler sa m\u00e8re<\/a><br \/><a href=\"https:\/\/www.femmeactuelle.fr\/actu\/news-actu\/montauban-une-adolescente-de-14-ans-est-meurt-fauchee-par-un-train-2169461\" rel=\"nofollow noopener\" target=\"_blank\" data-ylk=\"slk:Montauban : une adolescente de 14 ans meurt fauch\u00e9e par un train;elm:context_link;itc:0;sec:content-canvas\" class=\"link \">Montauban : une adolescente de 14 ans meurt fauch\u00e9e par un train<\/a><br \/><a href=\"https:\/\/www.femmeactuelle.fr\/actu\/news-actu\/la-loi-s-applique-a-tous-une-influenceuse-suivie-par-pres-de-deux-millions-de-personnes-condamnee-a-un-an-de-prison-ferme-2190553\" rel=\"nofollow noopener\" target=\"_blank\" data-ylk=\"slk:&quot;La loi s&#039;applique \u00e0 tous&quot;, une influenceuse suivie par pr\u00e8s de deux millions de personnes condamn\u00e9e \u00e0 un an de prison ferme;elm:context_link;itc:0;sec:content-canvas\" class=\"link \">\u00ab\u00a0La loi s&rsquo;applique \u00e0 tous\u00a0\u00bb, une influenceuse suivie par pr\u00e8s de deux millions de personnes condamn\u00e9e \u00e0 un an de prison ferme<\/a><br \/><a href=\"https:\/\/www.femmeactuelle.fr\/actu\/news-actu\/disparition-derwan-18-ans-dans-les-deux-sevres-pourquoi-ses-proches-rejettent-la-these-dune-fugue-2170714\" rel=\"nofollow noopener\" target=\"_blank\" data-ylk=\"slk:Disparition d&#039;Erwan, 18 ans, dans les Deux-S\u00e8vres : pourquoi ses proches rejettent la th\u00e8se d&#039;une fugue;elm:context_link;itc:0;sec:content-canvas\" class=\"link \">Disparition d&rsquo;Erwan, 18 ans, dans les Deux-S\u00e8vres : pourquoi ses proches rejettent la th\u00e8se d&rsquo;une fugue<\/a><br \/><a href=\"https:\/\/www.femmeactuelle.fr\/actu\/news-actu\/disparition-de-clara-et-helena-les-deux-adolescentes-retrouvees-deux-hommes-places-en-garde-a-vue-2187400\" rel=\"nofollow noopener\" target=\"_blank\" data-ylk=\"slk:Disparition de Clara et Helena : les deux adolescentes retrouv\u00e9es, deux hommes plac\u00e9s en garde \u00e0 vue;elm:context_link;itc:0;sec:content-canvas\" class=\"link \">Disparition de Clara et Helena : les deux adolescentes retrouv\u00e9es, deux hommes plac\u00e9s en garde \u00e0 vue<\/a><\/p>\n","protected":false},"excerpt":{"rendered":"Mercredi 27 ao\u00fbt 2025, deux jeunes filles \u00e2g\u00e9es respectivement de 15 et 16 ans ont quitt\u00e9 ensemble leur&hellip;\n","protected":false},"author":2,"featured_media":353343,"comment_status":"","ping_status":"","sticky":false,"template":"","format":"standard","meta":{"footnotes":""},"categories":[2817],"tags":[48981,1111,11,1997,1777,674,1011,27,17306,30417,12,2219,25],"class_list":{"0":"post-353342","1":"post","2":"type-post","3":"status-publish","4":"format-standard","5":"has-post-thumbnail","7":"category-bordeaux","8":"tag-accident-de-train","9":"tag-actu","10":"tag-actualites","11":"tag-bordeaux","12":"tag-eu","13":"tag-europe","14":"tag-fr","15":"tag-france","16":"tag-les-deux","17":"tag-lormont","18":"tag-news","19":"tag-nouvelle-aquitaine","20":"tag-republique-francaise"},"share_on_mastodon":{"url":"https:\/\/pubeurope.com\/@fr\/115114893777305595","error":""},"_links":{"self":[{"href":"https:\/\/www.europesays.com\/fr\/wp-json\/wp\/v2\/posts\/353342","targetHints":{"allow":["GET"]}}],"collection":[{"href":"https:\/\/www.europesays.com\/fr\/wp-json\/wp\/v2\/posts"}],"about":[{"href":"https:\/\/www.europesays.com\/fr\/wp-json\/wp\/v2\/types\/post"}],"author":[{"embeddable":true,"href":"https:\/\/www.europesays.com\/fr\/wp-json\/wp\/v2\/users\/2"}],"replies":[{"embeddable":true,"href":"https:\/\/www.europesays.com\/fr\/wp-json\/wp\/v2\/comments?post=353342"}],"version-history":[{"count":0,"href":"https:\/\/www.europesays.com\/fr\/wp-json\/wp\/v2\/posts\/353342\/revisions"}],"wp:featuredmedia":[{"embeddable":true,"href":"https:\/\/www.europesays.com\/fr\/wp-json\/wp\/v2\/media\/353343"}],"wp:attachment":[{"href":"https:\/\/www.europesays.com\/fr\/wp-json\/wp\/v2\/media?parent=353342"}],"wp:term":[{"taxonomy":"category","embeddable":true,"href":"https:\/\/www.europesays.com\/fr\/wp-json\/wp\/v2\/categories?post=353342"},{"taxonomy":"post_tag","embeddable":true,"href":"https:\/\/www.europesays.com\/fr\/wp-json\/wp\/v2\/tags?post=353342"}],"curies":[{"name":"wp","href":"https:\/\/api.w.org\/{rel}","templated":true}]}}