{"id":353346,"date":"2025-08-30T00:31:11","date_gmt":"2025-08-30T00:31:11","guid":{"rendered":"https:\/\/www.europesays.com\/fr\/353346\/"},"modified":"2025-08-30T00:31:11","modified_gmt":"2025-08-30T00:31:11","slug":"previsions-du-samedi-30-aout-2025-10","status":"publish","type":"post","link":"https:\/\/www.europesays.com\/fr\/353346\/","title":{"rendered":"pr\u00e9visions du samedi 30 ao\u00fbt 2025"},"content":{"rendered":"<p>Aujourd&rsquo;hui, c&rsquo;est sur un ciel tapiss\u00e9 de nuages qu&rsquo;il faudra compter \u00e0 Toulouse. La m\u00e9t\u00e9o sera ponctu\u00e9e par des pluies \u00e9parses. Il fera environ 20\u00b0C. Un vent d&rsquo;ouest soufflera doucement dans la matin\u00e9e. L&rsquo;apr\u00e8s-midi, le soleil sera dissimul\u00e9 derri\u00e8re des nuages. D&rsquo;un autre c\u00f4t\u00e9, la m\u00e9t\u00e9o va se r\u00e9chauffer avec une augmentation de plusieurs degr\u00e9s. Les valeurs afficheront entre 24 et 25\u00b0C. Le ciel va s&rsquo;\u00e9claircir dans la soir\u00e9e. Le passage de samedi \u00e0 dimanche se fera sous un ciel clair.<\/p>\n<p>Un beau soleil est pr\u00e9vu demain \u00e0 Toulouse. Un temps plus chaud est pr\u00e9vu \u00e9tant donn\u00e9 que les temp\u00e9ratures vont conna\u00eetre une hausse. Le thermom\u00e8tre affichera 23\u00b0C en moyenne. Un vent de sud-est rafra\u00eechira quelque peu l&rsquo;atmosph\u00e8re. Demain apr\u00e8s-midi, c&rsquo;est une hausse de plusieurs degr\u00e9s que vont enregistrer les temp\u00e9ratures. Ces valeurs seront comprises entre 22 et 29\u00b0C. La soir\u00e9e se passera sous un ciel mitig\u00e9, rythm\u00e9e par de petites averses. Les valeurs seront de 19\u00b0C.<\/p>\n<p>Un temps mitig\u00e9 est attendu les jours qui suivent. \u00c0 la suite d&rsquo;une journ\u00e9e pluvieuse lundi, on pr\u00e9voit une am\u00e9lioration mardi.<\/p>\n<p><\/p>\n","protected":false},"excerpt":{"rendered":"Aujourd&rsquo;hui, c&rsquo;est sur un ciel tapiss\u00e9 de nuages qu&rsquo;il faudra compter \u00e0 Toulouse. La m\u00e9t\u00e9o sera ponctu\u00e9e par&hellip;\n","protected":false},"author":2,"featured_media":353347,"comment_status":"","ping_status":"","sticky":false,"template":"","format":"standard","meta":{"footnotes":""},"categories":[2816],"tags":[1111,11,1777,674,1011,27,2722,2721,12,2680,2119,25,2312],"class_list":{"0":"post-353346","1":"post","2":"type-post","3":"status-publish","4":"format-standard","5":"has-post-thumbnail","7":"category-toulouse","8":"tag-actu","9":"tag-actualites","10":"tag-eu","11":"tag-europe","12":"tag-fr","13":"tag-france","14":"tag-haute-garonne","15":"tag-midi-pyrenees","16":"tag-news","17":"tag-occitanie","18":"tag-previsions-meteo","19":"tag-republique-francaise","20":"tag-toulouse"},"share_on_mastodon":{"url":"","error":""},"_links":{"self":[{"href":"https:\/\/www.europesays.com\/fr\/wp-json\/wp\/v2\/posts\/353346","targetHints":{"allow":["GET"]}}],"collection":[{"href":"https:\/\/www.europesays.com\/fr\/wp-json\/wp\/v2\/posts"}],"about":[{"href":"https:\/\/www.europesays.com\/fr\/wp-json\/wp\/v2\/types\/post"}],"author":[{"embeddable":true,"href":"https:\/\/www.europesays.com\/fr\/wp-json\/wp\/v2\/users\/2"}],"replies":[{"embeddable":true,"href":"https:\/\/www.europesays.com\/fr\/wp-json\/wp\/v2\/comments?post=353346"}],"version-history":[{"count":0,"href":"https:\/\/www.europesays.com\/fr\/wp-json\/wp\/v2\/posts\/353346\/revisions"}],"wp:featuredmedia":[{"embeddable":true,"href":"https:\/\/www.europesays.com\/fr\/wp-json\/wp\/v2\/media\/353347"}],"wp:attachment":[{"href":"https:\/\/www.europesays.com\/fr\/wp-json\/wp\/v2\/media?parent=353346"}],"wp:term":[{"taxonomy":"category","embeddable":true,"href":"https:\/\/www.europesays.com\/fr\/wp-json\/wp\/v2\/categories?post=353346"},{"taxonomy":"post_tag","embeddable":true,"href":"https:\/\/www.europesays.com\/fr\/wp-json\/wp\/v2\/tags?post=353346"}],"curies":[{"name":"wp","href":"https:\/\/api.w.org\/{rel}","templated":true}]}}