{"id":35335,"date":"2025-04-19T01:53:36","date_gmt":"2025-04-19T01:53:36","guid":{"rendered":"https:\/\/www.europesays.com\/fr\/35335\/"},"modified":"2025-04-19T01:53:36","modified_gmt":"2025-04-19T01:53:36","slug":"une-guinguette-rouvre-ses-portes-avec-un-nouveau-bar-au-bord-de-leau","status":"publish","type":"post","link":"https:\/\/www.europesays.com\/fr\/35335\/","title":{"rendered":"une guinguette rouvre ses portes avec un nouveau bar au bord de l&rsquo;eau"},"content":{"rendered":"<p>            Par<br \/>\n        <strong><br \/>\n            <a href=\"https:\/\/actu.fr\/auteur\/laure-gentil\" title=\"Consulter tous les articles de Laure Gentil\" rel=\"nofollow noopener\" target=\"_blank\">Laure Gentil<\/a><br \/>\n        <\/strong><\/p>\n<p>        Publi\u00e9 le<\/p>\n<p>            16 avr. 2025 \u00e0 15h59        <\/p>\n<p><strong>La Sabli\u00e8re<\/strong>, la guinguette de Sainte-Luce-sur-Loire, rouvre jeudi 17\u00a0avril 2025 pour une nouvelle saison estivale. Parmi les nouveaut\u00e9s de cette ann\u00e9e\u2009: <strong>un nouveau bar<\/strong> au bord de l\u2019eau.<\/p>\n<p>Nouvelle terrasse<\/p>\n<p class=\" wall-content\">Cette ann\u00e9e, la <strong>terrasse a \u00e9t\u00e9 agrandie<\/strong>\u2009: plus d\u2019espace pour profiter de la vue sur la Loire, ainsi qu\u2019un deuxi\u00e8me point de service pr\u00e8s de l\u2019eau.<\/p>\n<p class=\" wall-content\">La Sabli\u00e8re ouvre donc jeudi 17\u00a0avril \u00e0 midi, du jeudi au dimanche. Elle sera ouverte tous les jours en juillet et en ao\u00fbt. Du 1er au 14\u00a0septembre, la guinguette restera ouverte du jeudi au dimanche.<\/p>\n<p class=\" wall-content\"><strong>Vendredi 18\u00a0avril<\/strong>, les Luc\u00e9ens pourront f\u00eater l\u2019ouverture du lieu avec un <strong>concert<\/strong> de la fanfare Roller Toaster, \u00e0 partir de 20\u2009h.<\/p>\n<p>Vid\u00e9os : en ce moment sur ActuQuels sont les horaires d\u2019ouverture\u2009?<\/p>\n<ul class=\" wall-content\">\n<li>Du <strong>17\u00a0avril au 29\u00a0juin<\/strong> (et jours f\u00e9ri\u00e9s)\u2009: les jeudis de 17\u2009h \u00e0 23\u2009h et les vendredis, samedi et dimanche de 12\u2009h \u00e0 23\u2009h.<\/li>\n<li>Du<strong> 30\u00a0juin au 31\u00a0ao\u00fbt<\/strong>\u2009: tous les jours de 12\u2009h \u00e0 23\u2009h.<\/li>\n<li>Du <strong>1er au 14\u00a0septembre<\/strong>\u2009: les vendredis, samedi et dimanche de 12\u2009h \u00e0 23\u2009h.<\/li>\n<\/ul>\n<p>Informations pratiques\u2009: La Sabli\u00e8re, 1 all\u00e9e Robert Cheval, Sainte-Luce-sur-Loire.<\/p>\n<p class=\" wall-content\">Suivez toute l\u2019actualit\u00e9 de vos villes et m\u00e9dias favoris en vous inscrivant \u00e0 <a href=\"https:\/\/moncompte.actu.fr\" title=\"D\u00e9couvez Mon Actu\" rel=\"nofollow noopener\" data-trk=\"{&quot;cta&quot;:{&quot;action&quot;:&quot;https:\\\/\\\/moncompte.actu.fr&quot;,&quot;category&quot;:&quot;mon compte&quot;,&quot;from&quot;:&quot;article footer&quot;,&quot;name&quot;:&quot;Mon actu&quot;,&quot;type&quot;:&quot;cta&quot;}}\" target=\"_blank\">Mon Actu<\/a>.<\/p>\n","protected":false},"excerpt":{"rendered":"Par Laure Gentil Publi\u00e9 le 16 avr. 2025 \u00e0 15h59 La Sabli\u00e8re, la guinguette de Sainte-Luce-sur-Loire, rouvre jeudi&hellip;\n","protected":false},"author":2,"featured_media":35336,"comment_status":"","ping_status":"","sticky":false,"template":"","format":"standard","meta":{"footnotes":""},"categories":[2818],"tags":[1111,11,1777,674,1011,27,5691,1305,766,12,2636,25],"class_list":{"0":"post-35335","1":"post","2":"type-post","3":"status-publish","4":"format-standard","5":"has-post-thumbnail","7":"category-nantes","8":"tag-actu","9":"tag-actualites","10":"tag-eu","11":"tag-europe","12":"tag-fr","13":"tag-france","14":"tag-guinguette","15":"tag-lifestyle","16":"tag-nantes","17":"tag-news","18":"tag-pays-de-la-loire","19":"tag-republique-francaise"},"share_on_mastodon":{"url":"https:\/\/pubeurope.com\/@fr\/114362135657136515","error":""},"_links":{"self":[{"href":"https:\/\/www.europesays.com\/fr\/wp-json\/wp\/v2\/posts\/35335","targetHints":{"allow":["GET"]}}],"collection":[{"href":"https:\/\/www.europesays.com\/fr\/wp-json\/wp\/v2\/posts"}],"about":[{"href":"https:\/\/www.europesays.com\/fr\/wp-json\/wp\/v2\/types\/post"}],"author":[{"embeddable":true,"href":"https:\/\/www.europesays.com\/fr\/wp-json\/wp\/v2\/users\/2"}],"replies":[{"embeddable":true,"href":"https:\/\/www.europesays.com\/fr\/wp-json\/wp\/v2\/comments?post=35335"}],"version-history":[{"count":0,"href":"https:\/\/www.europesays.com\/fr\/wp-json\/wp\/v2\/posts\/35335\/revisions"}],"wp:featuredmedia":[{"embeddable":true,"href":"https:\/\/www.europesays.com\/fr\/wp-json\/wp\/v2\/media\/35336"}],"wp:attachment":[{"href":"https:\/\/www.europesays.com\/fr\/wp-json\/wp\/v2\/media?parent=35335"}],"wp:term":[{"taxonomy":"category","embeddable":true,"href":"https:\/\/www.europesays.com\/fr\/wp-json\/wp\/v2\/categories?post=35335"},{"taxonomy":"post_tag","embeddable":true,"href":"https:\/\/www.europesays.com\/fr\/wp-json\/wp\/v2\/tags?post=35335"}],"curies":[{"name":"wp","href":"https:\/\/api.w.org\/{rel}","templated":true}]}}