{"id":353351,"date":"2025-08-30T00:35:14","date_gmt":"2025-08-30T00:35:14","guid":{"rendered":"https:\/\/www.europesays.com\/fr\/353351\/"},"modified":"2025-08-30T00:35:14","modified_gmt":"2025-08-30T00:35:14","slug":"olympique-lyonnais-j3-deux-absences-pour-la-reception-de-lolympique-de-marseille","status":"publish","type":"post","link":"https:\/\/www.europesays.com\/fr\/353351\/","title":{"rendered":"Olympique Lyonnais &#8211; J3 : Deux absences pour la r\u00e9ception de l&rsquo;Olympique de Marseille"},"content":{"rendered":"<p><strong>Parfaitement lanc\u00e9 dans sa saison, avec deux succ\u00e8s<br \/>\ncons\u00e9cutifs, l\u2019Olympique Lyonnais s\u2019appr\u00eate \u00e0 disputer son premier<br \/>\nchoc avec la r\u00e9ception de l\u2019OM. Paulo Fonseca peut presque compter<br \/>\nsur un groupe au complet pour ce rendez-vous.<\/strong><\/p>\n<p>L\u2019Olympique Lyonnais aborde le 127e Olympico de son histoire<br \/>\navec de la confiance, r\u00e9sultante des deux victoires engrang\u00e9es de<br \/>\nfa\u00e7on cons\u00e9cutive ces deux derni\u00e8res semaines. Les six points<br \/>\nengrang\u00e9s lui permettent d\u2019ailleurs de se hisser \u00e0 la premi\u00e8re<br \/>\nplace du classement \u00e0 l\u2019aube de la troisi\u00e8me journ\u00e9e de Ligue 1,<br \/>\nque les Gones n\u2019abordent qu\u2019avec deux absences : <strong>Orel<br \/>\nMangala<\/strong> (genou) et <strong>Ernest Nuamah<\/strong> (genou),<br \/>\nles deux bless\u00e9s de longue date au sein de l\u2019effectif lyonnais.<\/p>\n<p>Le march\u00e9 des transferts peut-il avoir des cons\u00e9quences sur le<br \/>\ngroupe \u00e0 disposition de Paulo Fonseca et de son staff pour<br \/>\nl\u2019Olympico ? Le technicien portugais a r\u00e9fut\u00e9 cette possibilit\u00e9.<br \/>\nMalick Fofana et Georges Mikautadze devraient \u00eatre de la partie :<br \/>\n\u00ab\u00a0Je pense que oui. Je suis en train de pr\u00e9parer l\u2019\u00e9quipe<br \/>\npour faire jouer les joueurs. Je ne sais pas ce qu\u2019il va se passer<br \/>\n\u00e0 la fin du match, mais <strong>je suis en train de pr\u00e9parer le<br \/>\nmatch pour faire jouer ces deux joueurs\u00a0\u00bb<\/strong>, a<br \/>\nexpliqu\u00e9 l\u2019entra\u00eeneur lyonnais \u00e0 la presse ce vendredi, \u00e0 deux<br \/>\njours du coup d\u2019envoi de la rencontre qui opposera l\u2019Olympique<br \/>\nLyonnais \u00e0 l\u2019Olympique de Marseille dimanche (20h45).<\/p>\n","protected":false},"excerpt":{"rendered":"Parfaitement lanc\u00e9 dans sa saison, avec deux succ\u00e8s cons\u00e9cutifs, l\u2019Olympique Lyonnais s\u2019appr\u00eate \u00e0 disputer son premier choc avec&hellip;\n","protected":false},"author":2,"featured_media":353352,"comment_status":"","ping_status":"","sticky":false,"template":"","format":"standard","meta":{"footnotes":""},"categories":[2814],"tags":[1111,11,1777,674,1011,27,884,12,882,25],"class_list":{"0":"post-353351","1":"post","2":"type-post","3":"status-publish","4":"format-standard","5":"has-post-thumbnail","7":"category-marseille","8":"tag-actu","9":"tag-actualites","10":"tag-eu","11":"tag-europe","12":"tag-fr","13":"tag-france","14":"tag-marseille","15":"tag-news","16":"tag-provence-alpes-cote-dazur","17":"tag-republique-francaise"},"share_on_mastodon":{"url":"https:\/\/pubeurope.com\/@fr\/115114916171706920","error":""},"_links":{"self":[{"href":"https:\/\/www.europesays.com\/fr\/wp-json\/wp\/v2\/posts\/353351","targetHints":{"allow":["GET"]}}],"collection":[{"href":"https:\/\/www.europesays.com\/fr\/wp-json\/wp\/v2\/posts"}],"about":[{"href":"https:\/\/www.europesays.com\/fr\/wp-json\/wp\/v2\/types\/post"}],"author":[{"embeddable":true,"href":"https:\/\/www.europesays.com\/fr\/wp-json\/wp\/v2\/users\/2"}],"replies":[{"embeddable":true,"href":"https:\/\/www.europesays.com\/fr\/wp-json\/wp\/v2\/comments?post=353351"}],"version-history":[{"count":0,"href":"https:\/\/www.europesays.com\/fr\/wp-json\/wp\/v2\/posts\/353351\/revisions"}],"wp:featuredmedia":[{"embeddable":true,"href":"https:\/\/www.europesays.com\/fr\/wp-json\/wp\/v2\/media\/353352"}],"wp:attachment":[{"href":"https:\/\/www.europesays.com\/fr\/wp-json\/wp\/v2\/media?parent=353351"}],"wp:term":[{"taxonomy":"category","embeddable":true,"href":"https:\/\/www.europesays.com\/fr\/wp-json\/wp\/v2\/categories?post=353351"},{"taxonomy":"post_tag","embeddable":true,"href":"https:\/\/www.europesays.com\/fr\/wp-json\/wp\/v2\/tags?post=353351"}],"curies":[{"name":"wp","href":"https:\/\/api.w.org\/{rel}","templated":true}]}}