{"id":353373,"date":"2025-08-30T00:48:13","date_gmt":"2025-08-30T00:48:13","guid":{"rendered":"https:\/\/www.europesays.com\/fr\/353373\/"},"modified":"2025-08-30T00:48:13","modified_gmt":"2025-08-30T00:48:13","slug":"allemagne-linflation-ipch-accelere-plus-que-prevu-sur-un-an-en-aout","status":"publish","type":"post","link":"https:\/\/www.europesays.com\/fr\/353373\/","title":{"rendered":"Allemagne : L&rsquo;inflation IPCH acc\u00e9l\u00e8re plus que pr\u00e9vu sur un an en ao\u00fbt"},"content":{"rendered":"<p>                                               <a class=\"lb-zoom\" title=\"March\u00e9 : Allemagne-L&#039;inflation IPCH augmente \u00e0 2,1% sur un an en ao\u00fbt (\u00a9Reuters)\" href=\"https:\/\/www.tradingsat.com\/media\/pictures\/realsize\/news\/reuters\/2025\/2025-08-29T122142Z_1_LYNXMPEL7S0K2_RTROPTP_2_GERMANY-ECONOMY-CONSUMPTION.JPG\" rel=\"nofollow noopener\" target=\"_blank\"><img decoding=\"async\" src=\"https:\/\/www.europesays.com\/fr\/wp-content\/uploads\/2025\/08\/2025-08-29T122142Z_1_LYNXMPEL7S0K2_RTROPTP_2_GERMANY-ECONOMY-CONSUMPTION.JPG\" alt=\"March\u00e9 : Allemagne-L'inflation IPCH augmente \u00e0 2,1% sur un an en ao\u00fbt\" \/><\/a><\/p>\n<p>(Reuters) &#8211;     L&rsquo;inflation allemande calcul\u00e9e selon les normes europ\u00e9ennes (IPCH) a augment\u00e9 plus que pr\u00e9vu sur un an en ao\u00fbt, \u00e0 2,1%, montrent les donn\u00e9es pr\u00e9liminaires publi\u00e9es jeudi par l&rsquo;Office f\u00e9d\u00e9ral de la statistique.<\/p>\n<p>Les analystes interrog\u00e9s par Reuters anticipaient une hausse \u00e0 +2,0% en ao\u00fbt apr\u00e8s +1,8% en juillet.<\/p>\n<p>Sur un mois, l&rsquo;inflation IPCH a ralenti \u00e0 +0,1% en ao\u00fbt, alors que les analystes tablaient sur une stabilit\u00e9 apr\u00e8s une hausse de +0,4% en juillet.<\/p>\n<p>Ces donn\u00e9es pr\u00e9c\u00e8dent la publication mardi de l&rsquo;inflation dans la zone <a class=\"autotag link\" target=\"_blank\" href=\"https:\/\/forex.tradingsat.com\/cours-euro-dollar-FX0000EURUSD\/\" rel=\"nofollow noopener\">euro<\/a> qui, selon les \u00e9conomistes interrog\u00e9s par Reuters, devrait rester stable \u00e0 2,0% en ao\u00fbt.<\/p>\n<p>La Banque centrale europ\u00e9enne (BCE) a maintenu son taux directeur \u00e0 2% lors de sa derni\u00e8re r\u00e9union et devrait en faire de m\u00eame le mois prochain, avant que les discussions sur de nouvelles baisses ne reprennent probablement \u00e0 l&rsquo;automne, en particulier si l&rsquo;\u00e9conomie s&rsquo;affaiblit sous l&rsquo;effet des droits de douane am\u00e9ricains, ont indiqu\u00e9 des sources \u00e0 Reuters.<\/p>\n<p>L&rsquo;inflation sous-jacente en Allemagne, qui exclut les prix volatils de l&rsquo;alimentation et de l&rsquo;\u00e9nergie, est rest\u00e9e inchang\u00e9e \u00e0 2,7% en ao\u00fbt.<\/p>\n<p>(R\u00e9dig\u00e9 par Mara V\u00eelcu, avec Rachel More et Miranda Murray, \u00e9dit\u00e9 par Kate Entringer)<\/p>\n<p>Copyright \u00a9 2025 Thomson Reuters<\/p>\n","protected":false},"excerpt":{"rendered":"(Reuters) &#8211; L&rsquo;inflation allemande calcul\u00e9e selon les normes europ\u00e9ennes (IPCH) a augment\u00e9 plus que pr\u00e9vu sur un an&hellip;\n","protected":false},"author":2,"featured_media":353374,"comment_status":"","ping_status":"","sticky":false,"template":"","format":"standard","meta":{"footnotes":""},"categories":[1587],"tags":[11,672,1804,1805,1803,1777,674,1801,12,1802],"class_list":{"0":"post-353373","1":"post","2":"type-post","3":"status-publish","4":"format-standard","5":"has-post-thumbnail","7":"category-allemagne","8":"tag-actualites","9":"tag-allemagne","10":"tag-bundesrepublik-deutschland","11":"tag-de","12":"tag-deutschland","13":"tag-eu","14":"tag-europe","15":"tag-germany","16":"tag-news","17":"tag-republique-federale-dallemagne"},"share_on_mastodon":{"url":"https:\/\/pubeurope.com\/@fr\/115114967301936782","error":""},"_links":{"self":[{"href":"https:\/\/www.europesays.com\/fr\/wp-json\/wp\/v2\/posts\/353373","targetHints":{"allow":["GET"]}}],"collection":[{"href":"https:\/\/www.europesays.com\/fr\/wp-json\/wp\/v2\/posts"}],"about":[{"href":"https:\/\/www.europesays.com\/fr\/wp-json\/wp\/v2\/types\/post"}],"author":[{"embeddable":true,"href":"https:\/\/www.europesays.com\/fr\/wp-json\/wp\/v2\/users\/2"}],"replies":[{"embeddable":true,"href":"https:\/\/www.europesays.com\/fr\/wp-json\/wp\/v2\/comments?post=353373"}],"version-history":[{"count":0,"href":"https:\/\/www.europesays.com\/fr\/wp-json\/wp\/v2\/posts\/353373\/revisions"}],"wp:featuredmedia":[{"embeddable":true,"href":"https:\/\/www.europesays.com\/fr\/wp-json\/wp\/v2\/media\/353374"}],"wp:attachment":[{"href":"https:\/\/www.europesays.com\/fr\/wp-json\/wp\/v2\/media?parent=353373"}],"wp:term":[{"taxonomy":"category","embeddable":true,"href":"https:\/\/www.europesays.com\/fr\/wp-json\/wp\/v2\/categories?post=353373"},{"taxonomy":"post_tag","embeddable":true,"href":"https:\/\/www.europesays.com\/fr\/wp-json\/wp\/v2\/tags?post=353373"}],"curies":[{"name":"wp","href":"https:\/\/api.w.org\/{rel}","templated":true}]}}