{"id":353389,"date":"2025-08-30T00:57:13","date_gmt":"2025-08-30T00:57:13","guid":{"rendered":"https:\/\/www.europesays.com\/fr\/353389\/"},"modified":"2025-08-30T00:57:13","modified_gmt":"2025-08-30T00:57:13","slug":"us-open-f-rybakina-passe-paolini-trepasse","status":"publish","type":"post","link":"https:\/\/www.europesays.com\/fr\/353389\/","title":{"rendered":"US Open (F) : Rybakina passe, Paolini tr\u00e9passe"},"content":{"rendered":"<p class=\"date\">\n                                                            Cl\u00e9ment P\u00e9dron, Media365, publi\u00e9 le vendredi 29 ao\u00fbt 2025 \u00e0 23h50\n                                                    <\/p>\n<p>Vendredi en fin de journ\u00e9e, Elena Rybakina s&rsquo;est qualifi\u00e9e pour la premi\u00e8re fois en huiti\u00e8mes de finale ici \u00e0 l&rsquo;US Open apr\u00e8s sa victoire contre la laur\u00e9ate de l&rsquo;\u00e9dition 2021, Emma Raducanu. La Kazakhe affrontera Marketa Vondrousova, surprenante vainqueure de Jasmine Paolini.<\/p>\n<p>Pour la premi\u00e8re fois de sa carri\u00e8re, Elena Rybakina se hisse en huiti\u00e8mes de finale de l&rsquo;US Open ! La Kazakhe, qui avait pour habitude de rapidement quitter le tournoi, s&rsquo;est qualifi\u00e9e pour la suite de la comp\u00e9tition \u00e0 la faveur de sa victoire en deux sets (6-1, 6-2) et 1h02 de jeu. Et curieusement, la t\u00eate de s\u00e9rie N\u00b09, qui a toujours eu du mal \u00e0 performer \u00e0 Flushing Meadows, a battu une certaine Emma Raducanu, gagnante de l&rsquo;\u00e9dition 2021. Il \u00e9tait bien difficile de d\u00e9celer qui avait ses marques durant cette rencontre tellement elle a \u00e9t\u00e9 \u00e0 sens unique.<strong> La N\u00b010 au classement WTA a parfaitement men\u00e9 sa barque durant la partie malgr\u00e9 trois doubles fautes. En dehors de ce d\u00e9chet, Rybakina a \u00e9t\u00e9 tr\u00e8s efficace au service avec 86% de points gagn\u00e9s sur sa premi\u00e8re balle et 63% sur sa seconde.<\/strong> En 27 minutes de jeu, la laur\u00e9ate du tournoi de Strasbourg a parfaitement valid\u00e9 la premi\u00e8re manche face \u00e0 une Emma Raducanu incapable de trouver la parade. Et cette domination s&rsquo;est prolong\u00e9e au deuxi\u00e8me set o\u00f9 la Britannique n&rsquo;a jamais r\u00e9ussi \u00e0 ne serait-ce que disputer quelques points. Et en deux temps trois mouvements, Elena Rybakina a pli\u00e9 l&rsquo;affaire pour se hisser en huiti\u00e8mes de finale.<\/p>\n<p>La surprise Vondrousova<\/p>\n<p>La Kazakhe rencontrera Marketa Vondrousova au tour prochain. La Tch\u00e8que a en effet battu Jasmine Paolini, t\u00eate de s\u00e9rie N\u00b07, en 1h28 de jeu et deux petits sets (7-6(4), 6-1). <strong>La 60\u00e8me mondiale a parfaitement n\u00e9goci\u00e9 ce match, surtout lors de la deuxi\u00e8me manche et c&rsquo;est une surprise puisque l&rsquo;Italienne sortait d&rsquo;une finale \u00e0 Cincinnati.<\/strong> Parmi les autres rencontres de la journ\u00e9e, Jessica Pegula, t\u00eate de s\u00e9rie N\u00b04, s&rsquo;est qualifi\u00e9e pour la suite des op\u00e9rations gr\u00e2ce \u00e0 son succ\u00e8s contre Viktoria Azarenka en deux sets (6-1, 7-5) et 1h39 de jeu. Cristina Bucsa, 95\u00e8me \u00e0 la WTA a \u00e9galement fait sensation en s&rsquo;offrant Elise Mertens, t\u00eate de s\u00e9rie N\u00b019.<\/p>\n","protected":false},"excerpt":{"rendered":"Cl\u00e9ment P\u00e9dron, Media365, publi\u00e9 le vendredi 29 ao\u00fbt 2025 \u00e0 23h50 Vendredi en fin de journ\u00e9e, Elena Rybakina&hellip;\n","protected":false},"author":2,"featured_media":353390,"comment_status":"","ping_status":"","sticky":false,"template":"","format":"standard","meta":{"footnotes":""},"categories":[1415],"tags":[1011,27,60,1467],"class_list":{"0":"post-353389","1":"post","2":"type-post","3":"status-publish","4":"format-standard","5":"has-post-thumbnail","7":"category-tennis","8":"tag-fr","9":"tag-france","10":"tag-sports","11":"tag-tennis"},"share_on_mastodon":{"url":"https:\/\/pubeurope.com\/@fr\/115115002603723342","error":""},"_links":{"self":[{"href":"https:\/\/www.europesays.com\/fr\/wp-json\/wp\/v2\/posts\/353389","targetHints":{"allow":["GET"]}}],"collection":[{"href":"https:\/\/www.europesays.com\/fr\/wp-json\/wp\/v2\/posts"}],"about":[{"href":"https:\/\/www.europesays.com\/fr\/wp-json\/wp\/v2\/types\/post"}],"author":[{"embeddable":true,"href":"https:\/\/www.europesays.com\/fr\/wp-json\/wp\/v2\/users\/2"}],"replies":[{"embeddable":true,"href":"https:\/\/www.europesays.com\/fr\/wp-json\/wp\/v2\/comments?post=353389"}],"version-history":[{"count":0,"href":"https:\/\/www.europesays.com\/fr\/wp-json\/wp\/v2\/posts\/353389\/revisions"}],"wp:featuredmedia":[{"embeddable":true,"href":"https:\/\/www.europesays.com\/fr\/wp-json\/wp\/v2\/media\/353390"}],"wp:attachment":[{"href":"https:\/\/www.europesays.com\/fr\/wp-json\/wp\/v2\/media?parent=353389"}],"wp:term":[{"taxonomy":"category","embeddable":true,"href":"https:\/\/www.europesays.com\/fr\/wp-json\/wp\/v2\/categories?post=353389"},{"taxonomy":"post_tag","embeddable":true,"href":"https:\/\/www.europesays.com\/fr\/wp-json\/wp\/v2\/tags?post=353389"}],"curies":[{"name":"wp","href":"https:\/\/api.w.org\/{rel}","templated":true}]}}