{"id":353401,"date":"2025-08-30T01:04:11","date_gmt":"2025-08-30T01:04:11","guid":{"rendered":"https:\/\/www.europesays.com\/fr\/353401\/"},"modified":"2025-08-30T01:04:11","modified_gmt":"2025-08-30T01:04:11","slug":"les-plus-belles-maisons-dartistes-a-travers-le-monde-ouvertes-au-public","status":"publish","type":"post","link":"https:\/\/www.europesays.com\/fr\/353401\/","title":{"rendered":"Les plus belles maisons d&rsquo;artistes \u00e0 travers le monde \u2014 ouvertes au public"},"content":{"rendered":"<p>5 des plus belles maisons d&rsquo;artistes \u00e0 visiter \u00e0 travers le monde<\/p>\n<p>De La Casa Azul de Frida Kahlo au Mexique, \u00e0 la maison de Giverny de Monet en France, ces <a href=\"https:\/\/www.admagazine.fr\/galerie\/maisons-artistes-visiter-monde\" target=\"_blank\" rel=\"noopener\">maisons d&rsquo;artistes<\/a> offrent une exp\u00e9rience unique puisqu&rsquo;il s&rsquo;agit de replonger dans l&rsquo;univers et l&rsquo;histoire de chaque artistes. Entre ateliers, objets, jardins\u2026 On vous indique quelles maisons vous devez visiter au moins une fois dans votre vie.<\/p>\n<p>La Casa Azul de Frida Khalo au Mexique<\/p>\n<p>C&rsquo;est au c\u0153ur du quartier boh\u00e8me de Coyoac\u00e1n, \u00e0 <a data-offer-url=\"https:\/\/www.en-vols.com\/styles\/architecture\/villa-architecte-mexicain\/\" class=\"external-link\" data-event-click=\"{&quot;element&quot;:&quot;ExternalLink&quot;,&quot;outgoingURL&quot;:&quot;https:\/\/www.en-vols.com\/styles\/architecture\/villa-architecte-mexicain\/&quot;}\" href=\"https:\/\/www.en-vols.com\/styles\/architecture\/villa-architecte-mexicain\/\" rel=\"nofollow noopener\" target=\"_blank\">Mexico<\/a>, que se cache la Casa Azul, demeure embl\u00e9matique de <a href=\"https:\/\/www.admagazine.fr\/adactualites\/article\/frida-kahlo-se-raconte-au-palais-galliera\" target=\"_blank\" rel=\"noopener\">Frida Kahlo<\/a>. Construite au d\u00e9but du XXe si\u00e8cle par son p\u00e8re, l\u2019architecte Guillermo Kahlo, la maison se distingue pour ses murs d\u2019un bleu cobalt intense qui contrastent avec les tonalit\u00e9s chaudes des sols en terre cuite et des boiseries sombres. \u00c0 la fois maison familiale, atelier et refuge, elle fut le th\u00e9\u00e2tre de sa vie tumultueuse avec le peintre Diego Rivera, accueillant intellectuels et artistes de passage comme Trotski ou Andr\u00e9 Breton. \u00c0 l&rsquo;int\u00e9rieur, s\u2019ouvrent des <a href=\"https:\/\/www.admagazine.fr\/adinspiration\/article\/patio-amenager-prolonger-ete-maison\" target=\"_blank\" rel=\"noopener\">patios<\/a> int\u00e9rieurs luxuriants, ponctu\u00e9s de sculptures pr\u00e9colombiennes et de plantes tropicales, o\u00f9 l\u2019architecture vernaculaire mexicaine dialogue avec l\u2019art populaire. Aujourd\u2019hui transform\u00e9e en mus\u00e9e, la Casa Azul conserve intacte l\u2019atmosph\u00e8re intime et po\u00e9tique de Frida : ses pinceaux, ses corsets peints, et son lit \u00e0 baldaquin orn\u00e9 d\u2019un miroir o\u00f9 elle se repr\u00e9sentait lors de ses plus c\u00e9l\u00e8bres autoportraits. Plus qu\u2019une maison, un manifeste de toute l&rsquo;histoire de l&rsquo;artiste.<\/p>\n<p>Frida Khalo posant avec son chien au bord d&rsquo;une fen\u00eatre de la Casa Azul.<\/p>\n<p>Bettmann<\/p>\n<p>La maison de Frida Khalo fut aussi le th\u00e9\u00e2tre de sa relation tumultueuse avec Diego Riviera.<\/p>\n<p>picture alliance\/Getty Images<\/p>\n<p>La maison de Claude Monet, \u00e0 Giverny<\/p>\n<p>En Normandie, <a href=\"https:\/\/www.admagazine.fr\/art\/news\/diaporama\/giverny-le-refuge-onirique-du-peintre-claude-monet-rouvre-au-public\/61817\" target=\"_blank\" rel=\"noopener\">la maison de Claude Monet \u00e0 Giverny<\/a> respire la lumi\u00e8re de la campagne alentour et ce, \u00e0 l\u2019image de ses tableaux. Cette b\u00e2tisse aux volets verts et \u00e0 la fa\u00e7ade rose abrite des int\u00e9rieurs chaleureux o\u00f9 on trouve du jaune vif dans la salle \u00e0 manger et un bleu profond dans la cuisine r\u00e9v\u00e9lant ainsi son go\u00fbt audacieux pour les harmonies chromatiques. Ce n&rsquo;est pas seulement un simple lieu de vie, puisque la maison fut le laboratoire artistique du peintre\u2026 comme on l&rsquo;observe par ses c\u00e9l\u00e8bres jardins : le clos normand empli de fleurs et le bassin aux nymph\u00e9as, con\u00e7u comme une toile vivante. Visiter la demeure du peintre, c&rsquo;est entrer dans son intimit\u00e9, dans sa vision po\u00e9tique et le temps d&rsquo;un instant, se croire dans l&rsquo;une de ses \u0153uvres <a href=\"https:\/\/www.admagazine.fr\/art\/marche-art\/diaporama\/des-oeuvres-impressionnistes-et-modernes-aux-encheres-chez-aguttes\/61358\" target=\"_blank\" rel=\"noopener\">impressionniste<\/a>.<\/p>\n","protected":false},"excerpt":{"rendered":"5 des plus belles maisons d&rsquo;artistes \u00e0 visiter \u00e0 travers le monde De La Casa Azul de Frida&hellip;\n","protected":false},"author":2,"featured_media":353402,"comment_status":"","ping_status":"","sticky":false,"template":"","format":"standard","meta":{"footnotes":""},"categories":[1358],"tags":[3734,1348,1384,1385,1386,58,59,1011,27,44466,42517,13506],"class_list":{"0":"post-353401","1":"post","2":"type-post","3":"status-publish","4":"format-standard","5":"has-post-thumbnail","7":"category-arts-et-design","8":"tag-art","9":"tag-arts","10":"tag-arts-and-design","11":"tag-arts-et-design","12":"tag-design","13":"tag-divertissement","14":"tag-entertainment","15":"tag-fr","16":"tag-france","17":"tag-frida-kahlo","18":"tag-salvador-dali","19":"tag-yves-saint-laurent"},"share_on_mastodon":{"url":"https:\/\/pubeurope.com\/@fr\/115115030202251412","error":""},"_links":{"self":[{"href":"https:\/\/www.europesays.com\/fr\/wp-json\/wp\/v2\/posts\/353401","targetHints":{"allow":["GET"]}}],"collection":[{"href":"https:\/\/www.europesays.com\/fr\/wp-json\/wp\/v2\/posts"}],"about":[{"href":"https:\/\/www.europesays.com\/fr\/wp-json\/wp\/v2\/types\/post"}],"author":[{"embeddable":true,"href":"https:\/\/www.europesays.com\/fr\/wp-json\/wp\/v2\/users\/2"}],"replies":[{"embeddable":true,"href":"https:\/\/www.europesays.com\/fr\/wp-json\/wp\/v2\/comments?post=353401"}],"version-history":[{"count":0,"href":"https:\/\/www.europesays.com\/fr\/wp-json\/wp\/v2\/posts\/353401\/revisions"}],"wp:featuredmedia":[{"embeddable":true,"href":"https:\/\/www.europesays.com\/fr\/wp-json\/wp\/v2\/media\/353402"}],"wp:attachment":[{"href":"https:\/\/www.europesays.com\/fr\/wp-json\/wp\/v2\/media?parent=353401"}],"wp:term":[{"taxonomy":"category","embeddable":true,"href":"https:\/\/www.europesays.com\/fr\/wp-json\/wp\/v2\/categories?post=353401"},{"taxonomy":"post_tag","embeddable":true,"href":"https:\/\/www.europesays.com\/fr\/wp-json\/wp\/v2\/tags?post=353401"}],"curies":[{"name":"wp","href":"https:\/\/api.w.org\/{rel}","templated":true}]}}